{"id":147,"date":"2025-05-26T14:48:00","date_gmt":"2025-05-26T12:48:00","guid":{"rendered":"https:\/\/www.noguerranonato.org\/coordinamentonazionale\/?p=147"},"modified":"2025-06-13T21:11:56","modified_gmt":"2025-06-13T19:11:56","slug":"appello-a-potere-al-popolo-e-ai-promotori-della-campagna-stop-rearm-europe","status":"publish","type":"post","link":"https:\/\/www.noguerranonato.org\/coordinamentonazionale\/2025\/05\/26\/appello-a-potere-al-popolo-e-ai-promotori-della-campagna-stop-rearm-europe\/","title":{"rendered":"Appello a Potere al Popolo e ai promotori della campagna \u201cStop Rearm Europe\u201d"},"content":{"rendered":"\n<p><\/p>\n\n\n\n<p><strong>21 giugno a Roma: serve un corteo unitario!<\/strong><\/p>\n\n\n\n<p>21 maggio 2025<\/p>\n\n\n\n<p>La spirale della Terza guerra mondiale pu\u00f2 e deve essere fermata solo attraverso una decisa e continua lotta contro la partecipazione del nostro paese ai conflitti in corso, contro il sostegno allo Stato sionista d\u2019Israele deciso pi\u00f9 che mai a continuare lo sterminio del popolo palestinese, contro le politiche di riarmo dell\u2019UE e della NATO. <\/p>\n\n\n\n<p>Negli scorsi mesi c\u2019\u00e8 stata un\u2019ampia e sana reazione popolare e di forze politiche, sociali, sindacali alle politiche guerrafondaie che il governo Meloni promuove al soldo degli USA e dei vertici UE. Una reazione che ha vissuto nelle centinaia di iniziative di base diffuse nel paese in ogni citt\u00e0 e provincia, nelle mobilitazioni di piazza e presidi, nella giornata del 5 aprile a Roma promossa dal M5S che ha visto una partecipazione popolare ampia e variegata, il 12 aprile a Milano in solidariet\u00e0 con il popolo palestinese che ha visto 50.000 persone in piazza, il 25 aprile in cui molte citt\u00e0 si \u00e8 animata e sviluppata la contestazione ai tentativi di delegittimare il 25 aprile legittimando lo sterminio a Gaza e l\u2019invio di armi in Ucraina.<\/p>\n\n\n\n<p>Il prossimo 21 giugno a Roma sono state convocate due mobilitazioni nazionali: una, convocata da Potere al Popolo e altri organismi che hanno lanciato questa data a seguito dell\u2019assemblea del 13 aprile scorso a Roma; l\u2019altra, convocata dai promotori della campagna \u201cStop rearm Europe\u201d che risponde ad un appello di numerosi organismi europei ed \u00e8 stata lanciata in una riunione internazionale, partecipata da oltre 90 organismi, lo scorso 5 maggio.<\/p>\n\n\n\n<p>I firmatari di questo appello ritengono che due piazze per il prossimo 21 giugno a Roma sono inevitabilmente disgreganti e dispersive per l\u2019ampio e diffuso fermento popolare che cerca un riferimento e momenti di lotta unitari per scendere in piazza contro la guerra: per questo una frammentazione sarebbe inaccettabile. Per questo motivo l\u2019appello esplicito ai promotori delle due mobilitazioni \u00e8 quello di dialogare e convergere per confluire in una piazza unica che raccolga e valorizzi il malcontento e la volont\u00e0 di protesta e riscossa di larga parte della popolazione del nostro paese.<\/p>\n\n\n\n<p><strong>Una piazza unica, plurale, in cui ogni organismo possa portare i propri contenuti, bandiere, simboli e slogan al fine di rilanciare ulteriormente la lotta per fermare la Terza guerra mondiale in tutte le forme in cui si manifesta!<\/strong><\/p>\n\n\n\n<p><strong>Per una mobilitazione popolare, unitaria e di riscossa!<\/strong><\/p>\n\n\n\n<p>Chiediamo ad ogni organismo e singolo che intende sottoscrivere tale appello di farlo circolare e comunicare la propria adesione scrivendo a <a href=\"mailto:coordinamentonazionalenonato@proton.me\">coordinamentonazionalenonato@proton.me<\/a><\/p>\n\n\n\n<p>Firmatari:<\/p>\n\n\n\n<ul class=\"wp-block-list\">\n<li>Coordinamento Nazionale No Nato<\/li>\n\n\n\n<li>Brigate Verdi<\/li>\n\n\n\n<li>Generazioni Future<\/li>\n\n\n\n<li>Resistenza Radicale &#8211; azione nonviolenta<\/li>\n\n\n\n<li>Tavolo Uniti contro la guerra \u2013 Napoli<\/li>\n\n\n\n<li>Patrizia Morciano &#8211; Lecce<\/li>\n\n\n\n<li>AsSUR &#8211; Associazione Scuola Universit\u00e0 e Ricerca<\/li>\n\n\n\n<li>Roberto Villani &#8211; Direzione nazionale PRC, Comitato Politico Nazionale PRC<\/li>\n\n\n\n<li>Coordinamento della Marcia della Pace Tivoli Guidonia<\/li>\n\n\n\n<li>Coordinamento per la Pace Milano<\/li>\n\n\n\n<li>Peacelink<\/li>\n\n\n\n<li>Rete No War<\/li>\n\n\n\n<li>Collettivo Millepiani Arezzo<\/li>\n\n\n\n<li>ANVUI<\/li>\n\n\n\n<li>Elena Coccia, Avvocatessa, Napoli<\/li>\n\n\n\n<li>La Fucina per la Nonviolenza &#8211; Firenze<\/li>\n\n\n\n<li>Francesca Anna Perri, medico emergentista (Sanitari per Gaza Nazionale)<\/li>\n\n\n\n<li>Aldo Infantino , Angelo Giacomazzi, Antonella Pedrini, Giuseppe Lobascio, Maria Guido (Sanitari per Gaza Veneto)<\/li>\n\n\n\n<li>Matteo Rosellini, RSA USB Worsp di Pisa<\/li>\n\n\n\n<li>Marco Lenzoni RSU\/RLS coordinamento regionale USB-Sanit\u00e0 Toscana<\/li>\n\n\n\n<li>Roberta Leoni, insegnante<\/li>\n\n\n\n<li>Fulvio Grimaldi, giornalista<\/li>\n\n\n\n<li>Sandra Paganini<\/li>\n\n\n\n<li>Sinistra Libertaria<\/li>\n\n\n\n<li>Movimento Login<\/li>\n\n\n\n<li>Rete Mobilitazione Globale Pace<\/li>\n\n\n\n<li>Giuseppe Felici<\/li>\n\n\n\n<li>Rosario Marra<\/li>\n\n\n\n<li>Alessandro Capuzzo &#8211; Tavola per la Pace FVG<\/li>\n\n\n\n<li>Carlo Volpi, Firenze<\/li>\n\n\n\n<li>Coordinamento fiorentino contro il riarmo<\/li>\n\n\n\n<li>Circolo Rifondazione Comunista Viterbo<\/li>\n\n\n\n<li>Circolo Vegetariano VV.TT.<\/li>\n\n\n\n<li>Carlo Iozzi, RSU Valmet Tissue Converting &#8211; Lucca, AG Fiom Toscana<\/li>\n\n\n\n<li>Edoardo Todaro, Firenze<\/li>\n\n\n\n<li>Circolo PRC Valdarno Aretino<\/li>\n\n\n\n<li>Sergio Genini, Le Veglie Contro Le Morti in Mare &#8211; Milano<\/li>\n\n\n\n<li>Umberto Spallotta, Anzio<\/li>\n\n\n\n<li>Daniela Restelli<\/li>\n\n\n\n<li>Laura Setti, pensionata<\/li>\n\n\n\n<li>Mario Franzil, PRC<\/li>\n\n\n\n<li>Adriana De Mitri, Peacelink nodo di Lecce<\/li>\n\n\n\n<li>Partito dei CARC<\/li>\n\n\n\n<li>Tonia Guerra<\/li>\n\n\n\n<li>Circolo territoriale PRC della Piana Fiorentina &#8220;Teresa Mattei&#8221;<\/li>\n\n\n\n<li>Assopace Palestina<\/li>\n\n\n\n<li>PRC Federazione di Bologna<\/li>\n\n\n\n<li>Associazione &#8220;Schierarsi&#8221; Bologna<\/li>\n\n\n\n<li>Associazione culturale Russia-Emilia Romagna<\/li>\n\n\n\n<li>Rete Warfree &#8211; L\u00ecberu dae sa gherra<\/li>\n\n\n\n<li>Coordinamento Mezz&#8217;ora per la pace &#8211; Casale Monferrato<\/li>\n\n\n\n<li>Rita Nappi, insegnante in pensione<\/li>\n\n\n\n<li>Marco Giuseppe Toma, giornalista, RES-Radio Rete Ecosocialista Network\/Sinistra Libertaria<\/li>\n\n\n\n<li>Coordinamento Paradiso Bologna<\/li>\n\n\n\n<li>Associazione &#8220;Per non stare a guardare&#8221;<\/li>\n\n\n\n<li>Giuliano Donadoni, portavoce del Comitato PACE subito! &#8211; Bergamo<\/li>\n\n\n\n<li>Stefano Falomi<\/li>\n\n\n\n<li>Patrizia Cecconi, giornalista e scrittrice<\/li>\n\n\n\n<li>Michela Becchis<\/li>\n\n\n\n<li>Walter Tucci<\/li>\n\n\n\n<li>Centro di Ricerca ed Elaborazione per la Democrazia (CRED)<\/li>\n\n\n\n<li>Sindacato Sociale di Base<\/li>\n\n\n\n<li>Assemblea NoWar Valle del Sacco<\/li>\n\n\n\n<li>Partito Comunista Italiano<\/li>\n<\/ul>\n\n\n\n<p><\/p>\n","protected":false},"excerpt":{"rendered":"<p>21 giugno a Roma: serve un corteo unitario! 21 maggio 2025 La spirale della Terza guerra mondiale pu\u00f2 e deve essere fermata solo attraverso una decisa e continua lotta contro la partecipazione del nostro paese ai conflitti in corso, contro il sostegno allo Stato sionista d\u2019Israele deciso pi\u00f9 che mai a continuare lo sterminio del&hellip;&nbsp;<a href=\"https:\/\/www.noguerranonato.org\/coordinamentonazionale\/2025\/05\/26\/appello-a-potere-al-popolo-e-ai-promotori-della-campagna-stop-rearm-europe\/\" class=\"\" rel=\"bookmark\">Leggi tutto &raquo;<span class=\"screen-reader-text\">Appello a Potere al Popolo e ai promotori della campagna \u201cStop Rearm Europe\u201d<\/span><\/a><\/p>\n","protected":false},"author":10,"featured_media":127,"comment_status":"open","ping_status":"open","sticky":false,"template":"","format":"standard","meta":{"neve_meta_sidebar":"","neve_meta_container":"","neve_meta_enable_content_width":"","neve_meta_content_width":0,"neve_meta_title_alignment":"","neve_meta_author_avatar":"","neve_post_elements_order":"","neve_meta_disable_header":"","neve_meta_disable_footer":"","neve_meta_disable_title":"","footnotes":""},"categories":[1],"tags":[15,5,18,10,17,13],"class_list":["post-147","post","type-post","status-publish","format-standard","has-post-thumbnail","hentry","category-senza-categoria","tag-coordinamento-nazionale-no-nato","tag-guerra","tag-mobilitazione-nazionale","tag-no-nato","tag-no-rearm-europe","tag-roma"],"yoast_head":"<!-- This site is optimized with the Yoast SEO plugin v23.9 - https:\/\/yoast.com\/wordpress\/plugins\/seo\/ -->\n<title>Appello a Potere al Popolo e ai promotori della campagna \u201cStop Rearm Europe\u201d - Coordinamento Nazionale No NATO<\/title>\n<meta name=\"description\" content=\"I firmatari di questo appello ritengono che due piazze per il prossimo 21 giugno a Roma sono inevitabilmente disgreganti e dispersive per l\u2019ampio e diffuso fermento popolare che cerca un riferimento e momenti di lotta unitari per scendere in piazza contro la guerra: per questo una frammentazione sarebbe inaccettabile. Per questo motivo l\u2019appello esplicito ai promotori delle due mobilitazioni \u00e8 quello di dialogare e convergere per confluire in una piazza unica che raccolga e valorizzi il malcontento e la volont\u00e0 di protesta e riscossa di larga parte della popolazione del nostro paese.\" \/>\n<meta name=\"robots\" content=\"index, follow, max-snippet:-1, max-image-preview:large, max-video-preview:-1\" \/>\n<link rel=\"canonical\" href=\"https:\/\/www.noguerranonato.org\/coordinamentonazionale\/2025\/05\/26\/appello-a-potere-al-popolo-e-ai-promotori-della-campagna-stop-rearm-europe\/\" \/>\n<meta property=\"og:locale\" content=\"it_IT\" \/>\n<meta property=\"og:type\" content=\"article\" \/>\n<meta property=\"og:title\" content=\"Appello a Potere al Popolo e ai promotori della campagna \u201cStop Rearm Europe\u201d - Coordinamento Nazionale No NATO\" \/>\n<meta property=\"og:description\" content=\"I firmatari di questo appello ritengono che due piazze per il prossimo 21 giugno a Roma sono inevitabilmente disgreganti e dispersive per l\u2019ampio e diffuso fermento popolare che cerca un riferimento e momenti di lotta unitari per scendere in piazza contro la guerra: per questo una frammentazione sarebbe inaccettabile. Per questo motivo l\u2019appello esplicito ai promotori delle due mobilitazioni \u00e8 quello di dialogare e convergere per confluire in una piazza unica che raccolga e valorizzi il malcontento e la volont\u00e0 di protesta e riscossa di larga parte della popolazione del nostro paese.\" \/>\n<meta property=\"og:url\" content=\"https:\/\/www.noguerranonato.org\/coordinamentonazionale\/2025\/05\/26\/appello-a-potere-al-popolo-e-ai-promotori-della-campagna-stop-rearm-europe\/\" \/>\n<meta property=\"og:site_name\" content=\"Coordinamento Nazionale No NATO\" \/>\n<meta property=\"article:published_time\" content=\"2025-05-26T12:48:00+00:00\" \/>\n<meta property=\"article:modified_time\" content=\"2025-06-13T19:11:56+00:00\" \/>\n<meta property=\"og:image\" content=\"https:\/\/www.noguerranonato.org\/coordinamentonazionale\/wp-content\/uploads\/sites\/10\/2025\/04\/333.jpeg\" \/>\n\t<meta property=\"og:image:width\" content=\"1280\" \/>\n\t<meta property=\"og:image:height\" content=\"960\" \/>\n\t<meta property=\"og:image:type\" content=\"image\/jpeg\" \/>\n<meta name=\"author\" content=\"coordinamentonazionalenonato\" \/>\n<meta name=\"twitter:card\" content=\"summary_large_image\" \/>\n<meta name=\"twitter:label1\" content=\"Scritto da\" \/>\n\t<meta name=\"twitter:data1\" content=\"coordinamentonazionalenonato\" \/>\n\t<meta name=\"twitter:label2\" content=\"Tempo di lettura stimato\" \/>\n\t<meta name=\"twitter:data2\" content=\"5 minuti\" \/>\n<script type=\"application\/ld+json\" class=\"yoast-schema-graph\">{\"@context\":\"https:\/\/schema.org\",\"@graph\":[{\"@type\":\"WebPage\",\"@id\":\"https:\/\/www.noguerranonato.org\/coordinamentonazionale\/2025\/05\/26\/appello-a-potere-al-popolo-e-ai-promotori-della-campagna-stop-rearm-europe\/\",\"url\":\"https:\/\/www.noguerranonato.org\/coordinamentonazionale\/2025\/05\/26\/appello-a-potere-al-popolo-e-ai-promotori-della-campagna-stop-rearm-europe\/\",\"name\":\"Appello a Potere al Popolo e ai promotori della campagna \u201cStop Rearm Europe\u201d - Coordinamento Nazionale No NATO\",\"isPartOf\":{\"@id\":\"https:\/\/www.noguerranonato.org\/coordinamentonazionale\/#website\"},\"primaryImageOfPage\":{\"@id\":\"https:\/\/www.noguerranonato.org\/coordinamentonazionale\/2025\/05\/26\/appello-a-potere-al-popolo-e-ai-promotori-della-campagna-stop-rearm-europe\/#primaryimage\"},\"image\":{\"@id\":\"https:\/\/www.noguerranonato.org\/coordinamentonazionale\/2025\/05\/26\/appello-a-potere-al-popolo-e-ai-promotori-della-campagna-stop-rearm-europe\/#primaryimage\"},\"thumbnailUrl\":\"https:\/\/www.noguerranonato.org\/coordinamentonazionale\/wp-content\/uploads\/sites\/10\/2025\/04\/333.jpeg\",\"datePublished\":\"2025-05-26T12:48:00+00:00\",\"dateModified\":\"2025-06-13T19:11:56+00:00\",\"author\":{\"@id\":\"https:\/\/www.noguerranonato.org\/coordinamentonazionale\/#\/schema\/person\/4e6309bf3fd3234e6fd55148db7d393b\"},\"description\":\"I firmatari di questo appello ritengono che due piazze per il prossimo 21 giugno a Roma sono inevitabilmente disgreganti e dispersive per l\u2019ampio e diffuso fermento popolare che cerca un riferimento e momenti di lotta unitari per scendere in piazza contro la guerra: per questo una frammentazione sarebbe inaccettabile. Per questo motivo l\u2019appello esplicito ai promotori delle due mobilitazioni \u00e8 quello di dialogare e convergere per confluire in una piazza unica che raccolga e valorizzi il malcontento e la volont\u00e0 di protesta e riscossa di larga parte della popolazione del nostro paese.\",\"breadcrumb\":{\"@id\":\"https:\/\/www.noguerranonato.org\/coordinamentonazionale\/2025\/05\/26\/appello-a-potere-al-popolo-e-ai-promotori-della-campagna-stop-rearm-europe\/#breadcrumb\"},\"inLanguage\":\"it-IT\",\"potentialAction\":[{\"@type\":\"ReadAction\",\"target\":[\"https:\/\/www.noguerranonato.org\/coordinamentonazionale\/2025\/05\/26\/appello-a-potere-al-popolo-e-ai-promotori-della-campagna-stop-rearm-europe\/\"]}]},{\"@type\":\"ImageObject\",\"inLanguage\":\"it-IT\",\"@id\":\"https:\/\/www.noguerranonato.org\/coordinamentonazionale\/2025\/05\/26\/appello-a-potere-al-popolo-e-ai-promotori-della-campagna-stop-rearm-europe\/#primaryimage\",\"url\":\"https:\/\/www.noguerranonato.org\/coordinamentonazionale\/wp-content\/uploads\/sites\/10\/2025\/04\/333.jpeg\",\"contentUrl\":\"https:\/\/www.noguerranonato.org\/coordinamentonazionale\/wp-content\/uploads\/sites\/10\/2025\/04\/333.jpeg\",\"width\":1280,\"height\":960},{\"@type\":\"BreadcrumbList\",\"@id\":\"https:\/\/www.noguerranonato.org\/coordinamentonazionale\/2025\/05\/26\/appello-a-potere-al-popolo-e-ai-promotori-della-campagna-stop-rearm-europe\/#breadcrumb\",\"itemListElement\":[{\"@type\":\"ListItem\",\"position\":1,\"name\":\"Home\",\"item\":\"https:\/\/www.noguerranonato.org\/coordinamentonazionale\/\"},{\"@type\":\"ListItem\",\"position\":2,\"name\":\"Appello a Potere al Popolo e ai promotori della campagna \u201cStop Rearm Europe\u201d\"}]},{\"@type\":\"WebSite\",\"@id\":\"https:\/\/www.noguerranonato.org\/coordinamentonazionale\/#website\",\"url\":\"https:\/\/www.noguerranonato.org\/coordinamentonazionale\/\",\"name\":\"Coordinamento Nazionale No NATO\",\"description\":\"\",\"potentialAction\":[{\"@type\":\"SearchAction\",\"target\":{\"@type\":\"EntryPoint\",\"urlTemplate\":\"https:\/\/www.noguerranonato.org\/coordinamentonazionale\/?s={search_term_string}\"},\"query-input\":{\"@type\":\"PropertyValueSpecification\",\"valueRequired\":true,\"valueName\":\"search_term_string\"}}],\"inLanguage\":\"it-IT\"},{\"@type\":\"Person\",\"@id\":\"https:\/\/www.noguerranonato.org\/coordinamentonazionale\/#\/schema\/person\/4e6309bf3fd3234e6fd55148db7d393b\",\"name\":\"coordinamentonazionalenonato\",\"image\":{\"@type\":\"ImageObject\",\"inLanguage\":\"it-IT\",\"@id\":\"https:\/\/www.noguerranonato.org\/coordinamentonazionale\/#\/schema\/person\/image\/\",\"url\":\"https:\/\/secure.gravatar.com\/avatar\/a2d56e6244e0be2c5394c36d1275265d?s=96&d=mm&r=g\",\"contentUrl\":\"https:\/\/secure.gravatar.com\/avatar\/a2d56e6244e0be2c5394c36d1275265d?s=96&d=mm&r=g\",\"caption\":\"coordinamentonazionalenonato\"},\"url\":\"https:\/\/www.noguerranonato.org\/coordinamentonazionale\/author\/coordinamentonazionale\/\"}]}<\/script>\n<!-- \/ Yoast SEO plugin. -->","yoast_head_json":{"title":"Appello a Potere al Popolo e ai promotori della campagna \u201cStop Rearm Europe\u201d - Coordinamento Nazionale No NATO","description":"I firmatari di questo appello ritengono che due piazze per il prossimo 21 giugno a Roma sono inevitabilmente disgreganti e dispersive per l\u2019ampio e diffuso fermento popolare che cerca un riferimento e momenti di lotta unitari per scendere in piazza contro la guerra: per questo una frammentazione sarebbe inaccettabile. Per questo motivo l\u2019appello esplicito ai promotori delle due mobilitazioni \u00e8 quello di dialogare e convergere per confluire in una piazza unica che raccolga e valorizzi il malcontento e la volont\u00e0 di protesta e riscossa di larga parte della popolazione del nostro paese.","robots":{"index":"index","follow":"follow","max-snippet":"max-snippet:-1","max-image-preview":"max-image-preview:large","max-video-preview":"max-video-preview:-1"},"canonical":"https:\/\/www.noguerranonato.org\/coordinamentonazionale\/2025\/05\/26\/appello-a-potere-al-popolo-e-ai-promotori-della-campagna-stop-rearm-europe\/","og_locale":"it_IT","og_type":"article","og_title":"Appello a Potere al Popolo e ai promotori della campagna \u201cStop Rearm Europe\u201d - Coordinamento Nazionale No NATO","og_description":"I firmatari di questo appello ritengono che due piazze per il prossimo 21 giugno a Roma sono inevitabilmente disgreganti e dispersive per l\u2019ampio e diffuso fermento popolare che cerca un riferimento e momenti di lotta unitari per scendere in piazza contro la guerra: per questo una frammentazione sarebbe inaccettabile. Per questo motivo l\u2019appello esplicito ai promotori delle due mobilitazioni \u00e8 quello di dialogare e convergere per confluire in una piazza unica che raccolga e valorizzi il malcontento e la volont\u00e0 di protesta e riscossa di larga parte della popolazione del nostro paese.","og_url":"https:\/\/www.noguerranonato.org\/coordinamentonazionale\/2025\/05\/26\/appello-a-potere-al-popolo-e-ai-promotori-della-campagna-stop-rearm-europe\/","og_site_name":"Coordinamento Nazionale No NATO","article_published_time":"2025-05-26T12:48:00+00:00","article_modified_time":"2025-06-13T19:11:56+00:00","og_image":[{"width":1280,"height":960,"url":"https:\/\/www.noguerranonato.org\/coordinamentonazionale\/wp-content\/uploads\/sites\/10\/2025\/04\/333.jpeg","type":"image\/jpeg"}],"author":"coordinamentonazionalenonato","twitter_card":"summary_large_image","twitter_misc":{"Scritto da":"coordinamentonazionalenonato","Tempo di lettura stimato":"5 minuti"},"schema":{"@context":"https:\/\/schema.org","@graph":[{"@type":"WebPage","@id":"https:\/\/www.noguerranonato.org\/coordinamentonazionale\/2025\/05\/26\/appello-a-potere-al-popolo-e-ai-promotori-della-campagna-stop-rearm-europe\/","url":"https:\/\/www.noguerranonato.org\/coordinamentonazionale\/2025\/05\/26\/appello-a-potere-al-popolo-e-ai-promotori-della-campagna-stop-rearm-europe\/","name":"Appello a Potere al Popolo e ai promotori della campagna \u201cStop Rearm Europe\u201d - Coordinamento Nazionale No NATO","isPartOf":{"@id":"https:\/\/www.noguerranonato.org\/coordinamentonazionale\/#website"},"primaryImageOfPage":{"@id":"https:\/\/www.noguerranonato.org\/coordinamentonazionale\/2025\/05\/26\/appello-a-potere-al-popolo-e-ai-promotori-della-campagna-stop-rearm-europe\/#primaryimage"},"image":{"@id":"https:\/\/www.noguerranonato.org\/coordinamentonazionale\/2025\/05\/26\/appello-a-potere-al-popolo-e-ai-promotori-della-campagna-stop-rearm-europe\/#primaryimage"},"thumbnailUrl":"https:\/\/www.noguerranonato.org\/coordinamentonazionale\/wp-content\/uploads\/sites\/10\/2025\/04\/333.jpeg","datePublished":"2025-05-26T12:48:00+00:00","dateModified":"2025-06-13T19:11:56+00:00","author":{"@id":"https:\/\/www.noguerranonato.org\/coordinamentonazionale\/#\/schema\/person\/4e6309bf3fd3234e6fd55148db7d393b"},"description":"I firmatari di questo appello ritengono che due piazze per il prossimo 21 giugno a Roma sono inevitabilmente disgreganti e dispersive per l\u2019ampio e diffuso fermento popolare che cerca un riferimento e momenti di lotta unitari per scendere in piazza contro la guerra: per questo una frammentazione sarebbe inaccettabile. Per questo motivo l\u2019appello esplicito ai promotori delle due mobilitazioni \u00e8 quello di dialogare e convergere per confluire in una piazza unica che raccolga e valorizzi il malcontento e la volont\u00e0 di protesta e riscossa di larga parte della popolazione del nostro paese.","breadcrumb":{"@id":"https:\/\/www.noguerranonato.org\/coordinamentonazionale\/2025\/05\/26\/appello-a-potere-al-popolo-e-ai-promotori-della-campagna-stop-rearm-europe\/#breadcrumb"},"inLanguage":"it-IT","potentialAction":[{"@type":"ReadAction","target":["https:\/\/www.noguerranonato.org\/coordinamentonazionale\/2025\/05\/26\/appello-a-potere-al-popolo-e-ai-promotori-della-campagna-stop-rearm-europe\/"]}]},{"@type":"ImageObject","inLanguage":"it-IT","@id":"https:\/\/www.noguerranonato.org\/coordinamentonazionale\/2025\/05\/26\/appello-a-potere-al-popolo-e-ai-promotori-della-campagna-stop-rearm-europe\/#primaryimage","url":"https:\/\/www.noguerranonato.org\/coordinamentonazionale\/wp-content\/uploads\/sites\/10\/2025\/04\/333.jpeg","contentUrl":"https:\/\/www.noguerranonato.org\/coordinamentonazionale\/wp-content\/uploads\/sites\/10\/2025\/04\/333.jpeg","width":1280,"height":960},{"@type":"BreadcrumbList","@id":"https:\/\/www.noguerranonato.org\/coordinamentonazionale\/2025\/05\/26\/appello-a-potere-al-popolo-e-ai-promotori-della-campagna-stop-rearm-europe\/#breadcrumb","itemListElement":[{"@type":"ListItem","position":1,"name":"Home","item":"https:\/\/www.noguerranonato.org\/coordinamentonazionale\/"},{"@type":"ListItem","position":2,"name":"Appello a Potere al Popolo e ai promotori della campagna \u201cStop Rearm Europe\u201d"}]},{"@type":"WebSite","@id":"https:\/\/www.noguerranonato.org\/coordinamentonazionale\/#website","url":"https:\/\/www.noguerranonato.org\/coordinamentonazionale\/","name":"Coordinamento Nazionale No NATO","description":"","potentialAction":[{"@type":"SearchAction","target":{"@type":"EntryPoint","urlTemplate":"https:\/\/www.noguerranonato.org\/coordinamentonazionale\/?s={search_term_string}"},"query-input":{"@type":"PropertyValueSpecification","valueRequired":true,"valueName":"search_term_string"}}],"inLanguage":"it-IT"},{"@type":"Person","@id":"https:\/\/www.noguerranonato.org\/coordinamentonazionale\/#\/schema\/person\/4e6309bf3fd3234e6fd55148db7d393b","name":"coordinamentonazionalenonato","image":{"@type":"ImageObject","inLanguage":"it-IT","@id":"https:\/\/www.noguerranonato.org\/coordinamentonazionale\/#\/schema\/person\/image\/","url":"https:\/\/secure.gravatar.com\/avatar\/a2d56e6244e0be2c5394c36d1275265d?s=96&d=mm&r=g","contentUrl":"https:\/\/secure.gravatar.com\/avatar\/a2d56e6244e0be2c5394c36d1275265d?s=96&d=mm&r=g","caption":"coordinamentonazionalenonato"},"url":"https:\/\/www.noguerranonato.org\/coordinamentonazionale\/author\/coordinamentonazionale\/"}]}},"_links":{"self":[{"href":"https:\/\/www.noguerranonato.org\/coordinamentonazionale\/wp-json\/wp\/v2\/posts\/147"}],"collection":[{"href":"https:\/\/www.noguerranonato.org\/coordinamentonazionale\/wp-json\/wp\/v2\/posts"}],"about":[{"href":"https:\/\/www.noguerranonato.org\/coordinamentonazionale\/wp-json\/wp\/v2\/types\/post"}],"author":[{"embeddable":true,"href":"https:\/\/www.noguerranonato.org\/coordinamentonazionale\/wp-json\/wp\/v2\/users\/10"}],"replies":[{"embeddable":true,"href":"https:\/\/www.noguerranonato.org\/coordinamentonazionale\/wp-json\/wp\/v2\/comments?post=147"}],"version-history":[{"count":40,"href":"https:\/\/www.noguerranonato.org\/coordinamentonazionale\/wp-json\/wp\/v2\/posts\/147\/revisions"}],"predecessor-version":[{"id":222,"href":"https:\/\/www.noguerranonato.org\/coordinamentonazionale\/wp-json\/wp\/v2\/posts\/147\/revisions\/222"}],"wp:featuredmedia":[{"embeddable":true,"href":"https:\/\/www.noguerranonato.org\/coordinamentonazionale\/wp-json\/wp\/v2\/media\/127"}],"wp:attachment":[{"href":"https:\/\/www.noguerranonato.org\/coordinamentonazionale\/wp-json\/wp\/v2\/media?parent=147"}],"wp:term":[{"taxonomy":"category","embeddable":true,"href":"https:\/\/www.noguerranonato.org\/coordinamentonazionale\/wp-json\/wp\/v2\/categories?post=147"},{"taxonomy":"post_tag","embeddable":true,"href":"https:\/\/www.noguerranonato.org\/coordinamentonazionale\/wp-json\/wp\/v2\/tags?post=147"}],"curies":[{"name":"wp","href":"https:\/\/api.w.org\/{rel}","templated":true}]}}