{"id":213,"date":"2025-06-09T10:51:13","date_gmt":"2025-06-09T08:51:13","guid":{"rendered":"https:\/\/www.noguerranonato.org\/coordinamentonazionale\/?p=213"},"modified":"2025-06-09T10:51:30","modified_gmt":"2025-06-09T08:51:30","slug":"fermare-la-terza-guerra-mondiale","status":"publish","type":"post","link":"https:\/\/www.noguerranonato.org\/coordinamentonazionale\/2025\/06\/09\/fermare-la-terza-guerra-mondiale\/","title":{"rendered":"Giochi di guerra e provocazioni NATO: fermare i promotori della Terza guerra mondiale"},"content":{"rendered":"\n<p><\/p>\n\n\n\n<p>All\u2019Aia dal 24 al 26 giugno ci sar\u00e0 il vertice Nato il cui obiettivo sar\u00e0 chiedere ai Paesi membri di destinare tra il 3,5 e il 5% del Pil alla spesa militare, ossia si decider\u00e0 come e quanto i paesi Nato e loro partner dovranno investire nella promozione della Terza guerra mondiale. A preparare il vertice Nato, nelle ultime settimane si sono tenute imponenti esercitazioni tutte volte a preparare ulteriormente gli eserciti Nato a fronteggiare la Federazione Russa e in generale a quelli che gli analisti Nato definiscono \u201cnuovi e sempre pi\u00f9 plausibili scenari di guerra\u201d.<\/p>\n\n\n\n<p><em>L\u2019esercitazione <\/em><em>Exercise Hedgehog 2025 <\/em>si \u00e8 da poco conclusa, iniziata il 5 maggio. Ha coinvolto undici nazioni Nato in Estonia: Stati Uniti, Germania, Regno Unito, Francia, Canada, Lettonia, Finlandia, Svezia, Danimarca, Polonia e Portogallo. Ma non solo, perch\u00e9 erano presenti anche come figure di \u201cosservatori\u201d il Giappone e, soprattutto, l\u2019Ucraina e Israele. I soldati impegnati nell\u2019esercitazione sono stati 16 mila.<\/p>\n\n\n\n<p>A 100 chilometri dal confine russo, in Finlandia, si \u00e8 tenuta dal 1\u00b0 al 31 maggio, con 6.500 militari coinvolti, l\u2019operazione <em>Norther Strike 125<\/em> dello stesso esercito finlandese insieme con quelli svedese e britannico, impegnati nell\u2019uso di droni per la ricognizione, obici e sistemi di artiglieria a lungo raggio.<\/p>\n\n\n\n<p><em>Defender 2025<\/em> \u00e8 in corso dall\u201911 maggio e terminer\u00e0 il 24 giugno. Si sta tenendo in Finlandia, Lettonia, Lituania, Norvegia e Svezia. Mobilitati 25 mila militari di ventinove nazioni. Di questa enorme esercitazione fa parte l\u2019operazione <em>Swift Response 2025<\/em> che riguarda solo la Lituania e 1.650 paracadutisti d\u2019\u00e9lite di Germania, Francia, Paesi Bassi e Italia: la Folgore ha partecipato a un lancio di massa dai velivoli C130 italiani il 16 maggio scorso. Si tratta di addestramento al combattimento su larga scala, pi\u00f9 precisamente per essere pronti a \u201cproiettare rapidamente la propria forza di ingresso in zona ostile senza preavviso\u201d. A dimostrazione dell&#8217;impegno del governo Meloni per la buona riuscita dei colloqui di pace!<\/p>\n\n\n\n<p>Queste sono soltanto le operazioni in corso pi\u00f9 massicce e importanti della Nato, a cui si aggiunge l\u2019esercitazione <em>Immediate response 2025<\/em>. Durer\u00e0 fino ad oggi 9 giugno e ha coinvolto Italia, Stati Uniti, Regno Unito, Grecia, Croazia, Bulgaria, Slovacchia, Albania, Macedonia del Nord e Montenegro, oltre a due Paesi non membri della Nato: Austria e Kosovo. Il teatro d\u2019azione \u00e8 stato la Grecia e il Mediterraneo dove la Nato ha simulato operazioni di guerra contro navi e sottomarini della Federazione Russa, in linea con quanto affermato a gennaio scorso dal segretario generale della Nato, Mark Rutte: \u201cAbbiamo piani militari solidi, la prontezza delle nostre forze \u00e8 aumentata, le esercitazioni militari sono pi\u00f9 grandi e pi\u00f9 frequenti. Tutto questo \u00e8 essenziale, ma non \u00e8 sufficiente per affrontare i pericoli che ci attendono nei prossimi quattro o cinque anni. Lo ripeto: per prevenire la guerra dobbiamo prepararci. \u00c8 tempo di passare a una mentalit\u00e0 da tempo di guerra. Questo significa che dobbiamo rafforzare ulteriormente le nostre difese, investendo di pi\u00f9 nella difesa e producendo maggiori e migliori capacit\u00e0 difensive\u201d.<\/p>\n\n\n\n<p>Tutto questo, mentre il regime di Kiev con l\u2019appoggio informativo, militare e organizzativo dell\u2019intelligence NATO attacca ben tre basi strategiche (nucleari) della Federazione Russa e compie due attentati terroristici contro infrastrutture civili alla vigilia dell\u2019avvio delle trattative ad Istanbul.<\/p>\n\n\n\n<p>Tutto questo mentre Germania, Francia, Regno Unito e USA decidono di stoppare le <a href=\"https:\/\/www.lindipendente.online\/2025\/05\/27\/germania-stop-alle-restrizioni-sulluso-delle-armi-a-lungo-raggio-a-kiev\/\">restrizioni sull\u2019uso delle armi a lungo raggio a Kiev<\/a> per poter colpire il territorio della Federazione Russa pi\u00f9 in profondit\u00e0, cos\u00ec come annunciato dal cancelliere tedesco Friedrich Merz il quale, insieme a tale dichiarazione, ha garantito una fornitura di missili a lungo raggio Taurus all\u2019Ucraina.<\/p>\n\n\n\n<p>A Mark Rutte e alle dichiarazioni di Merz fa eco il nostrano Ministro della Difesa Crosetto, che da buon rappresentante dell\u2019industria militare presenta il piano di riarmo e guerra Made in Italy: una riserva che possa attingere anche a &#8220;personale privo di pregresse esperienze militari&#8221;, lo stanziamento di dieci miliardi di euro per raggiungere il 2% del Pil per la spesa militare nel pi\u00f9 breve tempo possibile, il raddoppio della produzione di missili per il sistema Samp-T, a cui si aggiunge la \u201cpromozione della cultura della Difesa\u201d, quindi pi\u00f9 militari nelle scuole, nelle piazze, negli eventi pubblici e in vari altri contesti civili.<\/p>\n\n\n\n<p>Ma non basta, per Crosetto \u00e8 necessario che l\u2019Italia assuma un maggiore ruolo nelle decisioni sulle missioni all&#8217;estero smettendo di essere solo una <em>troops contributing nation<\/em>: insomma, per Crosetto l\u2019Italia non deve solo eseguire gli ordini, deve anche decidere quali popoli bombardare. Una bella dimostrazione di sovranismo in barba a chi ci vuole sottomessi agli Usa e all\u2019UE e ai loro piani di guerra!<\/p>\n\n\n\n<p>\u00c8 giunto il momento di farla finita con la casta di mercanti di morte che governa il paese. \u00c8 giunto il momento di far saltare i piani dei guerrafondai Usa-Nato e UE e dei sionisti israeliani. \u00c8 giunto il momento di liberarci dal cancro rappresentato dai promotori della Terza guerra mondiale. Serve una vera e propria lotta di liberazione che deve partire da ogni territorio e convergere in un\u2019unica mobilitazione generale a cui lavorare con pazienza, dedizione, alimentando la solidariet\u00e0, superando gli steccati del settarismo e della concorrenza e sviluppando sempre di pi\u00f9 il coordinamento delle forze antimperialiste e pacifiste del nostro paese. \u00c8 possibile farlo a partire dal prossimo 21 giugno a Roma, in cui serve impegnarsi per un\u2019unica mobilitazione. C\u2019\u00e8 ancora tempo per accordarsi e impedire la frammentazione di una piazza che pu\u00f2 raccogliere il crescente malcontento popolare e la voglia di ribellione e protesta per fermare la Terza guerra mondiale.<\/p>\n\n\n\n<p><strong>Facciamo del 21 giugno una giornata di mobilitazione nazionale unitaria contro la Nato, il governo Meloni, i piani di riarmo europei e per fermare la Terza guerra mondiale:<\/strong><\/p>\n\n\n\n<p><strong>&#8211; ore 10.00<\/strong><strong>: ASSEMBLEA PUBBLICA \u201c<\/strong><strong>FERMARE LA TERZA GUERRA MONDIALE E CHI LA PROMUOVE!\u201d &#8211; <\/strong><strong>Sede UAAR, via Francesco Negri, 67\/69 \u2013 Roma;<\/strong><\/p>\n\n\n\n<p><strong>&#8211; <\/strong><strong>dalle <\/strong><strong>ore 14.00<\/strong><strong>: tutti in piazza con lo spezzone del Coordinamento Nazionale No Nato!<\/strong><\/p>\n\n\n\n<p><strong>Coordinamento Nazionale No Nato<\/strong><\/p>\n\n\n\n<p><\/p>\n\n\n\n<p><em>Telegram<\/em> &#8211; <a href=\"https:\/\/t.me\/CoordNazNoNATO\">https:\/\/t.me\/CoordNazNoNATO<\/a><\/p>\n\n\n\n<p><em>Contatto mail<\/em> &#8211; <a href=\"mailto:coordinamentonazionalenonato@proton.me\">coordinamentonazionalenonato@proton.me<\/a><\/p>\n\n\n\n<p><em>Sito<\/em> &#8211; <a href=\"https:\/\/www.noguerranonato.org\/coordinamentonazionale\">https:\/\/www.noguerranonato.org\/coordinamentonazionale<\/a><\/p>\n","protected":false},"excerpt":{"rendered":"<p>All\u2019Aia dal 24 al 26 giugno ci sar\u00e0 il vertice Nato il cui obiettivo sar\u00e0 chiedere ai Paesi membri di destinare tra il 3,5 e il 5% del Pil alla spesa militare, ossia si decider\u00e0 come e quanto i paesi Nato e loro partner dovranno investire nella promozione della Terza guerra mondiale. A preparare il&hellip;&nbsp;<a href=\"https:\/\/www.noguerranonato.org\/coordinamentonazionale\/2025\/06\/09\/fermare-la-terza-guerra-mondiale\/\" class=\"\" rel=\"bookmark\">Leggi tutto &raquo;<span class=\"screen-reader-text\">Giochi di guerra e provocazioni NATO: fermare i promotori della Terza guerra mondiale<\/span><\/a><\/p>\n","protected":false},"author":10,"featured_media":214,"comment_status":"open","ping_status":"open","sticky":false,"template":"","format":"standard","meta":{"neve_meta_sidebar":"","neve_meta_container":"","neve_meta_enable_content_width":"","neve_meta_content_width":0,"neve_meta_title_alignment":"","neve_meta_author_avatar":"","neve_post_elements_order":"","neve_meta_disable_header":"","neve_meta_disable_footer":"","neve_meta_disable_title":"","footnotes":""},"categories":[1],"tags":[20,15,5,10,22],"class_list":["post-213","post","type-post","status-publish","format-standard","has-post-thumbnail","hentry","category-senza-categoria","tag-21-giugno","tag-coordinamento-nazionale-no-nato","tag-guerra","tag-no-nato","tag-terza-guerra-mondiale"],"yoast_head":"<!-- This site is optimized with the Yoast SEO plugin v23.9 - https:\/\/yoast.com\/wordpress\/plugins\/seo\/ -->\n<title>Giochi di guerra e provocazioni NATO: fermare i promotori della Terza guerra mondiale - Coordinamento Nazionale No NATO<\/title>\n<meta name=\"robots\" content=\"index, follow, max-snippet:-1, max-image-preview:large, max-video-preview:-1\" \/>\n<link rel=\"canonical\" href=\"https:\/\/www.noguerranonato.org\/coordinamentonazionale\/2025\/06\/09\/fermare-la-terza-guerra-mondiale\/\" \/>\n<meta property=\"og:locale\" content=\"it_IT\" \/>\n<meta property=\"og:type\" content=\"article\" \/>\n<meta property=\"og:title\" content=\"Giochi di guerra e provocazioni NATO: fermare i promotori della Terza guerra mondiale - Coordinamento Nazionale No NATO\" \/>\n<meta property=\"og:description\" content=\"All\u2019Aia dal 24 al 26 giugno ci sar\u00e0 il vertice Nato il cui obiettivo sar\u00e0 chiedere ai Paesi membri di destinare tra il 3,5 e il 5% del Pil alla spesa militare, ossia si decider\u00e0 come e quanto i paesi Nato e loro partner dovranno investire nella promozione della Terza guerra mondiale. A preparare il&hellip;&nbsp;Leggi tutto &raquo;Giochi di guerra e provocazioni NATO: fermare i promotori della Terza guerra mondiale\" \/>\n<meta property=\"og:url\" content=\"https:\/\/www.noguerranonato.org\/coordinamentonazionale\/2025\/06\/09\/fermare-la-terza-guerra-mondiale\/\" \/>\n<meta property=\"og:site_name\" content=\"Coordinamento Nazionale No NATO\" \/>\n<meta property=\"article:published_time\" content=\"2025-06-09T08:51:13+00:00\" \/>\n<meta property=\"article:modified_time\" content=\"2025-06-09T08:51:30+00:00\" \/>\n<meta property=\"og:image\" content=\"https:\/\/www.noguerranonato.org\/coordinamentonazionale\/wp-content\/uploads\/sites\/10\/2025\/06\/OIP-2086314329.jpg\" \/>\n\t<meta property=\"og:image:width\" content=\"474\" \/>\n\t<meta property=\"og:image:height\" content=\"222\" \/>\n\t<meta property=\"og:image:type\" content=\"image\/jpeg\" \/>\n<meta name=\"author\" content=\"coordinamentonazionalenonato\" \/>\n<meta name=\"twitter:card\" content=\"summary_large_image\" \/>\n<meta name=\"twitter:label1\" content=\"Scritto da\" \/>\n\t<meta name=\"twitter:data1\" content=\"coordinamentonazionalenonato\" \/>\n\t<meta name=\"twitter:label2\" content=\"Tempo di lettura stimato\" \/>\n\t<meta name=\"twitter:data2\" content=\"6 minuti\" \/>\n<script type=\"application\/ld+json\" class=\"yoast-schema-graph\">{\"@context\":\"https:\/\/schema.org\",\"@graph\":[{\"@type\":\"WebPage\",\"@id\":\"https:\/\/www.noguerranonato.org\/coordinamentonazionale\/2025\/06\/09\/fermare-la-terza-guerra-mondiale\/\",\"url\":\"https:\/\/www.noguerranonato.org\/coordinamentonazionale\/2025\/06\/09\/fermare-la-terza-guerra-mondiale\/\",\"name\":\"Giochi di guerra e provocazioni NATO: fermare i promotori della Terza guerra mondiale - Coordinamento Nazionale No NATO\",\"isPartOf\":{\"@id\":\"https:\/\/www.noguerranonato.org\/coordinamentonazionale\/#website\"},\"primaryImageOfPage\":{\"@id\":\"https:\/\/www.noguerranonato.org\/coordinamentonazionale\/2025\/06\/09\/fermare-la-terza-guerra-mondiale\/#primaryimage\"},\"image\":{\"@id\":\"https:\/\/www.noguerranonato.org\/coordinamentonazionale\/2025\/06\/09\/fermare-la-terza-guerra-mondiale\/#primaryimage\"},\"thumbnailUrl\":\"https:\/\/www.noguerranonato.org\/coordinamentonazionale\/wp-content\/uploads\/sites\/10\/2025\/06\/OIP-2086314329.jpg\",\"datePublished\":\"2025-06-09T08:51:13+00:00\",\"dateModified\":\"2025-06-09T08:51:30+00:00\",\"author\":{\"@id\":\"https:\/\/www.noguerranonato.org\/coordinamentonazionale\/#\/schema\/person\/4e6309bf3fd3234e6fd55148db7d393b\"},\"breadcrumb\":{\"@id\":\"https:\/\/www.noguerranonato.org\/coordinamentonazionale\/2025\/06\/09\/fermare-la-terza-guerra-mondiale\/#breadcrumb\"},\"inLanguage\":\"it-IT\",\"potentialAction\":[{\"@type\":\"ReadAction\",\"target\":[\"https:\/\/www.noguerranonato.org\/coordinamentonazionale\/2025\/06\/09\/fermare-la-terza-guerra-mondiale\/\"]}]},{\"@type\":\"ImageObject\",\"inLanguage\":\"it-IT\",\"@id\":\"https:\/\/www.noguerranonato.org\/coordinamentonazionale\/2025\/06\/09\/fermare-la-terza-guerra-mondiale\/#primaryimage\",\"url\":\"https:\/\/www.noguerranonato.org\/coordinamentonazionale\/wp-content\/uploads\/sites\/10\/2025\/06\/OIP-2086314329.jpg\",\"contentUrl\":\"https:\/\/www.noguerranonato.org\/coordinamentonazionale\/wp-content\/uploads\/sites\/10\/2025\/06\/OIP-2086314329.jpg\",\"width\":474,\"height\":222},{\"@type\":\"BreadcrumbList\",\"@id\":\"https:\/\/www.noguerranonato.org\/coordinamentonazionale\/2025\/06\/09\/fermare-la-terza-guerra-mondiale\/#breadcrumb\",\"itemListElement\":[{\"@type\":\"ListItem\",\"position\":1,\"name\":\"Home\",\"item\":\"https:\/\/www.noguerranonato.org\/coordinamentonazionale\/\"},{\"@type\":\"ListItem\",\"position\":2,\"name\":\"Giochi di guerra e provocazioni NATO: fermare i promotori della Terza guerra mondiale\"}]},{\"@type\":\"WebSite\",\"@id\":\"https:\/\/www.noguerranonato.org\/coordinamentonazionale\/#website\",\"url\":\"https:\/\/www.noguerranonato.org\/coordinamentonazionale\/\",\"name\":\"Coordinamento Nazionale No NATO\",\"description\":\"\",\"potentialAction\":[{\"@type\":\"SearchAction\",\"target\":{\"@type\":\"EntryPoint\",\"urlTemplate\":\"https:\/\/www.noguerranonato.org\/coordinamentonazionale\/?s={search_term_string}\"},\"query-input\":{\"@type\":\"PropertyValueSpecification\",\"valueRequired\":true,\"valueName\":\"search_term_string\"}}],\"inLanguage\":\"it-IT\"},{\"@type\":\"Person\",\"@id\":\"https:\/\/www.noguerranonato.org\/coordinamentonazionale\/#\/schema\/person\/4e6309bf3fd3234e6fd55148db7d393b\",\"name\":\"coordinamentonazionalenonato\",\"image\":{\"@type\":\"ImageObject\",\"inLanguage\":\"it-IT\",\"@id\":\"https:\/\/www.noguerranonato.org\/coordinamentonazionale\/#\/schema\/person\/image\/\",\"url\":\"https:\/\/secure.gravatar.com\/avatar\/a2d56e6244e0be2c5394c36d1275265d?s=96&d=mm&r=g\",\"contentUrl\":\"https:\/\/secure.gravatar.com\/avatar\/a2d56e6244e0be2c5394c36d1275265d?s=96&d=mm&r=g\",\"caption\":\"coordinamentonazionalenonato\"},\"url\":\"https:\/\/www.noguerranonato.org\/coordinamentonazionale\/author\/coordinamentonazionale\/\"}]}<\/script>\n<!-- \/ Yoast SEO plugin. -->","yoast_head_json":{"title":"Giochi di guerra e provocazioni NATO: fermare i promotori della Terza guerra mondiale - Coordinamento Nazionale No NATO","robots":{"index":"index","follow":"follow","max-snippet":"max-snippet:-1","max-image-preview":"max-image-preview:large","max-video-preview":"max-video-preview:-1"},"canonical":"https:\/\/www.noguerranonato.org\/coordinamentonazionale\/2025\/06\/09\/fermare-la-terza-guerra-mondiale\/","og_locale":"it_IT","og_type":"article","og_title":"Giochi di guerra e provocazioni NATO: fermare i promotori della Terza guerra mondiale - Coordinamento Nazionale No NATO","og_description":"All\u2019Aia dal 24 al 26 giugno ci sar\u00e0 il vertice Nato il cui obiettivo sar\u00e0 chiedere ai Paesi membri di destinare tra il 3,5 e il 5% del Pil alla spesa militare, ossia si decider\u00e0 come e quanto i paesi Nato e loro partner dovranno investire nella promozione della Terza guerra mondiale. A preparare il&hellip;&nbsp;Leggi tutto &raquo;Giochi di guerra e provocazioni NATO: fermare i promotori della Terza guerra mondiale","og_url":"https:\/\/www.noguerranonato.org\/coordinamentonazionale\/2025\/06\/09\/fermare-la-terza-guerra-mondiale\/","og_site_name":"Coordinamento Nazionale No NATO","article_published_time":"2025-06-09T08:51:13+00:00","article_modified_time":"2025-06-09T08:51:30+00:00","og_image":[{"width":474,"height":222,"url":"https:\/\/www.noguerranonato.org\/coordinamentonazionale\/wp-content\/uploads\/sites\/10\/2025\/06\/OIP-2086314329.jpg","type":"image\/jpeg"}],"author":"coordinamentonazionalenonato","twitter_card":"summary_large_image","twitter_misc":{"Scritto da":"coordinamentonazionalenonato","Tempo di lettura stimato":"6 minuti"},"schema":{"@context":"https:\/\/schema.org","@graph":[{"@type":"WebPage","@id":"https:\/\/www.noguerranonato.org\/coordinamentonazionale\/2025\/06\/09\/fermare-la-terza-guerra-mondiale\/","url":"https:\/\/www.noguerranonato.org\/coordinamentonazionale\/2025\/06\/09\/fermare-la-terza-guerra-mondiale\/","name":"Giochi di guerra e provocazioni NATO: fermare i promotori della Terza guerra mondiale - Coordinamento Nazionale No NATO","isPartOf":{"@id":"https:\/\/www.noguerranonato.org\/coordinamentonazionale\/#website"},"primaryImageOfPage":{"@id":"https:\/\/www.noguerranonato.org\/coordinamentonazionale\/2025\/06\/09\/fermare-la-terza-guerra-mondiale\/#primaryimage"},"image":{"@id":"https:\/\/www.noguerranonato.org\/coordinamentonazionale\/2025\/06\/09\/fermare-la-terza-guerra-mondiale\/#primaryimage"},"thumbnailUrl":"https:\/\/www.noguerranonato.org\/coordinamentonazionale\/wp-content\/uploads\/sites\/10\/2025\/06\/OIP-2086314329.jpg","datePublished":"2025-06-09T08:51:13+00:00","dateModified":"2025-06-09T08:51:30+00:00","author":{"@id":"https:\/\/www.noguerranonato.org\/coordinamentonazionale\/#\/schema\/person\/4e6309bf3fd3234e6fd55148db7d393b"},"breadcrumb":{"@id":"https:\/\/www.noguerranonato.org\/coordinamentonazionale\/2025\/06\/09\/fermare-la-terza-guerra-mondiale\/#breadcrumb"},"inLanguage":"it-IT","potentialAction":[{"@type":"ReadAction","target":["https:\/\/www.noguerranonato.org\/coordinamentonazionale\/2025\/06\/09\/fermare-la-terza-guerra-mondiale\/"]}]},{"@type":"ImageObject","inLanguage":"it-IT","@id":"https:\/\/www.noguerranonato.org\/coordinamentonazionale\/2025\/06\/09\/fermare-la-terza-guerra-mondiale\/#primaryimage","url":"https:\/\/www.noguerranonato.org\/coordinamentonazionale\/wp-content\/uploads\/sites\/10\/2025\/06\/OIP-2086314329.jpg","contentUrl":"https:\/\/www.noguerranonato.org\/coordinamentonazionale\/wp-content\/uploads\/sites\/10\/2025\/06\/OIP-2086314329.jpg","width":474,"height":222},{"@type":"BreadcrumbList","@id":"https:\/\/www.noguerranonato.org\/coordinamentonazionale\/2025\/06\/09\/fermare-la-terza-guerra-mondiale\/#breadcrumb","itemListElement":[{"@type":"ListItem","position":1,"name":"Home","item":"https:\/\/www.noguerranonato.org\/coordinamentonazionale\/"},{"@type":"ListItem","position":2,"name":"Giochi di guerra e provocazioni NATO: fermare i promotori della Terza guerra mondiale"}]},{"@type":"WebSite","@id":"https:\/\/www.noguerranonato.org\/coordinamentonazionale\/#website","url":"https:\/\/www.noguerranonato.org\/coordinamentonazionale\/","name":"Coordinamento Nazionale No NATO","description":"","potentialAction":[{"@type":"SearchAction","target":{"@type":"EntryPoint","urlTemplate":"https:\/\/www.noguerranonato.org\/coordinamentonazionale\/?s={search_term_string}"},"query-input":{"@type":"PropertyValueSpecification","valueRequired":true,"valueName":"search_term_string"}}],"inLanguage":"it-IT"},{"@type":"Person","@id":"https:\/\/www.noguerranonato.org\/coordinamentonazionale\/#\/schema\/person\/4e6309bf3fd3234e6fd55148db7d393b","name":"coordinamentonazionalenonato","image":{"@type":"ImageObject","inLanguage":"it-IT","@id":"https:\/\/www.noguerranonato.org\/coordinamentonazionale\/#\/schema\/person\/image\/","url":"https:\/\/secure.gravatar.com\/avatar\/a2d56e6244e0be2c5394c36d1275265d?s=96&d=mm&r=g","contentUrl":"https:\/\/secure.gravatar.com\/avatar\/a2d56e6244e0be2c5394c36d1275265d?s=96&d=mm&r=g","caption":"coordinamentonazionalenonato"},"url":"https:\/\/www.noguerranonato.org\/coordinamentonazionale\/author\/coordinamentonazionale\/"}]}},"_links":{"self":[{"href":"https:\/\/www.noguerranonato.org\/coordinamentonazionale\/wp-json\/wp\/v2\/posts\/213"}],"collection":[{"href":"https:\/\/www.noguerranonato.org\/coordinamentonazionale\/wp-json\/wp\/v2\/posts"}],"about":[{"href":"https:\/\/www.noguerranonato.org\/coordinamentonazionale\/wp-json\/wp\/v2\/types\/post"}],"author":[{"embeddable":true,"href":"https:\/\/www.noguerranonato.org\/coordinamentonazionale\/wp-json\/wp\/v2\/users\/10"}],"replies":[{"embeddable":true,"href":"https:\/\/www.noguerranonato.org\/coordinamentonazionale\/wp-json\/wp\/v2\/comments?post=213"}],"version-history":[{"count":2,"href":"https:\/\/www.noguerranonato.org\/coordinamentonazionale\/wp-json\/wp\/v2\/posts\/213\/revisions"}],"predecessor-version":[{"id":216,"href":"https:\/\/www.noguerranonato.org\/coordinamentonazionale\/wp-json\/wp\/v2\/posts\/213\/revisions\/216"}],"wp:featuredmedia":[{"embeddable":true,"href":"https:\/\/www.noguerranonato.org\/coordinamentonazionale\/wp-json\/wp\/v2\/media\/214"}],"wp:attachment":[{"href":"https:\/\/www.noguerranonato.org\/coordinamentonazionale\/wp-json\/wp\/v2\/media?parent=213"}],"wp:term":[{"taxonomy":"category","embeddable":true,"href":"https:\/\/www.noguerranonato.org\/coordinamentonazionale\/wp-json\/wp\/v2\/categories?post=213"},{"taxonomy":"post_tag","embeddable":true,"href":"https:\/\/www.noguerranonato.org\/coordinamentonazionale\/wp-json\/wp\/v2\/tags?post=213"}],"curies":[{"name":"wp","href":"https:\/\/api.w.org\/{rel}","templated":true}]}}