{"id":228,"date":"2025-06-17T17:02:37","date_gmt":"2025-06-17T15:02:37","guid":{"rendered":"https:\/\/www.noguerranonato.org\/coordinamentonazionale\/?p=228"},"modified":"2025-06-19T15:31:46","modified_gmt":"2025-06-19T13:31:46","slug":"fermare-la-terza-guerra-mondiale-2","status":"publish","type":"post","link":"https:\/\/www.noguerranonato.org\/coordinamentonazionale\/2025\/06\/17\/fermare-la-terza-guerra-mondiale-2\/","title":{"rendered":"21 giugno a Roma: costruire un movimento unitario per fermare la Terza guerra mondiale!"},"content":{"rendered":"\n<p><\/p>\n\n\n\n<p>17.06.2025<\/p>\n\n\n\n<p>All\u2019Aia dal 24 al 26 giugno ci sar\u00e0 il vertice Nato il cui obiettivo sar\u00e0 chiedere ai Paesi membri di destinare tra il 3,5 e il 5% del Pil alla spesa militare, ossia si decider\u00e0 come e quanto i paesi Nato e loro partner dovranno investire nella promozione della Terza guerra mondiale. Per l\u2019occasione, il prossimo 21 giugno a Roma sono state convocate due mobilitazioni nazionali e il Coordinamento Nazionale No Nato (CNNN) <a href=\"https:\/\/www.noguerranonato.org\/coordinamentonazionale\/2025\/05\/26\/appello-a-potere-al-popolo-e-ai-promotori-della-campagna-stop-rearm-europe\/\">ha diffuso un appello<\/a> affinch\u00e9 la piazza fosse unitaria e gli organismi promotori delle due mobilitazioni convergessero per evitare la frammentazione, che inevitabilmente alimenta sfiducia, senso di impotenza e inadeguatezza di fronte agli scenari sempre pi\u00f9 gravi e disastrosi della Terza guerra mondiale, da ultimo l\u2019aggressione deliberata dei sionisti di Israele, sostenuta dagli USA e dall\u2019UE, contro la Repubblica Islamica dell\u2019Iran.<\/p>\n\n\n\n<p>Il CNNN fa un bilancio positivo della diffusione dell\u2019appello. Non perch\u00e9 l\u2019appello ha raggiunto l\u2019obiettivo principale, ossia unificare le piazze del 21 giugno a Roma (nel momento in cui scriviamo non conosciamo il livello di interlocuzione e intesa tra i due organismi promotori), ma principalmente perch\u00e9 ci\u00f2 ha innescato un positivo e salutare dibattito al livello nazionale e ha fatto emergere, regione per regione, citt\u00e0 per citt\u00e0, gruppi e organismi che fanno della parola d\u2019ordine dell\u2019unit\u00e0 su obiettivi comuni immediati la propria linea d\u2019azione.<\/p>\n\n\n\n<p>Numerose sono state le sottoscrizioni all\u2019appello e sono stati molti altri gli appelli diffusi affinch\u00e9 nella giornata del 21 giugno ci sia una mobilitazione unitaria: il <a href=\"https:\/\/credgigi.it\/per-una-manifestazione-unica-contro-guerra-e-riarmo-il-21-giugno\/\">Centro di Ricerca ed Elaborazione per la Democrazia<\/a>, il <a href=\"https:\/\/www.sindacatosocialedibase.org\/web_comunichiamo-s.php?id=16\">Sindacato Sociale di Base<\/a>, una parte del Partito della Rifondazione Comunista, il comitato <a href=\"https:\/\/www.facebook.com\/photo?fbid=10237362798039444&amp;set=gm.10161787237564302&amp;idorvanity=367794229301\">Catanesi solidali con il popolo palestinese<\/a> (che ha raccolto decine e decine di firme), il <a href=\"https:\/\/www.ilpartitocomunistaitaliano.it\/2025\/06\/13\/appello-del-pci-una-sola-manifestazione-contro-il-riarmo-contro-la-guerra-per-la-pace\/\">Partito Comunista Italiano<\/a> e altri. Numerose sono state le riunioni locali in cui la discussione rispetto alle due piazze di Roma ha visto maggioritario l\u2019orientamento per costruire una piazza unica, plurale, in cui ogni organismo possa portare i propri contenuti, bandiere, simboli e slogan al fine di rilanciare ulteriormente la lotta per fermare la Terza guerra mondiale in tutte le forme in cui si manifesta.<\/p>\n\n\n\n<p>In definitiva, se le due piazze si uniranno in fase di concentramento, se lo faranno in fase di conclusione delle manifestazioni (arrivo nella stessa piazza) o se rimarranno comunque due iniziative separate, il CNNN reputa molto positivo il dibattito che si \u00e8 sviluppato perch\u00e9<\/p>\n\n\n\n<ol class=\"wp-block-list\">\n<li>ha permesso a decine di organismi di non \u201caderire solo formalmente\u201d ad una delle due mobilitazioni, ma alimentando discussione e ragionamento sulle prospettive della mobilitazione per fermare la Terza guerra mondiale, la NATO, i guerrafondai nostrani e stranieri;<\/li>\n\n\n\n<li>ha permesso di far emergere una componente importante del movimento popolare del nostro paese, eterogenea, diffusa, che a fronte degli sviluppi della Terza guerra mondiale ha deciso di rompere con settarismo e concorrenza e ha deciso di mettere al centro la lotta verso obiettivi comuni, che non significa \u201cperdere l\u2019identit\u00e0\u201d o portare acqua al mulino di questo o quell\u2019organismo, ma significa incanalarsi in un percorso in cui ogni realt\u00e0 pu\u00f2 esprimersi e rafforzare un movimento pi\u00f9 generale contro la guerra promossa da USA, UE e sionisti.<\/li>\n<\/ol>\n\n\n\n<p>Il CNNN fa appello a continuare, dopo la mobilitazione del 21 giugno, a dedicarsi con pazienza e volont\u00e0 alla costruzione di un ampio e dispiegato fronte di lotta contro la guerra, che spinga e alimenti sempre pi\u00f9 singoli e gruppi ad attivarsi, a rendersi protagonisti di questa lotta.<\/p>\n\n\n\n<p>Con questo spirito, se i promotori delle due mobilitazioni del 21 giugno prossimo a Roma non dovessero convergere per un\u2019unica piazza, il CNNN parteciper\u00e0 ad entrambe le manifestazioni, portando in entrambe le parole d\u2019ordine caratteristiche del CNNN e quella dell\u2019unit\u00e0: di piazza, di intenti, di progettualit\u00e0 nell\u2019alimentare un vero e proprio movimento di massa contro la Terza guerra mondiale. Il CNNN \u00e8 intenzionato a proseguire su questa strada con tutti gli organismi che sentono la necessit\u00e0 e hanno la volont\u00e0 di farlo.<\/p>\n\n\n\n<p><strong>Chiunque vuole aggregarsi con i propri striscioni, simboli e parole d\u2019ordine agli spezzoni del CNNN \u00e8 benvenuto:<\/strong><strong><\/strong><\/p>\n\n\n\n<ul class=\"wp-block-list\">\n<li>Per la piazza Stop Rearm (concentramento in Porta S. Paolo ore 14.00), mettersi in contatto con Chiara (3517829230) o Stefano (3383840269)<\/li>\n\n\n\n<li>Per la piazza convocata da Potere al Popolo (concentramento in piazza Vittorio ore 14.00), mettersi in contatto con Marianna (3396498628) o Emanuele (3791629218)<\/li>\n<\/ul>\n\n\n\n<p><strong><mark style=\"background-color:#fff85b\" class=\"has-inline-color has-nv-dark-bg-color\">Invitiamo inoltre, chiunque fosse interessato, a partecipare all\u2019ASSEMBLEA PUBBLICA \u201cFERMARE LA TERZA GUERRA MONDIALE E CHI LA PROMUOVE!\u201d che si terr\u00e0 lo stesso 21 giugno, alle ore 10.00, presso la sede UAAR in via Francesco Negri n.67 a Roma.<\/mark><\/strong><\/p>\n\n\n\n<p><em>Parteciperanno all\u2019assemblea con un proprio intervento: Fulvio Grimaldi (giornalista), Patrizia Cecconi, UDAP, JVP, La Citt\u00e0 Futura, Matteo Peggio (Ass. Italia-Bielorussia), Assemblea No War di Colleferro, Michela Arricale (PRC), Sindacato Sociale di Base, Pablo Bonuccelli (P.CARC), Confederazione Sinistre Italiane, Tavolo Uniti contro la guerra Napoli, Generazioni Future, Roberto Corsi (Centro Studi &#8220;Francesco Berardi&#8221; di Aprilia), Ultima Generazione. Chiediamo a chi vuole intervenire di richiederlo tramite mail: <a href=\"mailto:coordinamentonazionalenonato@proton.me\">coordinamentonazionalenonato@proton.me<\/a><\/em><\/p>\n\n\n\n<p>\u00c8 giunto il momento di farla finita con la casta di mercanti di morte che governa il paese. \u00c8 giunto il momento di far saltare i piani dei guerrafondai Usa-Nato e UE e dei sionisti israeliani. \u00c8 giunto il momento di liberarci dal cancro rappresentato dai promotori della Terza guerra mondiale. <\/p>\n\n\n\n<p>Serve una vera e propria lotta di liberazione che deve partire da ogni territorio e convergere in un\u2019unica mobilitazione generale a cui lavorare con pazienza, dedizione, alimentando la solidariet\u00e0, superando gli steccati del settarismo e della concorrenza e sviluppando sempre di pi\u00f9 il coordinamento delle forze antimperialiste e pacifiste del nostro paese. \u00c8 possibile farlo a partire dal prossimo 21 giugno a Roma, se non con una partenza unitaria quantomeno con l\u2019arrivo delle due manifestazioni in una piazza unica.<\/p>\n\n\n\n<p><strong>Facciamo del 21 giugno una giornata per rilanciare la mobilitazione unitaria contro la Nato, il governo Meloni, i piani di riarmo europei e per fermare la Terza guerra mondiale.<\/strong><\/p>\n\n\n\n<p><strong>Coordinamento Nazionale No Nato<\/strong><\/p>\n\n\n\n<p><em>Telegram<\/em><\/p>\n\n\n\n<p><a href=\"https:\/\/t.me\/CoordNazNoNATO\">https:\/\/t.me\/CoordNazNoNATO<\/a><\/p>\n\n\n\n<p><em>Contatto mail<\/em><\/p>\n\n\n\n<p><a href=\"mailto:coordinamentonazionalenonato@proton.me\">coordinamentonazionalenonato@proton.me<\/a><\/p>\n\n\n\n<p><em>Sito<\/em><\/p>\n\n\n\n<p><a href=\"https:\/\/www.noguerranonato.org\/coordinamentonazionale\">https:\/\/www.noguerranonato.org\/coordinamentonazionale<\/a><\/p>\n\n\n\n<figure class=\"wp-block-image size-large is-resized\"><img loading=\"lazy\" decoding=\"async\" width=\"741\" height=\"1024\" src=\"https:\/\/www.noguerranonato.org\/coordinamentonazionale\/wp-content\/uploads\/sites\/10\/2025\/05\/2106rosso-1-741x1024.png\" alt=\"\" class=\"wp-image-226\" style=\"width:541px;height:auto\" srcset=\"https:\/\/www.noguerranonato.org\/coordinamentonazionale\/wp-content\/uploads\/sites\/10\/2025\/05\/2106rosso-1-741x1024.png 741w, https:\/\/www.noguerranonato.org\/coordinamentonazionale\/wp-content\/uploads\/sites\/10\/2025\/05\/2106rosso-1-217x300.png 217w, https:\/\/www.noguerranonato.org\/coordinamentonazionale\/wp-content\/uploads\/sites\/10\/2025\/05\/2106rosso-1-768x1061.png 768w, https:\/\/www.noguerranonato.org\/coordinamentonazionale\/wp-content\/uploads\/sites\/10\/2025\/05\/2106rosso-1-1112x1536.png 1112w, https:\/\/www.noguerranonato.org\/coordinamentonazionale\/wp-content\/uploads\/sites\/10\/2025\/05\/2106rosso-1-1483x2048.png 1483w\" sizes=\"(max-width: 741px) 100vw, 741px\" \/><\/figure>\n","protected":false},"excerpt":{"rendered":"<p>17.06.2025 All\u2019Aia dal 24 al 26 giugno ci sar\u00e0 il vertice Nato il cui obiettivo sar\u00e0 chiedere ai Paesi membri di destinare tra il 3,5 e il 5% del Pil alla spesa militare, ossia si decider\u00e0 come e quanto i paesi Nato e loro partner dovranno investire nella promozione della Terza guerra mondiale. Per l\u2019occasione,&hellip;&nbsp;<a href=\"https:\/\/www.noguerranonato.org\/coordinamentonazionale\/2025\/06\/17\/fermare-la-terza-guerra-mondiale-2\/\" class=\"\" rel=\"bookmark\">Leggi tutto &raquo;<span class=\"screen-reader-text\">21 giugno a Roma: costruire un movimento unitario per fermare la Terza guerra mondiale!<\/span><\/a><\/p>\n","protected":false},"author":10,"featured_media":117,"comment_status":"open","ping_status":"open","sticky":false,"template":"","format":"standard","meta":{"neve_meta_sidebar":"","neve_meta_container":"","neve_meta_enable_content_width":"","neve_meta_content_width":0,"neve_meta_title_alignment":"","neve_meta_author_avatar":"","neve_post_elements_order":"","neve_meta_disable_header":"","neve_meta_disable_footer":"","neve_meta_disable_title":"","footnotes":""},"categories":[1],"tags":[20,15,18,10,17,13],"class_list":["post-228","post","type-post","status-publish","format-standard","has-post-thumbnail","hentry","category-senza-categoria","tag-21-giugno","tag-coordinamento-nazionale-no-nato","tag-mobilitazione-nazionale","tag-no-nato","tag-no-rearm-europe","tag-roma"],"yoast_head":"<!-- This site is optimized with the Yoast SEO plugin v23.9 - https:\/\/yoast.com\/wordpress\/plugins\/seo\/ -->\n<title>21 giugno a Roma: costruire un movimento unitario per fermare la Terza guerra mondiale! - Coordinamento Nazionale No NATO<\/title>\n<meta name=\"description\" content=\"Facciamo del 21 giugno una giornata per rilanciare la mobilitazione unitaria contro la Nato, il governo Meloni, i piani di riarmo europei e per fermare la Terza guerra mondiale.\" \/>\n<meta name=\"robots\" content=\"index, follow, max-snippet:-1, max-image-preview:large, max-video-preview:-1\" \/>\n<link rel=\"canonical\" href=\"https:\/\/www.noguerranonato.org\/coordinamentonazionale\/2025\/06\/17\/fermare-la-terza-guerra-mondiale-2\/\" \/>\n<meta property=\"og:locale\" content=\"it_IT\" \/>\n<meta property=\"og:type\" content=\"article\" \/>\n<meta property=\"og:title\" content=\"21 giugno a Roma: costruire un movimento unitario per fermare la Terza guerra mondiale! - Coordinamento Nazionale No NATO\" \/>\n<meta property=\"og:description\" content=\"Facciamo del 21 giugno una giornata per rilanciare la mobilitazione unitaria contro la Nato, il governo Meloni, i piani di riarmo europei e per fermare la Terza guerra mondiale.\" \/>\n<meta property=\"og:url\" content=\"https:\/\/www.noguerranonato.org\/coordinamentonazionale\/2025\/06\/17\/fermare-la-terza-guerra-mondiale-2\/\" \/>\n<meta property=\"og:site_name\" content=\"Coordinamento Nazionale No NATO\" \/>\n<meta property=\"article:published_time\" content=\"2025-06-17T15:02:37+00:00\" \/>\n<meta property=\"article:modified_time\" content=\"2025-06-19T13:31:46+00:00\" \/>\n<meta property=\"og:image\" content=\"https:\/\/www.noguerranonato.org\/coordinamentonazionale\/wp-content\/uploads\/sites\/10\/2025\/04\/photo_6023580002601256524_y-e1750172474123.jpeg\" \/>\n\t<meta property=\"og:image:width\" content=\"768\" \/>\n\t<meta property=\"og:image:height\" content=\"443\" \/>\n\t<meta property=\"og:image:type\" content=\"image\/jpeg\" \/>\n<meta name=\"author\" content=\"coordinamentonazionalenonato\" \/>\n<meta name=\"twitter:card\" content=\"summary_large_image\" \/>\n<meta name=\"twitter:label1\" content=\"Scritto da\" \/>\n\t<meta name=\"twitter:data1\" content=\"coordinamentonazionalenonato\" \/>\n\t<meta name=\"twitter:label2\" content=\"Tempo di lettura stimato\" \/>\n\t<meta name=\"twitter:data2\" content=\"6 minuti\" \/>\n<script type=\"application\/ld+json\" class=\"yoast-schema-graph\">{\"@context\":\"https:\/\/schema.org\",\"@graph\":[{\"@type\":\"WebPage\",\"@id\":\"https:\/\/www.noguerranonato.org\/coordinamentonazionale\/2025\/06\/17\/fermare-la-terza-guerra-mondiale-2\/\",\"url\":\"https:\/\/www.noguerranonato.org\/coordinamentonazionale\/2025\/06\/17\/fermare-la-terza-guerra-mondiale-2\/\",\"name\":\"21 giugno a Roma: costruire un movimento unitario per fermare la Terza guerra mondiale! - Coordinamento Nazionale No NATO\",\"isPartOf\":{\"@id\":\"https:\/\/www.noguerranonato.org\/coordinamentonazionale\/#website\"},\"primaryImageOfPage\":{\"@id\":\"https:\/\/www.noguerranonato.org\/coordinamentonazionale\/2025\/06\/17\/fermare-la-terza-guerra-mondiale-2\/#primaryimage\"},\"image\":{\"@id\":\"https:\/\/www.noguerranonato.org\/coordinamentonazionale\/2025\/06\/17\/fermare-la-terza-guerra-mondiale-2\/#primaryimage\"},\"thumbnailUrl\":\"https:\/\/www.noguerranonato.org\/coordinamentonazionale\/wp-content\/uploads\/sites\/10\/2025\/04\/photo_6023580002601256524_y-e1750172474123.jpeg\",\"datePublished\":\"2025-06-17T15:02:37+00:00\",\"dateModified\":\"2025-06-19T13:31:46+00:00\",\"author\":{\"@id\":\"https:\/\/www.noguerranonato.org\/coordinamentonazionale\/#\/schema\/person\/4e6309bf3fd3234e6fd55148db7d393b\"},\"description\":\"Facciamo del 21 giugno una giornata per rilanciare la mobilitazione unitaria contro la Nato, il governo Meloni, i piani di riarmo europei e per fermare la Terza guerra mondiale.\",\"breadcrumb\":{\"@id\":\"https:\/\/www.noguerranonato.org\/coordinamentonazionale\/2025\/06\/17\/fermare-la-terza-guerra-mondiale-2\/#breadcrumb\"},\"inLanguage\":\"it-IT\",\"potentialAction\":[{\"@type\":\"ReadAction\",\"target\":[\"https:\/\/www.noguerranonato.org\/coordinamentonazionale\/2025\/06\/17\/fermare-la-terza-guerra-mondiale-2\/\"]}]},{\"@type\":\"ImageObject\",\"inLanguage\":\"it-IT\",\"@id\":\"https:\/\/www.noguerranonato.org\/coordinamentonazionale\/2025\/06\/17\/fermare-la-terza-guerra-mondiale-2\/#primaryimage\",\"url\":\"https:\/\/www.noguerranonato.org\/coordinamentonazionale\/wp-content\/uploads\/sites\/10\/2025\/04\/photo_6023580002601256524_y-e1750172474123.jpeg\",\"contentUrl\":\"https:\/\/www.noguerranonato.org\/coordinamentonazionale\/wp-content\/uploads\/sites\/10\/2025\/04\/photo_6023580002601256524_y-e1750172474123.jpeg\",\"width\":768,\"height\":443},{\"@type\":\"BreadcrumbList\",\"@id\":\"https:\/\/www.noguerranonato.org\/coordinamentonazionale\/2025\/06\/17\/fermare-la-terza-guerra-mondiale-2\/#breadcrumb\",\"itemListElement\":[{\"@type\":\"ListItem\",\"position\":1,\"name\":\"Home\",\"item\":\"https:\/\/www.noguerranonato.org\/coordinamentonazionale\/\"},{\"@type\":\"ListItem\",\"position\":2,\"name\":\"21 giugno a Roma: costruire un movimento unitario per fermare la Terza guerra mondiale!\"}]},{\"@type\":\"WebSite\",\"@id\":\"https:\/\/www.noguerranonato.org\/coordinamentonazionale\/#website\",\"url\":\"https:\/\/www.noguerranonato.org\/coordinamentonazionale\/\",\"name\":\"Coordinamento Nazionale No NATO\",\"description\":\"\",\"potentialAction\":[{\"@type\":\"SearchAction\",\"target\":{\"@type\":\"EntryPoint\",\"urlTemplate\":\"https:\/\/www.noguerranonato.org\/coordinamentonazionale\/?s={search_term_string}\"},\"query-input\":{\"@type\":\"PropertyValueSpecification\",\"valueRequired\":true,\"valueName\":\"search_term_string\"}}],\"inLanguage\":\"it-IT\"},{\"@type\":\"Person\",\"@id\":\"https:\/\/www.noguerranonato.org\/coordinamentonazionale\/#\/schema\/person\/4e6309bf3fd3234e6fd55148db7d393b\",\"name\":\"coordinamentonazionalenonato\",\"image\":{\"@type\":\"ImageObject\",\"inLanguage\":\"it-IT\",\"@id\":\"https:\/\/www.noguerranonato.org\/coordinamentonazionale\/#\/schema\/person\/image\/\",\"url\":\"https:\/\/secure.gravatar.com\/avatar\/a2d56e6244e0be2c5394c36d1275265d?s=96&d=mm&r=g\",\"contentUrl\":\"https:\/\/secure.gravatar.com\/avatar\/a2d56e6244e0be2c5394c36d1275265d?s=96&d=mm&r=g\",\"caption\":\"coordinamentonazionalenonato\"},\"url\":\"https:\/\/www.noguerranonato.org\/coordinamentonazionale\/author\/coordinamentonazionale\/\"}]}<\/script>\n<!-- \/ Yoast SEO plugin. -->","yoast_head_json":{"title":"21 giugno a Roma: costruire un movimento unitario per fermare la Terza guerra mondiale! - Coordinamento Nazionale No NATO","description":"Facciamo del 21 giugno una giornata per rilanciare la mobilitazione unitaria contro la Nato, il governo Meloni, i piani di riarmo europei e per fermare la Terza guerra mondiale.","robots":{"index":"index","follow":"follow","max-snippet":"max-snippet:-1","max-image-preview":"max-image-preview:large","max-video-preview":"max-video-preview:-1"},"canonical":"https:\/\/www.noguerranonato.org\/coordinamentonazionale\/2025\/06\/17\/fermare-la-terza-guerra-mondiale-2\/","og_locale":"it_IT","og_type":"article","og_title":"21 giugno a Roma: costruire un movimento unitario per fermare la Terza guerra mondiale! - Coordinamento Nazionale No NATO","og_description":"Facciamo del 21 giugno una giornata per rilanciare la mobilitazione unitaria contro la Nato, il governo Meloni, i piani di riarmo europei e per fermare la Terza guerra mondiale.","og_url":"https:\/\/www.noguerranonato.org\/coordinamentonazionale\/2025\/06\/17\/fermare-la-terza-guerra-mondiale-2\/","og_site_name":"Coordinamento Nazionale No NATO","article_published_time":"2025-06-17T15:02:37+00:00","article_modified_time":"2025-06-19T13:31:46+00:00","og_image":[{"width":768,"height":443,"url":"https:\/\/www.noguerranonato.org\/coordinamentonazionale\/wp-content\/uploads\/sites\/10\/2025\/04\/photo_6023580002601256524_y-e1750172474123.jpeg","type":"image\/jpeg"}],"author":"coordinamentonazionalenonato","twitter_card":"summary_large_image","twitter_misc":{"Scritto da":"coordinamentonazionalenonato","Tempo di lettura stimato":"6 minuti"},"schema":{"@context":"https:\/\/schema.org","@graph":[{"@type":"WebPage","@id":"https:\/\/www.noguerranonato.org\/coordinamentonazionale\/2025\/06\/17\/fermare-la-terza-guerra-mondiale-2\/","url":"https:\/\/www.noguerranonato.org\/coordinamentonazionale\/2025\/06\/17\/fermare-la-terza-guerra-mondiale-2\/","name":"21 giugno a Roma: costruire un movimento unitario per fermare la Terza guerra mondiale! - Coordinamento Nazionale No NATO","isPartOf":{"@id":"https:\/\/www.noguerranonato.org\/coordinamentonazionale\/#website"},"primaryImageOfPage":{"@id":"https:\/\/www.noguerranonato.org\/coordinamentonazionale\/2025\/06\/17\/fermare-la-terza-guerra-mondiale-2\/#primaryimage"},"image":{"@id":"https:\/\/www.noguerranonato.org\/coordinamentonazionale\/2025\/06\/17\/fermare-la-terza-guerra-mondiale-2\/#primaryimage"},"thumbnailUrl":"https:\/\/www.noguerranonato.org\/coordinamentonazionale\/wp-content\/uploads\/sites\/10\/2025\/04\/photo_6023580002601256524_y-e1750172474123.jpeg","datePublished":"2025-06-17T15:02:37+00:00","dateModified":"2025-06-19T13:31:46+00:00","author":{"@id":"https:\/\/www.noguerranonato.org\/coordinamentonazionale\/#\/schema\/person\/4e6309bf3fd3234e6fd55148db7d393b"},"description":"Facciamo del 21 giugno una giornata per rilanciare la mobilitazione unitaria contro la Nato, il governo Meloni, i piani di riarmo europei e per fermare la Terza guerra mondiale.","breadcrumb":{"@id":"https:\/\/www.noguerranonato.org\/coordinamentonazionale\/2025\/06\/17\/fermare-la-terza-guerra-mondiale-2\/#breadcrumb"},"inLanguage":"it-IT","potentialAction":[{"@type":"ReadAction","target":["https:\/\/www.noguerranonato.org\/coordinamentonazionale\/2025\/06\/17\/fermare-la-terza-guerra-mondiale-2\/"]}]},{"@type":"ImageObject","inLanguage":"it-IT","@id":"https:\/\/www.noguerranonato.org\/coordinamentonazionale\/2025\/06\/17\/fermare-la-terza-guerra-mondiale-2\/#primaryimage","url":"https:\/\/www.noguerranonato.org\/coordinamentonazionale\/wp-content\/uploads\/sites\/10\/2025\/04\/photo_6023580002601256524_y-e1750172474123.jpeg","contentUrl":"https:\/\/www.noguerranonato.org\/coordinamentonazionale\/wp-content\/uploads\/sites\/10\/2025\/04\/photo_6023580002601256524_y-e1750172474123.jpeg","width":768,"height":443},{"@type":"BreadcrumbList","@id":"https:\/\/www.noguerranonato.org\/coordinamentonazionale\/2025\/06\/17\/fermare-la-terza-guerra-mondiale-2\/#breadcrumb","itemListElement":[{"@type":"ListItem","position":1,"name":"Home","item":"https:\/\/www.noguerranonato.org\/coordinamentonazionale\/"},{"@type":"ListItem","position":2,"name":"21 giugno a Roma: costruire un movimento unitario per fermare la Terza guerra mondiale!"}]},{"@type":"WebSite","@id":"https:\/\/www.noguerranonato.org\/coordinamentonazionale\/#website","url":"https:\/\/www.noguerranonato.org\/coordinamentonazionale\/","name":"Coordinamento Nazionale No NATO","description":"","potentialAction":[{"@type":"SearchAction","target":{"@type":"EntryPoint","urlTemplate":"https:\/\/www.noguerranonato.org\/coordinamentonazionale\/?s={search_term_string}"},"query-input":{"@type":"PropertyValueSpecification","valueRequired":true,"valueName":"search_term_string"}}],"inLanguage":"it-IT"},{"@type":"Person","@id":"https:\/\/www.noguerranonato.org\/coordinamentonazionale\/#\/schema\/person\/4e6309bf3fd3234e6fd55148db7d393b","name":"coordinamentonazionalenonato","image":{"@type":"ImageObject","inLanguage":"it-IT","@id":"https:\/\/www.noguerranonato.org\/coordinamentonazionale\/#\/schema\/person\/image\/","url":"https:\/\/secure.gravatar.com\/avatar\/a2d56e6244e0be2c5394c36d1275265d?s=96&d=mm&r=g","contentUrl":"https:\/\/secure.gravatar.com\/avatar\/a2d56e6244e0be2c5394c36d1275265d?s=96&d=mm&r=g","caption":"coordinamentonazionalenonato"},"url":"https:\/\/www.noguerranonato.org\/coordinamentonazionale\/author\/coordinamentonazionale\/"}]}},"_links":{"self":[{"href":"https:\/\/www.noguerranonato.org\/coordinamentonazionale\/wp-json\/wp\/v2\/posts\/228"}],"collection":[{"href":"https:\/\/www.noguerranonato.org\/coordinamentonazionale\/wp-json\/wp\/v2\/posts"}],"about":[{"href":"https:\/\/www.noguerranonato.org\/coordinamentonazionale\/wp-json\/wp\/v2\/types\/post"}],"author":[{"embeddable":true,"href":"https:\/\/www.noguerranonato.org\/coordinamentonazionale\/wp-json\/wp\/v2\/users\/10"}],"replies":[{"embeddable":true,"href":"https:\/\/www.noguerranonato.org\/coordinamentonazionale\/wp-json\/wp\/v2\/comments?post=228"}],"version-history":[{"count":6,"href":"https:\/\/www.noguerranonato.org\/coordinamentonazionale\/wp-json\/wp\/v2\/posts\/228\/revisions"}],"predecessor-version":[{"id":235,"href":"https:\/\/www.noguerranonato.org\/coordinamentonazionale\/wp-json\/wp\/v2\/posts\/228\/revisions\/235"}],"wp:featuredmedia":[{"embeddable":true,"href":"https:\/\/www.noguerranonato.org\/coordinamentonazionale\/wp-json\/wp\/v2\/media\/117"}],"wp:attachment":[{"href":"https:\/\/www.noguerranonato.org\/coordinamentonazionale\/wp-json\/wp\/v2\/media?parent=228"}],"wp:term":[{"taxonomy":"category","embeddable":true,"href":"https:\/\/www.noguerranonato.org\/coordinamentonazionale\/wp-json\/wp\/v2\/categories?post=228"},{"taxonomy":"post_tag","embeddable":true,"href":"https:\/\/www.noguerranonato.org\/coordinamentonazionale\/wp-json\/wp\/v2\/tags?post=228"}],"curies":[{"name":"wp","href":"https:\/\/api.w.org\/{rel}","templated":true}]}}