{"id":237,"date":"2025-06-25T15:32:23","date_gmt":"2025-06-25T13:32:23","guid":{"rendered":"https:\/\/www.noguerranonato.org\/coordinamentonazionale\/?p=237"},"modified":"2025-06-25T15:42:02","modified_gmt":"2025-06-25T13:42:02","slug":"sulla-giornata-di-mobilitazione-del-21-giugno","status":"publish","type":"post","link":"https:\/\/www.noguerranonato.org\/coordinamentonazionale\/2025\/06\/25\/sulla-giornata-di-mobilitazione-del-21-giugno\/","title":{"rendered":"Sulla giornata di mobilitazione del 21 giugno"},"content":{"rendered":"\n<p><\/p>\n\n\n\n<p>Il 21 giugno \u00e8 stata una giornata di mobilitazione importante per fermare la Terza guerra mondiale in corso. Una giornata che ha visto decine e decine di migliaia di persone in piazza divise tra due mobilitazioni, quella promossa dalla campagna Stop Rearm Europe e quella indetta da Potere al Popolo e USB. Il Coordinamento Nazionale No Nato (CNNN) ha portato il proprio contributo ad entrambe le mobilitazioni del 21 giugno formando due spezzoni, portando le parole d\u2019ordine della necessit\u00e0 di sviluppare la lotta contro la Nato, e della necessit\u00e0 di alimentare la costruzione di un fronte unitario che fermi la Terza guerra mondiale.<\/p>\n\n\n\n<p>Il CNNN e le organizzazioni ad esso aderenti sono consapevoli che il 21 giugno va inteso come tappa di un percorso di costruzione di un fronte pi\u00f9 ampio di lotta per fermare la Terza guerra mondiale e chi la promuove, quindi la Nato e i guerrafondai al governo del nostro paese. A tal proposito hanno promosso la mattina del 21 giugno un\u2019assemblea pubblica di cui condividiamo alcune riflessioni emerse dal dibattito.<\/p>\n\n\n\n<p><em>La necessit\u00e0 di unirsi e questioni di metodo<\/em><\/p>\n\n\n\n<p>Il tema principalmente dibattuto \u00e8 stata la mancata unit\u00e0 della piazza del 21 giugno. E\u2019 stata rilevata innanzitutto la necessit\u00e0 di rompere i meccanismi \u201cverticistici\u201d che si vengono a creare in situazioni simili a quella del 21 giugno che ostacolano i processi di unificazione. Chi oggi intende promuovere e mettersi alla testa di un movimento generale contro la guerra, deve rispondere direttamente a chi si mobilita (da decenni, anni, mesi) nei territori per fermare la Terza guerra mondiale, chiudere le basi Usa-Nato, fermare il traffico di armi, boicottare la collaborazione con i sionisti d\u2019Israele, il disarmo e tutte le altre forme in cui si manifesta la lotta contro la guerra. Senza questo passaggio, non potr\u00e0 esserci costruzione di alcun movimento contro la guerra a prescindere dalle parole d\u2019ordine pi\u00f9 giuste, rivoluzionarie o inclusive di chi vuole puntare a promuovere le varie mobilitazioni nazionali e\/o europee. <\/p>\n\n\n\n<p>E\u2019 attraverso il dibattito, la costruzione dal basso, che si pu\u00f2 costruire una mobilitazione realmente di prospettiva, che non sia appannaggio di questa o quell\u2019area politica e che sappia mettere all\u2019angolo quei singoli dirigenti di \u201carea\u201d o organismi che a parole dicono di essere per l\u2019unit\u00e0 e nei fatti manovrano e operano per rompere l\u2019unit\u00e0 in nome di interessi elettorali, sindacali, di bottega. Dall\u2019assemblea del 21 giugno \u00e8 infatti emersa anche la necessit\u00e0 di fare i nomi e i cognomi di tali dirigenti per capire, a fronte dell\u2019estensione della III guerra mondiale, chi ancora pensa di poter lottare pensando irresponsabilmente al proprio orticello e chi invece si spende senza remore per alimentare una mobilitazione pi\u00f9 generale contro la guerra.<\/p>\n\n\n\n<p><em>La necessit\u00e0 di unirsi e definire bene su che cosa unirsi<\/em><\/p>\n\n\n\n<p>Unirsi in questa fase significa individuare quei punti comuni a tutto il movimento popolare su cui alimentare la costruzione del fronte e la mobilitazione. Pertanto, le piattaforme e i programmi devono servire a definire e distinguere il campo di azione dei singoli organismi, coordinamenti, partiti, sindacati, ma non a creare schieramenti e divisioni nell\u2019ambito del movimento popolare. Devono servire a definire obiettivi di medio e lungo periodo per ogni organismo, non di certo a fomentare concorrenza e settarismo. Allo stesso tempo, considerando la velocit\u00e0 con cui vengono stese piattaforme e programmi, sottoscriverne alcuni ha un valore relativo se queste vengono poi superate dagli eventi. <\/p>\n\n\n\n<p>Resta chiaro per\u00f2 che Usa, Nato, UE, sionisti, \u201cbanche armate\u201d, industria delle armi, trafficanti di ogni tipo decidono della sorte del nostro paese nella Terza guerra mondiale: sostegno allo Stato sionista nello sterminio dei palestinesi e nella guerra contro quei paesi del Medio Oriente non sottomessi al proprio volere; investimenti nel piano di riarmo europeo per aggredire la Federazione Russa piuttosto che investimenti in posti di lavoro utili, tutela dell\u2019ambiente, servizi pubblici; ulteriore trasformazione del paese in un enorme hub militare attraverso progetti di \u201cmobilit\u00e0 militare\u201d (vedi in ultimo i progetti sul porto di Trieste e i vari progetti TAV), la presenza di militari italiani e USA nelle scuole e universit\u00e0, la riconversione di aziende civili al militare e molto altro potremmo aggiungere. Dal MUOS di Niscemi ai poligoni NATO in Sardegna, dalle basi di Ghedi e Aviano passando per Camp Darby, Vicenza, Amendola, Taranto, Trieste, Genova non c\u2019\u00e8 citt\u00e0 che non sia invischiata nelle logiche di guerra.<\/p>\n\n\n\n<p>In sintesi dall\u2019Assemblea emerge che nel nostro paese l\u2019opposizione a tutto ci\u00f2 esiste, \u00e8 diffusa e capillare, \u00e8 vivace e pu\u00f2 trasformarsi in mobilitazione generale per cambiare il corso delle cose, per interrompere la spirale della Terza guerra mondiale e far saltare i piani dei guerrafondai e dei loro soci. In questo contesto, ruolo centrale lo giocano i lavoratori e le lavoratrici: dell\u2019istruzione, portuali e aeroportuali, della logistica, metalmeccanici e di ogni altro settore, la cui mobilitazione serve a fermare gli ingranaggi di guerra ad ogni livello, mobilitazione che dobbiamo sostenere ed estendere.<\/p>\n\n\n\n<p>Buona parte dell\u2019opposizione attiva alla Terza guerra mondiale \u00e8 confluita in piazza a Roma il 21 giugno e molti altri singoli e organismi scenderanno in piazza in futuro: sono milioni le persone nel nostro paese contrarie alla guerra. Alla luce di quanto \u00e8 accaduto alle prime ore della notte del 22 giugno, con l\u2019attacco a sorpresa degli USA a 3 siti nucleari iraniani, in assenza di approvazione preventiva del Congresso americano, il coinvolgimento pi\u00f9 aperto dell\u2019Italia nella guerra mondiale in corso \u00e8 sempre pi\u00f9 vicino e concreto. <\/p>\n\n\n\n<p>La linea tracciata da Usa, Nato, sionisti d\u2019Israele e UE \u00e8 quella di allargare la guerra a tutti quei paesi che oggi non si sottomettono alla loro volont\u00e0. Fermare la Terza guerra mondiale non \u00e8 un obiettivo a lungo termine, per cui lottare quando il missile cade nel proprio giardino: \u00e8 l\u2019obiettivo immediato su cui costruire un fronte di lotta, coordinando e valorizzando tutte le iniziative e mobilitazioni gi\u00e0 in corso.<\/p>\n\n\n\n<p>Il Coordinamento Nazionale No Nato fa appello a continuare, dopo la mobilitazione del 21 giugno, a dedicarsi con forza e volont\u00e0 alla costruzione di un ampio e dispiegato movimento contro la guerra, che spinga e alimenti sempre pi\u00f9 singoli e gruppi ad attivarsi, a rendersi protagonisti di questa lotta.<\/p>\n\n\n\n<p><strong>Coordinamento Nazionale No Nato<\/strong><\/p>\n\n\n\n<p><em>Telegram<\/em>: <a href=\"https:\/\/t.me\/CoordNazNoNATO\">https:\/\/t.me\/CoordNazNoNATO<\/a><em><\/em><\/p>\n\n\n\n<p><em>Contatto mail<\/em>: <a href=\"mailto:coordinamentonazionalenonato@proton.me\">coordinamentonazionalenonato@proton.me<\/a><em><\/em><\/p>\n\n\n\n<p><em>Sito<\/em>: <a href=\"https:\/\/www.noguerranonato.org\/coordinamentonazionale\">https:\/\/www.noguerranonato.org\/coordinamentonazionale<\/a><\/p>\n\n\n\n<p><em>Facebook<\/em>: <a href=\"https:\/\/www.facebook.com\/profile.php?id=61577368482950&amp;locale=it_IT\">https:\/\/www.facebook.com\/profile.php?id=61577368482950&amp;locale=it_IT<\/a><\/p>\n\n\n\n<p><\/p>\n","protected":false},"excerpt":{"rendered":"<p>Il 21 giugno \u00e8 stata una giornata di mobilitazione importante per fermare la Terza guerra mondiale in corso. Una giornata che ha visto decine e decine di migliaia di persone in piazza divise tra due mobilitazioni, quella promossa dalla campagna Stop Rearm Europe e quella indetta da Potere al Popolo e USB. Il Coordinamento Nazionale&hellip;&nbsp;<a href=\"https:\/\/www.noguerranonato.org\/coordinamentonazionale\/2025\/06\/25\/sulla-giornata-di-mobilitazione-del-21-giugno\/\" class=\"\" rel=\"bookmark\">Leggi tutto &raquo;<span class=\"screen-reader-text\">Sulla giornata di mobilitazione del 21 giugno<\/span><\/a><\/p>\n","protected":false},"author":10,"featured_media":238,"comment_status":"open","ping_status":"open","sticky":false,"template":"","format":"standard","meta":{"neve_meta_sidebar":"","neve_meta_container":"","neve_meta_enable_content_width":"","neve_meta_content_width":0,"neve_meta_title_alignment":"","neve_meta_author_avatar":"","neve_post_elements_order":"","neve_meta_disable_header":"","neve_meta_disable_footer":"","neve_meta_disable_title":"","footnotes":""},"categories":[1],"tags":[20,15,18,10,13],"class_list":["post-237","post","type-post","status-publish","format-standard","has-post-thumbnail","hentry","category-senza-categoria","tag-21-giugno","tag-coordinamento-nazionale-no-nato","tag-mobilitazione-nazionale","tag-no-nato","tag-roma"],"yoast_head":"<!-- This site is optimized with the Yoast SEO plugin v23.9 - https:\/\/yoast.com\/wordpress\/plugins\/seo\/ -->\n<title>Sulla giornata di mobilitazione del 21 giugno - Coordinamento Nazionale No NATO<\/title>\n<meta name=\"description\" content=\"Riflessioni del Coordinamento Nazionale No Nato sulla giornata di mobilitazione del 21 giugno\" \/>\n<meta name=\"robots\" content=\"index, follow, max-snippet:-1, max-image-preview:large, max-video-preview:-1\" \/>\n<link rel=\"canonical\" href=\"https:\/\/www.noguerranonato.org\/coordinamentonazionale\/2025\/06\/25\/sulla-giornata-di-mobilitazione-del-21-giugno\/\" \/>\n<meta property=\"og:locale\" content=\"it_IT\" \/>\n<meta property=\"og:type\" content=\"article\" \/>\n<meta property=\"og:title\" content=\"Sulla giornata di mobilitazione del 21 giugno - Coordinamento Nazionale No NATO\" \/>\n<meta property=\"og:description\" content=\"Riflessioni del Coordinamento Nazionale No Nato sulla giornata di mobilitazione del 21 giugno\" \/>\n<meta property=\"og:url\" content=\"https:\/\/www.noguerranonato.org\/coordinamentonazionale\/2025\/06\/25\/sulla-giornata-di-mobilitazione-del-21-giugno\/\" \/>\n<meta property=\"og:site_name\" content=\"Coordinamento Nazionale No NATO\" \/>\n<meta property=\"article:published_time\" content=\"2025-06-25T13:32:23+00:00\" \/>\n<meta property=\"article:modified_time\" content=\"2025-06-25T13:42:02+00:00\" \/>\n<meta property=\"og:image\" content=\"https:\/\/www.noguerranonato.org\/coordinamentonazionale\/wp-content\/uploads\/sites\/10\/2025\/06\/5960800530060134126_121-e1750858898324.jpg\" \/>\n\t<meta property=\"og:image:width\" content=\"1184\" \/>\n\t<meta property=\"og:image:height\" content=\"676\" \/>\n\t<meta property=\"og:image:type\" content=\"image\/jpeg\" \/>\n<meta name=\"author\" content=\"coordinamentonazionalenonato\" \/>\n<meta name=\"twitter:card\" content=\"summary_large_image\" \/>\n<meta name=\"twitter:label1\" content=\"Scritto da\" \/>\n\t<meta name=\"twitter:data1\" content=\"coordinamentonazionalenonato\" \/>\n\t<meta name=\"twitter:label2\" content=\"Tempo di lettura stimato\" \/>\n\t<meta name=\"twitter:data2\" content=\"6 minuti\" \/>\n<script type=\"application\/ld+json\" class=\"yoast-schema-graph\">{\"@context\":\"https:\/\/schema.org\",\"@graph\":[{\"@type\":\"WebPage\",\"@id\":\"https:\/\/www.noguerranonato.org\/coordinamentonazionale\/2025\/06\/25\/sulla-giornata-di-mobilitazione-del-21-giugno\/\",\"url\":\"https:\/\/www.noguerranonato.org\/coordinamentonazionale\/2025\/06\/25\/sulla-giornata-di-mobilitazione-del-21-giugno\/\",\"name\":\"Sulla giornata di mobilitazione del 21 giugno - Coordinamento Nazionale No NATO\",\"isPartOf\":{\"@id\":\"https:\/\/www.noguerranonato.org\/coordinamentonazionale\/#website\"},\"primaryImageOfPage\":{\"@id\":\"https:\/\/www.noguerranonato.org\/coordinamentonazionale\/2025\/06\/25\/sulla-giornata-di-mobilitazione-del-21-giugno\/#primaryimage\"},\"image\":{\"@id\":\"https:\/\/www.noguerranonato.org\/coordinamentonazionale\/2025\/06\/25\/sulla-giornata-di-mobilitazione-del-21-giugno\/#primaryimage\"},\"thumbnailUrl\":\"https:\/\/www.noguerranonato.org\/coordinamentonazionale\/wp-content\/uploads\/sites\/10\/2025\/06\/5960800530060134126_121-e1750858898324.jpg\",\"datePublished\":\"2025-06-25T13:32:23+00:00\",\"dateModified\":\"2025-06-25T13:42:02+00:00\",\"author\":{\"@id\":\"https:\/\/www.noguerranonato.org\/coordinamentonazionale\/#\/schema\/person\/4e6309bf3fd3234e6fd55148db7d393b\"},\"description\":\"Riflessioni del Coordinamento Nazionale No Nato sulla giornata di mobilitazione del 21 giugno\",\"breadcrumb\":{\"@id\":\"https:\/\/www.noguerranonato.org\/coordinamentonazionale\/2025\/06\/25\/sulla-giornata-di-mobilitazione-del-21-giugno\/#breadcrumb\"},\"inLanguage\":\"it-IT\",\"potentialAction\":[{\"@type\":\"ReadAction\",\"target\":[\"https:\/\/www.noguerranonato.org\/coordinamentonazionale\/2025\/06\/25\/sulla-giornata-di-mobilitazione-del-21-giugno\/\"]}]},{\"@type\":\"ImageObject\",\"inLanguage\":\"it-IT\",\"@id\":\"https:\/\/www.noguerranonato.org\/coordinamentonazionale\/2025\/06\/25\/sulla-giornata-di-mobilitazione-del-21-giugno\/#primaryimage\",\"url\":\"https:\/\/www.noguerranonato.org\/coordinamentonazionale\/wp-content\/uploads\/sites\/10\/2025\/06\/5960800530060134126_121-e1750858898324.jpg\",\"contentUrl\":\"https:\/\/www.noguerranonato.org\/coordinamentonazionale\/wp-content\/uploads\/sites\/10\/2025\/06\/5960800530060134126_121-e1750858898324.jpg\",\"width\":1184,\"height\":676},{\"@type\":\"BreadcrumbList\",\"@id\":\"https:\/\/www.noguerranonato.org\/coordinamentonazionale\/2025\/06\/25\/sulla-giornata-di-mobilitazione-del-21-giugno\/#breadcrumb\",\"itemListElement\":[{\"@type\":\"ListItem\",\"position\":1,\"name\":\"Home\",\"item\":\"https:\/\/www.noguerranonato.org\/coordinamentonazionale\/\"},{\"@type\":\"ListItem\",\"position\":2,\"name\":\"Sulla giornata di mobilitazione del 21 giugno\"}]},{\"@type\":\"WebSite\",\"@id\":\"https:\/\/www.noguerranonato.org\/coordinamentonazionale\/#website\",\"url\":\"https:\/\/www.noguerranonato.org\/coordinamentonazionale\/\",\"name\":\"Coordinamento Nazionale No NATO\",\"description\":\"\",\"potentialAction\":[{\"@type\":\"SearchAction\",\"target\":{\"@type\":\"EntryPoint\",\"urlTemplate\":\"https:\/\/www.noguerranonato.org\/coordinamentonazionale\/?s={search_term_string}\"},\"query-input\":{\"@type\":\"PropertyValueSpecification\",\"valueRequired\":true,\"valueName\":\"search_term_string\"}}],\"inLanguage\":\"it-IT\"},{\"@type\":\"Person\",\"@id\":\"https:\/\/www.noguerranonato.org\/coordinamentonazionale\/#\/schema\/person\/4e6309bf3fd3234e6fd55148db7d393b\",\"name\":\"coordinamentonazionalenonato\",\"image\":{\"@type\":\"ImageObject\",\"inLanguage\":\"it-IT\",\"@id\":\"https:\/\/www.noguerranonato.org\/coordinamentonazionale\/#\/schema\/person\/image\/\",\"url\":\"https:\/\/secure.gravatar.com\/avatar\/a2d56e6244e0be2c5394c36d1275265d?s=96&d=mm&r=g\",\"contentUrl\":\"https:\/\/secure.gravatar.com\/avatar\/a2d56e6244e0be2c5394c36d1275265d?s=96&d=mm&r=g\",\"caption\":\"coordinamentonazionalenonato\"},\"url\":\"https:\/\/www.noguerranonato.org\/coordinamentonazionale\/author\/coordinamentonazionale\/\"}]}<\/script>\n<!-- \/ Yoast SEO plugin. -->","yoast_head_json":{"title":"Sulla giornata di mobilitazione del 21 giugno - Coordinamento Nazionale No NATO","description":"Riflessioni del Coordinamento Nazionale No Nato sulla giornata di mobilitazione del 21 giugno","robots":{"index":"index","follow":"follow","max-snippet":"max-snippet:-1","max-image-preview":"max-image-preview:large","max-video-preview":"max-video-preview:-1"},"canonical":"https:\/\/www.noguerranonato.org\/coordinamentonazionale\/2025\/06\/25\/sulla-giornata-di-mobilitazione-del-21-giugno\/","og_locale":"it_IT","og_type":"article","og_title":"Sulla giornata di mobilitazione del 21 giugno - Coordinamento Nazionale No NATO","og_description":"Riflessioni del Coordinamento Nazionale No Nato sulla giornata di mobilitazione del 21 giugno","og_url":"https:\/\/www.noguerranonato.org\/coordinamentonazionale\/2025\/06\/25\/sulla-giornata-di-mobilitazione-del-21-giugno\/","og_site_name":"Coordinamento Nazionale No NATO","article_published_time":"2025-06-25T13:32:23+00:00","article_modified_time":"2025-06-25T13:42:02+00:00","og_image":[{"width":1184,"height":676,"url":"https:\/\/www.noguerranonato.org\/coordinamentonazionale\/wp-content\/uploads\/sites\/10\/2025\/06\/5960800530060134126_121-e1750858898324.jpg","type":"image\/jpeg"}],"author":"coordinamentonazionalenonato","twitter_card":"summary_large_image","twitter_misc":{"Scritto da":"coordinamentonazionalenonato","Tempo di lettura stimato":"6 minuti"},"schema":{"@context":"https:\/\/schema.org","@graph":[{"@type":"WebPage","@id":"https:\/\/www.noguerranonato.org\/coordinamentonazionale\/2025\/06\/25\/sulla-giornata-di-mobilitazione-del-21-giugno\/","url":"https:\/\/www.noguerranonato.org\/coordinamentonazionale\/2025\/06\/25\/sulla-giornata-di-mobilitazione-del-21-giugno\/","name":"Sulla giornata di mobilitazione del 21 giugno - Coordinamento Nazionale No NATO","isPartOf":{"@id":"https:\/\/www.noguerranonato.org\/coordinamentonazionale\/#website"},"primaryImageOfPage":{"@id":"https:\/\/www.noguerranonato.org\/coordinamentonazionale\/2025\/06\/25\/sulla-giornata-di-mobilitazione-del-21-giugno\/#primaryimage"},"image":{"@id":"https:\/\/www.noguerranonato.org\/coordinamentonazionale\/2025\/06\/25\/sulla-giornata-di-mobilitazione-del-21-giugno\/#primaryimage"},"thumbnailUrl":"https:\/\/www.noguerranonato.org\/coordinamentonazionale\/wp-content\/uploads\/sites\/10\/2025\/06\/5960800530060134126_121-e1750858898324.jpg","datePublished":"2025-06-25T13:32:23+00:00","dateModified":"2025-06-25T13:42:02+00:00","author":{"@id":"https:\/\/www.noguerranonato.org\/coordinamentonazionale\/#\/schema\/person\/4e6309bf3fd3234e6fd55148db7d393b"},"description":"Riflessioni del Coordinamento Nazionale No Nato sulla giornata di mobilitazione del 21 giugno","breadcrumb":{"@id":"https:\/\/www.noguerranonato.org\/coordinamentonazionale\/2025\/06\/25\/sulla-giornata-di-mobilitazione-del-21-giugno\/#breadcrumb"},"inLanguage":"it-IT","potentialAction":[{"@type":"ReadAction","target":["https:\/\/www.noguerranonato.org\/coordinamentonazionale\/2025\/06\/25\/sulla-giornata-di-mobilitazione-del-21-giugno\/"]}]},{"@type":"ImageObject","inLanguage":"it-IT","@id":"https:\/\/www.noguerranonato.org\/coordinamentonazionale\/2025\/06\/25\/sulla-giornata-di-mobilitazione-del-21-giugno\/#primaryimage","url":"https:\/\/www.noguerranonato.org\/coordinamentonazionale\/wp-content\/uploads\/sites\/10\/2025\/06\/5960800530060134126_121-e1750858898324.jpg","contentUrl":"https:\/\/www.noguerranonato.org\/coordinamentonazionale\/wp-content\/uploads\/sites\/10\/2025\/06\/5960800530060134126_121-e1750858898324.jpg","width":1184,"height":676},{"@type":"BreadcrumbList","@id":"https:\/\/www.noguerranonato.org\/coordinamentonazionale\/2025\/06\/25\/sulla-giornata-di-mobilitazione-del-21-giugno\/#breadcrumb","itemListElement":[{"@type":"ListItem","position":1,"name":"Home","item":"https:\/\/www.noguerranonato.org\/coordinamentonazionale\/"},{"@type":"ListItem","position":2,"name":"Sulla giornata di mobilitazione del 21 giugno"}]},{"@type":"WebSite","@id":"https:\/\/www.noguerranonato.org\/coordinamentonazionale\/#website","url":"https:\/\/www.noguerranonato.org\/coordinamentonazionale\/","name":"Coordinamento Nazionale No NATO","description":"","potentialAction":[{"@type":"SearchAction","target":{"@type":"EntryPoint","urlTemplate":"https:\/\/www.noguerranonato.org\/coordinamentonazionale\/?s={search_term_string}"},"query-input":{"@type":"PropertyValueSpecification","valueRequired":true,"valueName":"search_term_string"}}],"inLanguage":"it-IT"},{"@type":"Person","@id":"https:\/\/www.noguerranonato.org\/coordinamentonazionale\/#\/schema\/person\/4e6309bf3fd3234e6fd55148db7d393b","name":"coordinamentonazionalenonato","image":{"@type":"ImageObject","inLanguage":"it-IT","@id":"https:\/\/www.noguerranonato.org\/coordinamentonazionale\/#\/schema\/person\/image\/","url":"https:\/\/secure.gravatar.com\/avatar\/a2d56e6244e0be2c5394c36d1275265d?s=96&d=mm&r=g","contentUrl":"https:\/\/secure.gravatar.com\/avatar\/a2d56e6244e0be2c5394c36d1275265d?s=96&d=mm&r=g","caption":"coordinamentonazionalenonato"},"url":"https:\/\/www.noguerranonato.org\/coordinamentonazionale\/author\/coordinamentonazionale\/"}]}},"_links":{"self":[{"href":"https:\/\/www.noguerranonato.org\/coordinamentonazionale\/wp-json\/wp\/v2\/posts\/237"}],"collection":[{"href":"https:\/\/www.noguerranonato.org\/coordinamentonazionale\/wp-json\/wp\/v2\/posts"}],"about":[{"href":"https:\/\/www.noguerranonato.org\/coordinamentonazionale\/wp-json\/wp\/v2\/types\/post"}],"author":[{"embeddable":true,"href":"https:\/\/www.noguerranonato.org\/coordinamentonazionale\/wp-json\/wp\/v2\/users\/10"}],"replies":[{"embeddable":true,"href":"https:\/\/www.noguerranonato.org\/coordinamentonazionale\/wp-json\/wp\/v2\/comments?post=237"}],"version-history":[{"count":1,"href":"https:\/\/www.noguerranonato.org\/coordinamentonazionale\/wp-json\/wp\/v2\/posts\/237\/revisions"}],"predecessor-version":[{"id":239,"href":"https:\/\/www.noguerranonato.org\/coordinamentonazionale\/wp-json\/wp\/v2\/posts\/237\/revisions\/239"}],"wp:featuredmedia":[{"embeddable":true,"href":"https:\/\/www.noguerranonato.org\/coordinamentonazionale\/wp-json\/wp\/v2\/media\/238"}],"wp:attachment":[{"href":"https:\/\/www.noguerranonato.org\/coordinamentonazionale\/wp-json\/wp\/v2\/media?parent=237"}],"wp:term":[{"taxonomy":"category","embeddable":true,"href":"https:\/\/www.noguerranonato.org\/coordinamentonazionale\/wp-json\/wp\/v2\/categories?post=237"},{"taxonomy":"post_tag","embeddable":true,"href":"https:\/\/www.noguerranonato.org\/coordinamentonazionale\/wp-json\/wp\/v2\/tags?post=237"}],"curies":[{"name":"wp","href":"https:\/\/api.w.org\/{rel}","templated":true}]}}