{"id":248,"date":"2025-07-16T08:21:01","date_gmt":"2025-07-16T06:21:01","guid":{"rendered":"https:\/\/www.noguerranonato.org\/coordinamentonazionale\/?p=248"},"modified":"2025-07-16T08:21:01","modified_gmt":"2025-07-16T06:21:01","slug":"solidarieta-a-luigi-borrelli-e-a-tutti-i-lavoratori-che-lottano-per-fermare-il-traffico-di-armi","status":"publish","type":"post","link":"https:\/\/www.noguerranonato.org\/coordinamentonazionale\/2025\/07\/16\/solidarieta-a-luigi-borrelli-e-a-tutti-i-lavoratori-che-lottano-per-fermare-il-traffico-di-armi\/","title":{"rendered":"Solidariet\u00e0 a Luigi Borrelli e a tutti i lavoratori che lottano per fermare il traffico di armi!"},"content":{"rendered":"\n<p><\/p>\n\n\n\n<p>16.07.2025<\/p>\n\n\n\n<p>Lo scorso 25 giugno all\u2019aeroporto di Montichiari (BS) \u00e8 stato impedito il transito di un aereo cargo carico di missili diretti in Qatar, grazie allo sciopero dei lavoratori USB sostenuto da un presidio di circa 150 solidali. L\u2019iniziativa del 25 giugno scorso ha dimostrato che i lavoratori hanno un ruolo centrale, determinante, nel fermare la spirale della Terza guerra mondiale, nel fare in modo che il nostro paese non sia il retroterra logistico delle operazioni criminali dei guerrafondai della NATO, dell\u2019UE e dello Stato sionista. In risposta a questa mobilitazione, Luigi Borrelli, delegato USB presso l\u2019aeroporto di Montichiari, ha ricevuto minaccia di licenziamento da parte della GDA Handling, l\u2019azienda per cui lavora.<\/p>\n\n\n\n<p>Il Coordinamento Nazionale No Nato esprime solidariet\u00e0 e complicit\u00e0 con Luigi Borrelli e con tutti quei lavoratori che con coraggio si mobilitano per spezzare lo sviluppo della Terza guerra mondiale. La mobilitazione dei lavoratori non solo va sostenuta, ma va incoraggiata, ne vanno propagandati gli esempi positivi e vanno estese le esperienze di lotta in ogni azienda del paese. <\/p>\n\n\n\n<p>Non c\u2019\u00e8 luogo di lavoro infatti che non sia coinvolto nei giochi di guerra: dalle produzioni in via di conversione (da civile a bellico), alla logistica a sostegno del traffico di armi fino a quelle aziende propriet\u00e0 di fondi finanziari che investono direttamente nella guerra, passando per le scuole, gli ospedali, i centri di ricerca, ecc. Tutti i lavoratori sono coinvolti, chi pi\u00f9 chi meno, nel contesto di crescente sviluppo della Terza guerra mondiale e alla loro mobilitazione bisogna guardare per far crescere di livello la mobilitazione di massa contro la guerra.<\/p>\n\n\n\n<p>Invitiamo tutte le forze politiche, sindacali e sociali solidali con Luigi Borrelli a partecipare, gioved\u00ec 17 luglio alle ore 16.30, alla manifestazione indetta da USB in Piazza Paolo VI sotto la Prefettura di Brescia.<\/p>\n\n\n\n<p>Invitiamo tutte le forze politiche, sindacali e sociali a esprimere la propria solidariet\u00e0 e fare fronte comune contro la repressione padronale: il diritto allo sciopero \u00e8 sacrosanto, criminali sono i guerrafondai e le autorit\u00e0 del nostro paese che supinamente ubbidiscono agli Usa, alla NATO, ai sionisti e all\u2019UE e non i lavoratori che si mobilitano per fermarli!<\/p>\n\n\n\n<p><strong>Coordinamento Nazionale No Nato<\/strong><\/p>\n\n\n\n<p><em>Telegram<\/em>: <a href=\"https:\/\/t.me\/CoordNazNoNATO\">https:\/\/t.me\/CoordNazNoNATO<\/a><\/p>\n\n\n\n<p><em>Contatto mail<\/em>: <a href=\"mailto:coordinamentonazionalenonato@proton.me\">coordinamentonazionalenonato@proton.me<\/a><\/p>\n\n\n\n<p><em>Sito<\/em>: <a href=\"https:\/\/www.noguerranonato.org\/coordinamentonazionale\">https:\/\/www.noguerranonato.org\/coordinamentonazionale<\/a><\/p>\n","protected":false},"excerpt":{"rendered":"<p>16.07.2025 Lo scorso 25 giugno all\u2019aeroporto di Montichiari (BS) \u00e8 stato impedito il transito di un aereo cargo carico di missili diretti in Qatar, grazie allo sciopero dei lavoratori USB sostenuto da un presidio di circa 150 solidali. L\u2019iniziativa del 25 giugno scorso ha dimostrato che i lavoratori hanno un ruolo centrale, determinante, nel fermare&hellip;&nbsp;<a href=\"https:\/\/www.noguerranonato.org\/coordinamentonazionale\/2025\/07\/16\/solidarieta-a-luigi-borrelli-e-a-tutti-i-lavoratori-che-lottano-per-fermare-il-traffico-di-armi\/\" class=\"\" rel=\"bookmark\">Leggi tutto &raquo;<span class=\"screen-reader-text\">Solidariet\u00e0 a Luigi Borrelli e a tutti i lavoratori che lottano per fermare il traffico di armi!<\/span><\/a><\/p>\n","protected":false},"author":10,"featured_media":251,"comment_status":"open","ping_status":"open","sticky":false,"template":"","format":"standard","meta":{"neve_meta_sidebar":"","neve_meta_container":"","neve_meta_enable_content_width":"","neve_meta_content_width":0,"neve_meta_title_alignment":"","neve_meta_author_avatar":"","neve_post_elements_order":"","neve_meta_disable_header":"","neve_meta_disable_footer":"","neve_meta_disable_title":"","footnotes":""},"categories":[1],"tags":[15,10,9,25],"class_list":["post-248","post","type-post","status-publish","format-standard","has-post-thumbnail","hentry","category-senza-categoria","tag-coordinamento-nazionale-no-nato","tag-no-nato","tag-solidarieta","tag-usb"],"yoast_head":"<!-- This site is optimized with the Yoast SEO plugin v23.9 - https:\/\/yoast.com\/wordpress\/plugins\/seo\/ -->\n<title>Solidariet\u00e0 a Luigi Borrelli e a tutti i lavoratori che lottano per fermare il traffico di armi! - Coordinamento Nazionale No NATO<\/title>\n<meta name=\"description\" content=\"Comunicato di solidariet\u00e0 a Luigi Borrelli delegato USB: il diritto allo sciopero \u00e8 sacrosanto. Fermiamo la Terza guerra mondiale!\" \/>\n<meta name=\"robots\" content=\"index, follow, max-snippet:-1, max-image-preview:large, max-video-preview:-1\" \/>\n<link rel=\"canonical\" href=\"https:\/\/www.noguerranonato.org\/coordinamentonazionale\/2025\/07\/16\/solidarieta-a-luigi-borrelli-e-a-tutti-i-lavoratori-che-lottano-per-fermare-il-traffico-di-armi\/\" \/>\n<meta property=\"og:locale\" content=\"it_IT\" \/>\n<meta property=\"og:type\" content=\"article\" \/>\n<meta property=\"og:title\" content=\"Solidariet\u00e0 a Luigi Borrelli e a tutti i lavoratori che lottano per fermare il traffico di armi! - Coordinamento Nazionale No NATO\" \/>\n<meta property=\"og:description\" content=\"Comunicato di solidariet\u00e0 a Luigi Borrelli delegato USB: il diritto allo sciopero \u00e8 sacrosanto. Fermiamo la Terza guerra mondiale!\" \/>\n<meta property=\"og:url\" content=\"https:\/\/www.noguerranonato.org\/coordinamentonazionale\/2025\/07\/16\/solidarieta-a-luigi-borrelli-e-a-tutti-i-lavoratori-che-lottano-per-fermare-il-traffico-di-armi\/\" \/>\n<meta property=\"og:site_name\" content=\"Coordinamento Nazionale No NATO\" \/>\n<meta property=\"article:published_time\" content=\"2025-07-16T06:21:01+00:00\" \/>\n<meta property=\"og:image\" content=\"https:\/\/www.noguerranonato.org\/coordinamentonazionale\/wp-content\/uploads\/sites\/10\/2025\/07\/luigi-usb-brescia-e1752646697788.jpeg\" \/>\n\t<meta property=\"og:image:width\" content=\"460\" \/>\n\t<meta property=\"og:image:height\" content=\"449\" \/>\n\t<meta property=\"og:image:type\" content=\"image\/jpeg\" \/>\n<meta name=\"author\" content=\"coordinamentonazionalenonato\" \/>\n<meta name=\"twitter:card\" content=\"summary_large_image\" \/>\n<meta name=\"twitter:label1\" content=\"Scritto da\" \/>\n\t<meta name=\"twitter:data1\" content=\"coordinamentonazionalenonato\" \/>\n\t<meta name=\"twitter:label2\" content=\"Tempo di lettura stimato\" \/>\n\t<meta name=\"twitter:data2\" content=\"3 minuti\" \/>\n<script type=\"application\/ld+json\" class=\"yoast-schema-graph\">{\"@context\":\"https:\/\/schema.org\",\"@graph\":[{\"@type\":\"WebPage\",\"@id\":\"https:\/\/www.noguerranonato.org\/coordinamentonazionale\/2025\/07\/16\/solidarieta-a-luigi-borrelli-e-a-tutti-i-lavoratori-che-lottano-per-fermare-il-traffico-di-armi\/\",\"url\":\"https:\/\/www.noguerranonato.org\/coordinamentonazionale\/2025\/07\/16\/solidarieta-a-luigi-borrelli-e-a-tutti-i-lavoratori-che-lottano-per-fermare-il-traffico-di-armi\/\",\"name\":\"Solidariet\u00e0 a Luigi Borrelli e a tutti i lavoratori che lottano per fermare il traffico di armi! - Coordinamento Nazionale No NATO\",\"isPartOf\":{\"@id\":\"https:\/\/www.noguerranonato.org\/coordinamentonazionale\/#website\"},\"primaryImageOfPage\":{\"@id\":\"https:\/\/www.noguerranonato.org\/coordinamentonazionale\/2025\/07\/16\/solidarieta-a-luigi-borrelli-e-a-tutti-i-lavoratori-che-lottano-per-fermare-il-traffico-di-armi\/#primaryimage\"},\"image\":{\"@id\":\"https:\/\/www.noguerranonato.org\/coordinamentonazionale\/2025\/07\/16\/solidarieta-a-luigi-borrelli-e-a-tutti-i-lavoratori-che-lottano-per-fermare-il-traffico-di-armi\/#primaryimage\"},\"thumbnailUrl\":\"https:\/\/www.noguerranonato.org\/coordinamentonazionale\/wp-content\/uploads\/sites\/10\/2025\/07\/luigi-usb-brescia-e1752646697788.jpeg\",\"datePublished\":\"2025-07-16T06:21:01+00:00\",\"dateModified\":\"2025-07-16T06:21:01+00:00\",\"author\":{\"@id\":\"https:\/\/www.noguerranonato.org\/coordinamentonazionale\/#\/schema\/person\/4e6309bf3fd3234e6fd55148db7d393b\"},\"description\":\"Comunicato di solidariet\u00e0 a Luigi Borrelli delegato USB: il diritto allo sciopero \u00e8 sacrosanto. Fermiamo la Terza guerra mondiale!\",\"breadcrumb\":{\"@id\":\"https:\/\/www.noguerranonato.org\/coordinamentonazionale\/2025\/07\/16\/solidarieta-a-luigi-borrelli-e-a-tutti-i-lavoratori-che-lottano-per-fermare-il-traffico-di-armi\/#breadcrumb\"},\"inLanguage\":\"it-IT\",\"potentialAction\":[{\"@type\":\"ReadAction\",\"target\":[\"https:\/\/www.noguerranonato.org\/coordinamentonazionale\/2025\/07\/16\/solidarieta-a-luigi-borrelli-e-a-tutti-i-lavoratori-che-lottano-per-fermare-il-traffico-di-armi\/\"]}]},{\"@type\":\"ImageObject\",\"inLanguage\":\"it-IT\",\"@id\":\"https:\/\/www.noguerranonato.org\/coordinamentonazionale\/2025\/07\/16\/solidarieta-a-luigi-borrelli-e-a-tutti-i-lavoratori-che-lottano-per-fermare-il-traffico-di-armi\/#primaryimage\",\"url\":\"https:\/\/www.noguerranonato.org\/coordinamentonazionale\/wp-content\/uploads\/sites\/10\/2025\/07\/luigi-usb-brescia-e1752646697788.jpeg\",\"contentUrl\":\"https:\/\/www.noguerranonato.org\/coordinamentonazionale\/wp-content\/uploads\/sites\/10\/2025\/07\/luigi-usb-brescia-e1752646697788.jpeg\",\"width\":460,\"height\":449},{\"@type\":\"BreadcrumbList\",\"@id\":\"https:\/\/www.noguerranonato.org\/coordinamentonazionale\/2025\/07\/16\/solidarieta-a-luigi-borrelli-e-a-tutti-i-lavoratori-che-lottano-per-fermare-il-traffico-di-armi\/#breadcrumb\",\"itemListElement\":[{\"@type\":\"ListItem\",\"position\":1,\"name\":\"Home\",\"item\":\"https:\/\/www.noguerranonato.org\/coordinamentonazionale\/\"},{\"@type\":\"ListItem\",\"position\":2,\"name\":\"Solidariet\u00e0 a Luigi Borrelli e a tutti i lavoratori che lottano per fermare il traffico di armi!\"}]},{\"@type\":\"WebSite\",\"@id\":\"https:\/\/www.noguerranonato.org\/coordinamentonazionale\/#website\",\"url\":\"https:\/\/www.noguerranonato.org\/coordinamentonazionale\/\",\"name\":\"Coordinamento Nazionale No NATO\",\"description\":\"\",\"potentialAction\":[{\"@type\":\"SearchAction\",\"target\":{\"@type\":\"EntryPoint\",\"urlTemplate\":\"https:\/\/www.noguerranonato.org\/coordinamentonazionale\/?s={search_term_string}\"},\"query-input\":{\"@type\":\"PropertyValueSpecification\",\"valueRequired\":true,\"valueName\":\"search_term_string\"}}],\"inLanguage\":\"it-IT\"},{\"@type\":\"Person\",\"@id\":\"https:\/\/www.noguerranonato.org\/coordinamentonazionale\/#\/schema\/person\/4e6309bf3fd3234e6fd55148db7d393b\",\"name\":\"coordinamentonazionalenonato\",\"image\":{\"@type\":\"ImageObject\",\"inLanguage\":\"it-IT\",\"@id\":\"https:\/\/www.noguerranonato.org\/coordinamentonazionale\/#\/schema\/person\/image\/\",\"url\":\"https:\/\/secure.gravatar.com\/avatar\/a2d56e6244e0be2c5394c36d1275265d?s=96&d=mm&r=g\",\"contentUrl\":\"https:\/\/secure.gravatar.com\/avatar\/a2d56e6244e0be2c5394c36d1275265d?s=96&d=mm&r=g\",\"caption\":\"coordinamentonazionalenonato\"},\"url\":\"https:\/\/www.noguerranonato.org\/coordinamentonazionale\/author\/coordinamentonazionale\/\"}]}<\/script>\n<!-- \/ Yoast SEO plugin. -->","yoast_head_json":{"title":"Solidariet\u00e0 a Luigi Borrelli e a tutti i lavoratori che lottano per fermare il traffico di armi! - Coordinamento Nazionale No NATO","description":"Comunicato di solidariet\u00e0 a Luigi Borrelli delegato USB: il diritto allo sciopero \u00e8 sacrosanto. Fermiamo la Terza guerra mondiale!","robots":{"index":"index","follow":"follow","max-snippet":"max-snippet:-1","max-image-preview":"max-image-preview:large","max-video-preview":"max-video-preview:-1"},"canonical":"https:\/\/www.noguerranonato.org\/coordinamentonazionale\/2025\/07\/16\/solidarieta-a-luigi-borrelli-e-a-tutti-i-lavoratori-che-lottano-per-fermare-il-traffico-di-armi\/","og_locale":"it_IT","og_type":"article","og_title":"Solidariet\u00e0 a Luigi Borrelli e a tutti i lavoratori che lottano per fermare il traffico di armi! - Coordinamento Nazionale No NATO","og_description":"Comunicato di solidariet\u00e0 a Luigi Borrelli delegato USB: il diritto allo sciopero \u00e8 sacrosanto. Fermiamo la Terza guerra mondiale!","og_url":"https:\/\/www.noguerranonato.org\/coordinamentonazionale\/2025\/07\/16\/solidarieta-a-luigi-borrelli-e-a-tutti-i-lavoratori-che-lottano-per-fermare-il-traffico-di-armi\/","og_site_name":"Coordinamento Nazionale No NATO","article_published_time":"2025-07-16T06:21:01+00:00","og_image":[{"width":460,"height":449,"url":"https:\/\/www.noguerranonato.org\/coordinamentonazionale\/wp-content\/uploads\/sites\/10\/2025\/07\/luigi-usb-brescia-e1752646697788.jpeg","type":"image\/jpeg"}],"author":"coordinamentonazionalenonato","twitter_card":"summary_large_image","twitter_misc":{"Scritto da":"coordinamentonazionalenonato","Tempo di lettura stimato":"3 minuti"},"schema":{"@context":"https:\/\/schema.org","@graph":[{"@type":"WebPage","@id":"https:\/\/www.noguerranonato.org\/coordinamentonazionale\/2025\/07\/16\/solidarieta-a-luigi-borrelli-e-a-tutti-i-lavoratori-che-lottano-per-fermare-il-traffico-di-armi\/","url":"https:\/\/www.noguerranonato.org\/coordinamentonazionale\/2025\/07\/16\/solidarieta-a-luigi-borrelli-e-a-tutti-i-lavoratori-che-lottano-per-fermare-il-traffico-di-armi\/","name":"Solidariet\u00e0 a Luigi Borrelli e a tutti i lavoratori che lottano per fermare il traffico di armi! - Coordinamento Nazionale No NATO","isPartOf":{"@id":"https:\/\/www.noguerranonato.org\/coordinamentonazionale\/#website"},"primaryImageOfPage":{"@id":"https:\/\/www.noguerranonato.org\/coordinamentonazionale\/2025\/07\/16\/solidarieta-a-luigi-borrelli-e-a-tutti-i-lavoratori-che-lottano-per-fermare-il-traffico-di-armi\/#primaryimage"},"image":{"@id":"https:\/\/www.noguerranonato.org\/coordinamentonazionale\/2025\/07\/16\/solidarieta-a-luigi-borrelli-e-a-tutti-i-lavoratori-che-lottano-per-fermare-il-traffico-di-armi\/#primaryimage"},"thumbnailUrl":"https:\/\/www.noguerranonato.org\/coordinamentonazionale\/wp-content\/uploads\/sites\/10\/2025\/07\/luigi-usb-brescia-e1752646697788.jpeg","datePublished":"2025-07-16T06:21:01+00:00","dateModified":"2025-07-16T06:21:01+00:00","author":{"@id":"https:\/\/www.noguerranonato.org\/coordinamentonazionale\/#\/schema\/person\/4e6309bf3fd3234e6fd55148db7d393b"},"description":"Comunicato di solidariet\u00e0 a Luigi Borrelli delegato USB: il diritto allo sciopero \u00e8 sacrosanto. Fermiamo la Terza guerra mondiale!","breadcrumb":{"@id":"https:\/\/www.noguerranonato.org\/coordinamentonazionale\/2025\/07\/16\/solidarieta-a-luigi-borrelli-e-a-tutti-i-lavoratori-che-lottano-per-fermare-il-traffico-di-armi\/#breadcrumb"},"inLanguage":"it-IT","potentialAction":[{"@type":"ReadAction","target":["https:\/\/www.noguerranonato.org\/coordinamentonazionale\/2025\/07\/16\/solidarieta-a-luigi-borrelli-e-a-tutti-i-lavoratori-che-lottano-per-fermare-il-traffico-di-armi\/"]}]},{"@type":"ImageObject","inLanguage":"it-IT","@id":"https:\/\/www.noguerranonato.org\/coordinamentonazionale\/2025\/07\/16\/solidarieta-a-luigi-borrelli-e-a-tutti-i-lavoratori-che-lottano-per-fermare-il-traffico-di-armi\/#primaryimage","url":"https:\/\/www.noguerranonato.org\/coordinamentonazionale\/wp-content\/uploads\/sites\/10\/2025\/07\/luigi-usb-brescia-e1752646697788.jpeg","contentUrl":"https:\/\/www.noguerranonato.org\/coordinamentonazionale\/wp-content\/uploads\/sites\/10\/2025\/07\/luigi-usb-brescia-e1752646697788.jpeg","width":460,"height":449},{"@type":"BreadcrumbList","@id":"https:\/\/www.noguerranonato.org\/coordinamentonazionale\/2025\/07\/16\/solidarieta-a-luigi-borrelli-e-a-tutti-i-lavoratori-che-lottano-per-fermare-il-traffico-di-armi\/#breadcrumb","itemListElement":[{"@type":"ListItem","position":1,"name":"Home","item":"https:\/\/www.noguerranonato.org\/coordinamentonazionale\/"},{"@type":"ListItem","position":2,"name":"Solidariet\u00e0 a Luigi Borrelli e a tutti i lavoratori che lottano per fermare il traffico di armi!"}]},{"@type":"WebSite","@id":"https:\/\/www.noguerranonato.org\/coordinamentonazionale\/#website","url":"https:\/\/www.noguerranonato.org\/coordinamentonazionale\/","name":"Coordinamento Nazionale No NATO","description":"","potentialAction":[{"@type":"SearchAction","target":{"@type":"EntryPoint","urlTemplate":"https:\/\/www.noguerranonato.org\/coordinamentonazionale\/?s={search_term_string}"},"query-input":{"@type":"PropertyValueSpecification","valueRequired":true,"valueName":"search_term_string"}}],"inLanguage":"it-IT"},{"@type":"Person","@id":"https:\/\/www.noguerranonato.org\/coordinamentonazionale\/#\/schema\/person\/4e6309bf3fd3234e6fd55148db7d393b","name":"coordinamentonazionalenonato","image":{"@type":"ImageObject","inLanguage":"it-IT","@id":"https:\/\/www.noguerranonato.org\/coordinamentonazionale\/#\/schema\/person\/image\/","url":"https:\/\/secure.gravatar.com\/avatar\/a2d56e6244e0be2c5394c36d1275265d?s=96&d=mm&r=g","contentUrl":"https:\/\/secure.gravatar.com\/avatar\/a2d56e6244e0be2c5394c36d1275265d?s=96&d=mm&r=g","caption":"coordinamentonazionalenonato"},"url":"https:\/\/www.noguerranonato.org\/coordinamentonazionale\/author\/coordinamentonazionale\/"}]}},"_links":{"self":[{"href":"https:\/\/www.noguerranonato.org\/coordinamentonazionale\/wp-json\/wp\/v2\/posts\/248"}],"collection":[{"href":"https:\/\/www.noguerranonato.org\/coordinamentonazionale\/wp-json\/wp\/v2\/posts"}],"about":[{"href":"https:\/\/www.noguerranonato.org\/coordinamentonazionale\/wp-json\/wp\/v2\/types\/post"}],"author":[{"embeddable":true,"href":"https:\/\/www.noguerranonato.org\/coordinamentonazionale\/wp-json\/wp\/v2\/users\/10"}],"replies":[{"embeddable":true,"href":"https:\/\/www.noguerranonato.org\/coordinamentonazionale\/wp-json\/wp\/v2\/comments?post=248"}],"version-history":[{"count":1,"href":"https:\/\/www.noguerranonato.org\/coordinamentonazionale\/wp-json\/wp\/v2\/posts\/248\/revisions"}],"predecessor-version":[{"id":252,"href":"https:\/\/www.noguerranonato.org\/coordinamentonazionale\/wp-json\/wp\/v2\/posts\/248\/revisions\/252"}],"wp:featuredmedia":[{"embeddable":true,"href":"https:\/\/www.noguerranonato.org\/coordinamentonazionale\/wp-json\/wp\/v2\/media\/251"}],"wp:attachment":[{"href":"https:\/\/www.noguerranonato.org\/coordinamentonazionale\/wp-json\/wp\/v2\/media?parent=248"}],"wp:term":[{"taxonomy":"category","embeddable":true,"href":"https:\/\/www.noguerranonato.org\/coordinamentonazionale\/wp-json\/wp\/v2\/categories?post=248"},{"taxonomy":"post_tag","embeddable":true,"href":"https:\/\/www.noguerranonato.org\/coordinamentonazionale\/wp-json\/wp\/v2\/tags?post=248"}],"curies":[{"name":"wp","href":"https:\/\/api.w.org\/{rel}","templated":true}]}}