{"id":38,"date":"2025-02-26T00:23:00","date_gmt":"2025-02-25T23:23:00","guid":{"rendered":"https:\/\/www.noguerranonato.org\/coordinamentonazionale\/?p=38"},"modified":"2025-02-27T11:01:38","modified_gmt":"2025-02-27T10:01:38","slug":"resoconto-assemblea-plenaria-coordinamento-nazionale-no-nato-cnnn-del-16-02-2025","status":"publish","type":"post","link":"https:\/\/www.noguerranonato.org\/coordinamentonazionale\/2025\/02\/26\/resoconto-assemblea-plenaria-coordinamento-nazionale-no-nato-cnnn-del-16-02-2025\/","title":{"rendered":"Resoconto  assemblea plenaria allargata del Coordinamento Nazionale No Nato (CNNN) del 16.02.2025"},"content":{"rendered":"\n<p><\/p>\n\n\n\n<p>Partecipanti:<\/p>\n\n\n\n<p>Federico Roberti e Emanuele Montagna (Coordinamento Paradiso), Emanuele Lepore (ANVUI), Gabriele Abrotini (Resistenza Popolare), Elisabetta Weglik (Tavolo uniti contro la guerra Napoli), Marianna Panico (Generazioni Future) Chiara Masini e Claudio Rizzo (P.CARC), Patrick Boylan (No War Roma), Mila (Collettivo Millepiani Arezzo), Gian Zanoli (Ass. Base Democratica), Gabriele Giovanoli (Carpi Consapevole), Valentina Dell\u2019Aversana (Gallery Art), Luca Raitieri, Sandra Carpilapi, Fabio Gambone (No Comando Nato n\u00e9 a Firenze n\u00e9 altrove), Piero Vannuccini<\/p>\n\n\n\n<p>Emanuele Lepore apre la riunione specificando che \u00e8 stata convocata su base monotematica per discutere della mobilitazione in vista del 76\u00b0 anniversario della fondazione della Nato il 4 aprile, data importante nel contesto attuale visto l\u2019aggravamento della guerra mondiale in corso e l\u2019uso di queste ricorrenze da parte dei promotori della guerra attraverso una dispiegata propaganda bellicista in sostegno alla Nato. Entra nel merito della proposta elaborata dalla segreteria per le giornate del 4, 5 e 6 aprile, ossia quella di organizzare iniziative che hanno come parola d\u2019ordine No nato, No propaganda di guerra e No politiche di guerra (dall\u2019economia di guerra alle politiche repressive) che mettano nel mirino le installazioni e basi militari, le universit\u00e0 con accordi con la Nato e Israele, le ambasciate Usa, ucraine e d&#8217;Israele o ancora le aziende produttrici di armi o coinvolte nel sistema Usa e Nato. Specifica che si tratta di un appello a carattere nazionale ma che c\u2019\u00e8 piena libert\u00e0 per ogni territorio di declinare le parole d\u2019ordine e le iniziative secondo le proprie specificit\u00e0 e battaglie territoriali. Entra poi nel merito della proposta di stesura di un appello rivolto ai sindacati di base e alla sinistra CGIL (cita quanto accaduto a Firenze dove la Camera del Lavoro ha votato una mozione contro l\u2019installazione del Comando Nato a Firenze) in quanto la battaglia contro la Nato riguarda tutto il tessuto produttivo (lo smantellamento dell\u2019apparato produttivo \u00e8 funzionale a investimenti nell\u2019industria bellica e ad altri settori pi\u00f9 remunerativi) e che uno sciopero nazionale, o locale, garantirebbe la possibilit\u00e0 ai lavoratori di partecipare e rappresenterebbe un segnale importante. Parla del criterio di far valere l\u2019unit\u00e0 in modo pi\u00f9 allargato possibile, quindi puntare ad unire le varie realt\u00e0 territoriali e singoli chi vogliono lottare su queste parole d\u2019ordine organizzando assemblee di lancio delle mobilitazioni locali e iniziative di lotta orizzontali senza veti incrociati (dal presidio, mobilitazione di piazza, volantinaggi ecc). Il coordinamento produrr\u00e0 un volantino nazionale che ogni realt\u00e0 potr\u00e0 calare nel contesto specifico.<\/p>\n\n\n\n<p>Sottolinea che l\u2019iniziativa \u00e8 anche un modo per rilanciare nella pratica l\u2019attivit\u00e0 del coordinamento a livello nazionale e entra nel merito del lavoro fatto: in questi mesi il coordinamento si \u00e8 riunito per raccogliere proposte e dotarsi di una struttura (pagina sul sito del No Comando Nato di Firenze, apertura del canale telegram e progettazione delle iniziative di presentazione del coordinamento); specifica che il lavoro da fare \u00e8 molto e fa appello a rendersi disponibili per svilupparlo. Infine fa un passaggio sul contesto politico internazionale parlando dell\u2019elezione di Trump e della tregua a Gaza, due eventi che dimostrano come la propaganda di guerra si scontra con la realt\u00e0 e della miriade di contraddizioni di cui approfittare per sviluppare la lotta contro la Nato nel nostro paese (Comunit\u00e0 Internazionale debole, debolezza di cui dobbiamo approfittare).<\/p>\n\n\n\n<p>Interviene Mila del Collettivo Millepiani di Arezzo che parla di un intervento su un consigliere comunale di Arezzo ex M5S tramite cui si sono assicurati la sala pubblica del comune per l\u2019iniziativa di presentazione del CNNN il 4 aprile. Illustra poi il contesto di Arezzo e provincia: assenti i conflitti sociali, qualche gruppo si impegna ma solo esclusivamente su questioni locali, lamenta la rassegnazione diffusa tra la gente che si manifesta nel cercare ognuno un modo di sopravvivere mentre manca la coscienza di classe sfruttata. Con l\u2019iniziativa del 4 aprile puntano a far riflettere sui nessi tra problemi concreti e la Nato in quanto la Nato \u00e8 al governo del paese e ha nell\u2019economia di guerra il suo asse portante. Parla di due episodi di censura: un compagno perquisito per aver diffuso volantini pro Palestina e il divieto di proiezione del film che tratta delle cause della guerra in ucraina. Chiede al coordinamento di partecipare all\u2019iniziativa del 4 aprile che stanno costruendo con P.CARC, Prospettiva unitaria, comitato pro Palestina e Comitato Casentino Antifascista.<\/p>\n\n\n\n<p>Patrick Boylan interviene brevemente e parla dell\u2019iniziativa del 23 febbraio contro le basi militari e chiede al CNNN se intende aderire.<\/p>\n\n\n\n<p>Interviene Gian Zanolli che parla della proposta di legge che hanno elaborato per la modifica della Costituzione in modo da consentire ai cittadini di avere controllo su questioni nazionali e internazionali.<\/p>\n\n\n\n<p>Interviene Chiara Masini che propone di stendere un comunicato di solidariet\u00e0 sugli episodi di censura ad Arezzo e di rilanciare l\u2019appello di Patrick Boylan; infine rilancia su 4 aprile e iniziative da fare a Roma che possono prendere di mira il COVI + intervento universit\u00e0 e dell\u2019iniziativa di presentazione del coordinamento il 7 marzo a Roma in cui saranno propagandate le iniziative del 4 aprile.<\/p>\n\n\n\n<p>Prende parola Luca Raitieri del No Comando Nato di Firenze che esprime soddisfazione per la collaborazione a livello nazionale, dal momento che il problema \u00e8 nazionale e non locale. Parla poi delle tante lotte da fare che spesso si accavallano per cui si augura anche un coordinamento di forze locali altrimenti si va incontro alla dispersione (fa riferimento al fatto che sul tema guerra e Nato su Firenze ci sono ancora iniziative parallele e non congiunte). L\u2019obiettivo deve essere quello di riconquistare la sovranit\u00e0 popolare attraverso la partecipazione democratica.<\/p>\n\n\n\n<p>Valentina di GalleriArt parla del tavolo <em>uniti contro la guerra<\/em> di Napoli in cui hanno fatto confluire l\u2019istanza No Nato. Il 16 marzo faranno a Napoli l\u2019iniziativa di presentazione del CNNN e il 4 aprile organizzeranno iniziative di piazza, chiede partecipazione del CNNN all\u2019iniziativa di presentazione del 15 marzo.<\/p>\n\n\n\n<p>Gabriele di Carpi Consapevole interviene dicendo che il 4 aprile deve essere concepito come punto di partenza ma non \u00e8 d\u2019accordo nel fare appello ai sindacati di base in quanto essendo noi troppo piccoli staremo al loro carro mentre dobbiamo lavorare per far s\u00ec che siano loro a seguire ci\u00f2 che il coordinamento propone. Prosegue il ragionamento dicendo che un\u2019azione come quella del 23 febbraio (iniziative congiunte di fronte alle basi militari) sar\u00e0 possibile solo quando saremo pi\u00f9 forti e uniti e che la lotta sui singoli territori conta di meno dal momento che \u00e8 difficile arrivare agli altri e che quindi occorre pensare a livello nazionale. Cita poi un episodio di censura a Carpi simile a quello di Arezzo (divieto di proiezione di un film). Il 4 aprile non organizzeranno iniziative in loco ma confluiranno su Modena.<\/p>\n\n\n\n<p>Fabio Gambone prende spunto dall\u2019intervento precedente, parla delle difficolt\u00e0 a organizzarsi e unirsi a livello locale e di come a Firenze stiano mettendo mano alle divisioni; a questo proposito cita il contenuto dell\u2019iniziativa con i consiglieri comunali di Pisa e Firenze e sul ruolo che queste figure possono avere nella lotta contro USA e NATO (centri nevralgici di militarizzazione). Per la mobilitazione del 4 aprile hanno diverse cose in ballo, ancora da definire. Riprende il discorso sui sindacati portando l\u2019episodio della camera del lavoro fiorentina in cui \u00e8 stata approvata una mozione di contrariet\u00e0 all\u2019installazione Nato (esemplificativo anche delle crescenti contraddizioni nell\u2019area PD) che rappresenta un appiglio per tirarli dentro la lotta. Per questo trova interessante la proposta dell\u2019appello a convocare lo sciopero per portare i sindacati a muoversi sul loro terreno e permettere la partecipazione dei lavoratori (es. Calp di Genova USB, Ferrovieri contro la guerra della Cub ecc).<\/p>\n\n\n\n<p>Elisabetta Weglik del tavolo uniti contro la guerra parla della necessit\u00e0 di unire varie organizzazioni, elemento alla base del tavolo che raccoglie diverse comunit\u00e0 (associazioni russe e bielorusse, dello Sri Lanka, di Cuba, Messico e Venezuela) e realt\u00e0 politiche. Rinnova l\u2019invito al CNNN a partecipare all\u2019iniziativa di presentazione del coordinamento del 15 marzo e per il 4 aprile organizzeranno iniziative, fa appello a sostenere e propagandare la giornata del 4 aprile in tutto il paese.<\/p>\n\n\n\n<p>Interviene Claudio Rizzo che fa un sintetico bilancio dell\u2019iniziativa di gennaio a Palermo contro la guerra a cui il coordinamento ha mandato un saluto. Si concentra sull\u2019importanza della partecipazione degli studenti e delle diverse realt\u00e0 politiche tra cui l\u2019Assemblea no guerra e parla della rassegnazione diffusa, emersa anche nella parte iniziale dell\u2019iniziativa, ma il primo passo da fare \u00e8 quello di coordinarsi e unirsi, in questo senso il saluto del CNNN ha dato un contributo positivo. Dall\u2019iniziativa ne sono usciti con il rafforzamento della politica da fronte tra i vari organismi e varie proposte, tra cui proiezione di film nelle scuole ma anche banchetti informativi nei quartieri popolari.<\/p>\n\n\n\n<p>Federico Roberti riporta il quadro delle attivit\u00e0 su Bologna: il 18 gennaio hanno fatto un presidio nel centro storico della citt\u00e0 in cui hanno legato il no alla guerra alla censura di guerra (Villa Paradiso) e in cui c\u2019\u00e8 stato il contributo delle realt\u00e0 politiche. Anche nelle prossime iniziative in programma (1 marzo e 22 marzo) legheranno le diverse tematiche territoriali alla lotta contro la guerra. Propone poi di fare raccolta firme dell\u2019ex petizione contro l\u2019invio armi in un Ucraina lanciata da Peacelink come strumento per tenere vivo il dibattito sull\u2019invio delle armi.<\/p>\n\n\n\n<p>Emanuele Lepore riprende il ragionamento di Luca Raitieri rispetto al fare massa critica, un termine svuotato di senso politico e inteso da molti opportunisti per usare le persone come massa di manovra. Occorre riappropriarci del concetto in termini di attivismo e organizzazione, va in questo senso la proposta del 4, 5 e 6 aprile che non parte dall\u2019alto ma dal basso, da iniziative territoriali per allargare e coinvolgere i gruppi che si attivano contro la guerra, bisogna quindi concepire la \u201cmassa critica\u201d come soggetti attivi, che si organizzano nei territori e si coordinano con altri. In questo processo possono emergere contraddizioni e divergenze con molti organismi e anche all\u2019interno del CNNN, ma il nostro punto di forza \u00e8 che partiamo da alcune parole d\u2019ordine che sono la sintesi di un ragionamento politico attorno cui alimentare organizzazione e con cui si misurano coloro che vogliono essere coerenti con la contrariet\u00e0 alla guerra e alla NATO che professano. Chiarisce gli obiettivi e le ragioni dell\u2019appello ai sindacati: dal momento che la questione della guerra imprime una direzione chiara e di disinvestimento alle politiche sociali, inevitabilmente il mondo del lavoro \u00e8 coinvolto. L\u2019appello ha un senso politico, quello di mettere di fronte le organizzazioni sindacali che si dicono contro alla guerra alla necessit\u00e0 di dover essere coerenti usando i propri strumenti, come lo sciopero. Inoltre dobbiamo rivolgerci a tutti i lavoratori presenti in questi organismi che sono contrari e gi\u00e0 lottano contro la guerra e non rispondo integralmente alle logiche sindacali, quindi possono essere un pungolo ai sindacati. Ci sono molti motivi per scioperare e si pu\u00f2 collegare a motivi pi\u00f9 contingenti (es. sicurezza sul lavoro). Si dice poi d\u2019accordo sulla raccolta firme di peacelink da usare anche come strumento per raccogliere nuovi contatti. Per le iniziative gi\u00e0 in programma fa appello a mandare mail con richiesta di partecipazione del CNNN (si valuter\u00e0 la forma di intervento).<\/p>\n\n\n\n<p>Parla poi brevemente delle giornate del 24, 25, 26 giugno in cui si terr\u00e0 il vertice AIA con i paesi NATO come prospettiva di mobilitazione successiva al 4 aprile. Rispetto alla proposta di Patrick Boylan afferma che sar\u00e0 difficile organizzare iniziative in tempi cos\u00ec stretti ma possiamo rilanciare l\u2019appello perch\u00e9 dare risalto a queste iniziative \u00e8 importante, perch\u00e9 fanno vedere che la lotta contro la Nato \u00e8 ampia.<\/p>\n\n\n\n<p>Interviene Federico Roberti che riporta lo stato dell\u2019arte del progetto mappatura che \u00e8 nei fatti fermo per la mancanza di \u201cmano d\u2019opera\u201d, nessuno ha risposto all\u2019appello per partecipare.<\/p>\n\n\n\n<p>Verr\u00e0 girato a tutti i presenti la lettera elaborata da Federico e viene fatto appello ad ognuno di farsi promotore nelle proprie organizzazioni dell\u2019appello a partecipare al lavoro di mappatura delle basi USA-NATO su suolo nazionale. L\u2019aspetto principale \u00e8 concepire questo lavoro come utile anche a livello locale per aggregare e fare una operazione verit\u00e0 sui numeri dell\u2019occupazione USA-NATO del nostro paese.<\/p>\n\n\n\n<p>Decisioni prese:<\/p>\n\n\n\n<p>&#8211; entro una settimana verr\u00e0 elaborato l\u2019appello per il 4 aprile che avr\u00e0 come centro la questione dell\u2019economia di guerra (per legare il tema ai vari settori di mobilitazione e puntare a coinvolgerli) e a seguire l\u2019appello ai sindacati;<\/p>\n\n\n\n<p>&#8211; si aderisce all\u2019iniziativa contro le basi militari del 23 febbraio, chi riesce far\u00e0 iniziative, volantinaggi, ecc;<\/p>\n\n\n\n<p>&#8211; alla mail del coordinamento devono essere segnalate tutte le iniziative per creare una lista aggiornata delle iniziative di presentazione del coordinamento, per il 4 aprile e altre attivit\u00e0;<\/p>\n\n\n\n<p>&#8211; rispetto alle riunioni, dato che qualcuno ha difficolt\u00e0 a partecipare la domenica, verr\u00e0 fatto un ragionamento in segreteria in cui verranno tenute in considerazione le varie esigenze per essere pi\u00f9 flessibili sulle convocazioni.<\/p>\n","protected":false},"excerpt":{"rendered":"<p>Partecipanti: Federico Roberti e Emanuele Montagna (Coordinamento Paradiso), Emanuele Lepore (ANVUI), Gabriele Abrotini (Resistenza Popolare), Elisabetta Weglik (Tavolo uniti contro la guerra Napoli), Marianna Panico (Generazioni Future) Chiara Masini e Claudio Rizzo (P.CARC), Patrick Boylan (No War Roma), Mila (Collettivo Millepiani Arezzo), Gian Zanoli (Ass. Base Democratica), Gabriele Giovanoli (Carpi Consapevole), Valentina Dell\u2019Aversana (Gallery Art),&hellip;&nbsp;<a href=\"https:\/\/www.noguerranonato.org\/coordinamentonazionale\/2025\/02\/26\/resoconto-assemblea-plenaria-coordinamento-nazionale-no-nato-cnnn-del-16-02-2025\/\" class=\"\" rel=\"bookmark\">Leggi tutto &raquo;<span class=\"screen-reader-text\">Resoconto  assemblea plenaria allargata del Coordinamento Nazionale No Nato (CNNN) del 16.02.2025<\/span><\/a><\/p>\n","protected":false},"author":10,"featured_media":17,"comment_status":"open","ping_status":"open","sticky":false,"template":"","format":"standard","meta":{"neve_meta_sidebar":"","neve_meta_container":"","neve_meta_enable_content_width":"","neve_meta_content_width":0,"neve_meta_title_alignment":"","neve_meta_author_avatar":"","neve_post_elements_order":"","neve_meta_disable_header":"","neve_meta_disable_footer":"","neve_meta_disable_title":"","footnotes":""},"categories":[1],"tags":[5,7,6],"class_list":["post-38","post","type-post","status-publish","format-standard","has-post-thumbnail","hentry","category-senza-categoria","tag-guerra","tag-nato","tag-pace"],"yoast_head":"<!-- This site is optimized with the Yoast SEO plugin v23.9 - https:\/\/yoast.com\/wordpress\/plugins\/seo\/ -->\n<title>Resoconto assemblea plenaria allargata del Coordinamento Nazionale No Nato (CNNN) del 16.02.2025 - Coordinamento Nazionale No NATO<\/title>\n<meta name=\"robots\" content=\"index, follow, max-snippet:-1, max-image-preview:large, max-video-preview:-1\" \/>\n<link rel=\"canonical\" href=\"https:\/\/www.noguerranonato.org\/coordinamentonazionale\/2025\/02\/26\/resoconto-assemblea-plenaria-coordinamento-nazionale-no-nato-cnnn-del-16-02-2025\/\" \/>\n<meta property=\"og:locale\" content=\"it_IT\" \/>\n<meta property=\"og:type\" content=\"article\" \/>\n<meta property=\"og:title\" content=\"Resoconto assemblea plenaria allargata del Coordinamento Nazionale No Nato (CNNN) del 16.02.2025 - Coordinamento Nazionale No NATO\" \/>\n<meta property=\"og:description\" content=\"Partecipanti: Federico Roberti e Emanuele Montagna (Coordinamento Paradiso), Emanuele Lepore (ANVUI), Gabriele Abrotini (Resistenza Popolare), Elisabetta Weglik (Tavolo uniti contro la guerra Napoli), Marianna Panico (Generazioni Future) Chiara Masini e Claudio Rizzo (P.CARC), Patrick Boylan (No War Roma), Mila (Collettivo Millepiani Arezzo), Gian Zanoli (Ass. Base Democratica), Gabriele Giovanoli (Carpi Consapevole), Valentina Dell\u2019Aversana (Gallery Art),&hellip;&nbsp;Leggi tutto &raquo;Resoconto assemblea plenaria allargata del Coordinamento Nazionale No Nato (CNNN) del 16.02.2025\" \/>\n<meta property=\"og:url\" content=\"https:\/\/www.noguerranonato.org\/coordinamentonazionale\/2025\/02\/26\/resoconto-assemblea-plenaria-coordinamento-nazionale-no-nato-cnnn-del-16-02-2025\/\" \/>\n<meta property=\"og:site_name\" content=\"Coordinamento Nazionale No NATO\" \/>\n<meta property=\"article:published_time\" content=\"2025-02-25T23:23:00+00:00\" \/>\n<meta property=\"article:modified_time\" content=\"2025-02-27T10:01:38+00:00\" \/>\n<meta property=\"og:image\" content=\"https:\/\/www.noguerranonato.org\/coordinamentonazionale\/wp-content\/uploads\/sites\/10\/2025\/02\/LogoCoordinamentoNazionale.png\" \/>\n\t<meta property=\"og:image:width\" content=\"4961\" \/>\n\t<meta property=\"og:image:height\" content=\"4961\" \/>\n\t<meta property=\"og:image:type\" content=\"image\/png\" \/>\n<meta name=\"author\" content=\"coordinamentonazionalenonato\" \/>\n<meta name=\"twitter:card\" content=\"summary_large_image\" \/>\n<meta name=\"twitter:label1\" content=\"Scritto da\" \/>\n\t<meta name=\"twitter:data1\" content=\"coordinamentonazionalenonato\" \/>\n\t<meta name=\"twitter:label2\" content=\"Tempo di lettura stimato\" \/>\n\t<meta name=\"twitter:data2\" content=\"12 minuti\" \/>\n<script type=\"application\/ld+json\" class=\"yoast-schema-graph\">{\"@context\":\"https:\/\/schema.org\",\"@graph\":[{\"@type\":\"WebPage\",\"@id\":\"https:\/\/www.noguerranonato.org\/coordinamentonazionale\/2025\/02\/26\/resoconto-assemblea-plenaria-coordinamento-nazionale-no-nato-cnnn-del-16-02-2025\/\",\"url\":\"https:\/\/www.noguerranonato.org\/coordinamentonazionale\/2025\/02\/26\/resoconto-assemblea-plenaria-coordinamento-nazionale-no-nato-cnnn-del-16-02-2025\/\",\"name\":\"Resoconto assemblea plenaria allargata del Coordinamento Nazionale No Nato (CNNN) del 16.02.2025 - Coordinamento Nazionale No NATO\",\"isPartOf\":{\"@id\":\"https:\/\/www.noguerranonato.org\/coordinamentonazionale\/#website\"},\"primaryImageOfPage\":{\"@id\":\"https:\/\/www.noguerranonato.org\/coordinamentonazionale\/2025\/02\/26\/resoconto-assemblea-plenaria-coordinamento-nazionale-no-nato-cnnn-del-16-02-2025\/#primaryimage\"},\"image\":{\"@id\":\"https:\/\/www.noguerranonato.org\/coordinamentonazionale\/2025\/02\/26\/resoconto-assemblea-plenaria-coordinamento-nazionale-no-nato-cnnn-del-16-02-2025\/#primaryimage\"},\"thumbnailUrl\":\"https:\/\/www.noguerranonato.org\/coordinamentonazionale\/wp-content\/uploads\/sites\/10\/2025\/02\/LogoCoordinamentoNazionale.png\",\"datePublished\":\"2025-02-25T23:23:00+00:00\",\"dateModified\":\"2025-02-27T10:01:38+00:00\",\"author\":{\"@id\":\"https:\/\/www.noguerranonato.org\/coordinamentonazionale\/#\/schema\/person\/4e6309bf3fd3234e6fd55148db7d393b\"},\"breadcrumb\":{\"@id\":\"https:\/\/www.noguerranonato.org\/coordinamentonazionale\/2025\/02\/26\/resoconto-assemblea-plenaria-coordinamento-nazionale-no-nato-cnnn-del-16-02-2025\/#breadcrumb\"},\"inLanguage\":\"it-IT\",\"potentialAction\":[{\"@type\":\"ReadAction\",\"target\":[\"https:\/\/www.noguerranonato.org\/coordinamentonazionale\/2025\/02\/26\/resoconto-assemblea-plenaria-coordinamento-nazionale-no-nato-cnnn-del-16-02-2025\/\"]}]},{\"@type\":\"ImageObject\",\"inLanguage\":\"it-IT\",\"@id\":\"https:\/\/www.noguerranonato.org\/coordinamentonazionale\/2025\/02\/26\/resoconto-assemblea-plenaria-coordinamento-nazionale-no-nato-cnnn-del-16-02-2025\/#primaryimage\",\"url\":\"https:\/\/www.noguerranonato.org\/coordinamentonazionale\/wp-content\/uploads\/sites\/10\/2025\/02\/LogoCoordinamentoNazionale.png\",\"contentUrl\":\"https:\/\/www.noguerranonato.org\/coordinamentonazionale\/wp-content\/uploads\/sites\/10\/2025\/02\/LogoCoordinamentoNazionale.png\",\"width\":4961,\"height\":4961},{\"@type\":\"BreadcrumbList\",\"@id\":\"https:\/\/www.noguerranonato.org\/coordinamentonazionale\/2025\/02\/26\/resoconto-assemblea-plenaria-coordinamento-nazionale-no-nato-cnnn-del-16-02-2025\/#breadcrumb\",\"itemListElement\":[{\"@type\":\"ListItem\",\"position\":1,\"name\":\"Home\",\"item\":\"https:\/\/www.noguerranonato.org\/coordinamentonazionale\/\"},{\"@type\":\"ListItem\",\"position\":2,\"name\":\"Resoconto assemblea plenaria allargata del Coordinamento Nazionale No Nato (CNNN) del 16.02.2025\"}]},{\"@type\":\"WebSite\",\"@id\":\"https:\/\/www.noguerranonato.org\/coordinamentonazionale\/#website\",\"url\":\"https:\/\/www.noguerranonato.org\/coordinamentonazionale\/\",\"name\":\"Coordinamento Nazionale No NATO\",\"description\":\"\",\"potentialAction\":[{\"@type\":\"SearchAction\",\"target\":{\"@type\":\"EntryPoint\",\"urlTemplate\":\"https:\/\/www.noguerranonato.org\/coordinamentonazionale\/?s={search_term_string}\"},\"query-input\":{\"@type\":\"PropertyValueSpecification\",\"valueRequired\":true,\"valueName\":\"search_term_string\"}}],\"inLanguage\":\"it-IT\"},{\"@type\":\"Person\",\"@id\":\"https:\/\/www.noguerranonato.org\/coordinamentonazionale\/#\/schema\/person\/4e6309bf3fd3234e6fd55148db7d393b\",\"name\":\"coordinamentonazionalenonato\",\"image\":{\"@type\":\"ImageObject\",\"inLanguage\":\"it-IT\",\"@id\":\"https:\/\/www.noguerranonato.org\/coordinamentonazionale\/#\/schema\/person\/image\/\",\"url\":\"https:\/\/secure.gravatar.com\/avatar\/a2d56e6244e0be2c5394c36d1275265d?s=96&d=mm&r=g\",\"contentUrl\":\"https:\/\/secure.gravatar.com\/avatar\/a2d56e6244e0be2c5394c36d1275265d?s=96&d=mm&r=g\",\"caption\":\"coordinamentonazionalenonato\"},\"url\":\"https:\/\/www.noguerranonato.org\/coordinamentonazionale\/author\/coordinamentonazionale\/\"}]}<\/script>\n<!-- \/ Yoast SEO plugin. -->","yoast_head_json":{"title":"Resoconto assemblea plenaria allargata del Coordinamento Nazionale No Nato (CNNN) del 16.02.2025 - Coordinamento Nazionale No NATO","robots":{"index":"index","follow":"follow","max-snippet":"max-snippet:-1","max-image-preview":"max-image-preview:large","max-video-preview":"max-video-preview:-1"},"canonical":"https:\/\/www.noguerranonato.org\/coordinamentonazionale\/2025\/02\/26\/resoconto-assemblea-plenaria-coordinamento-nazionale-no-nato-cnnn-del-16-02-2025\/","og_locale":"it_IT","og_type":"article","og_title":"Resoconto assemblea plenaria allargata del Coordinamento Nazionale No Nato (CNNN) del 16.02.2025 - Coordinamento Nazionale No NATO","og_description":"Partecipanti: Federico Roberti e Emanuele Montagna (Coordinamento Paradiso), Emanuele Lepore (ANVUI), Gabriele Abrotini (Resistenza Popolare), Elisabetta Weglik (Tavolo uniti contro la guerra Napoli), Marianna Panico (Generazioni Future) Chiara Masini e Claudio Rizzo (P.CARC), Patrick Boylan (No War Roma), Mila (Collettivo Millepiani Arezzo), Gian Zanoli (Ass. Base Democratica), Gabriele Giovanoli (Carpi Consapevole), Valentina Dell\u2019Aversana (Gallery Art),&hellip;&nbsp;Leggi tutto &raquo;Resoconto assemblea plenaria allargata del Coordinamento Nazionale No Nato (CNNN) del 16.02.2025","og_url":"https:\/\/www.noguerranonato.org\/coordinamentonazionale\/2025\/02\/26\/resoconto-assemblea-plenaria-coordinamento-nazionale-no-nato-cnnn-del-16-02-2025\/","og_site_name":"Coordinamento Nazionale No NATO","article_published_time":"2025-02-25T23:23:00+00:00","article_modified_time":"2025-02-27T10:01:38+00:00","og_image":[{"width":4961,"height":4961,"url":"https:\/\/www.noguerranonato.org\/coordinamentonazionale\/wp-content\/uploads\/sites\/10\/2025\/02\/LogoCoordinamentoNazionale.png","type":"image\/png"}],"author":"coordinamentonazionalenonato","twitter_card":"summary_large_image","twitter_misc":{"Scritto da":"coordinamentonazionalenonato","Tempo di lettura stimato":"12 minuti"},"schema":{"@context":"https:\/\/schema.org","@graph":[{"@type":"WebPage","@id":"https:\/\/www.noguerranonato.org\/coordinamentonazionale\/2025\/02\/26\/resoconto-assemblea-plenaria-coordinamento-nazionale-no-nato-cnnn-del-16-02-2025\/","url":"https:\/\/www.noguerranonato.org\/coordinamentonazionale\/2025\/02\/26\/resoconto-assemblea-plenaria-coordinamento-nazionale-no-nato-cnnn-del-16-02-2025\/","name":"Resoconto assemblea plenaria allargata del Coordinamento Nazionale No Nato (CNNN) del 16.02.2025 - Coordinamento Nazionale No NATO","isPartOf":{"@id":"https:\/\/www.noguerranonato.org\/coordinamentonazionale\/#website"},"primaryImageOfPage":{"@id":"https:\/\/www.noguerranonato.org\/coordinamentonazionale\/2025\/02\/26\/resoconto-assemblea-plenaria-coordinamento-nazionale-no-nato-cnnn-del-16-02-2025\/#primaryimage"},"image":{"@id":"https:\/\/www.noguerranonato.org\/coordinamentonazionale\/2025\/02\/26\/resoconto-assemblea-plenaria-coordinamento-nazionale-no-nato-cnnn-del-16-02-2025\/#primaryimage"},"thumbnailUrl":"https:\/\/www.noguerranonato.org\/coordinamentonazionale\/wp-content\/uploads\/sites\/10\/2025\/02\/LogoCoordinamentoNazionale.png","datePublished":"2025-02-25T23:23:00+00:00","dateModified":"2025-02-27T10:01:38+00:00","author":{"@id":"https:\/\/www.noguerranonato.org\/coordinamentonazionale\/#\/schema\/person\/4e6309bf3fd3234e6fd55148db7d393b"},"breadcrumb":{"@id":"https:\/\/www.noguerranonato.org\/coordinamentonazionale\/2025\/02\/26\/resoconto-assemblea-plenaria-coordinamento-nazionale-no-nato-cnnn-del-16-02-2025\/#breadcrumb"},"inLanguage":"it-IT","potentialAction":[{"@type":"ReadAction","target":["https:\/\/www.noguerranonato.org\/coordinamentonazionale\/2025\/02\/26\/resoconto-assemblea-plenaria-coordinamento-nazionale-no-nato-cnnn-del-16-02-2025\/"]}]},{"@type":"ImageObject","inLanguage":"it-IT","@id":"https:\/\/www.noguerranonato.org\/coordinamentonazionale\/2025\/02\/26\/resoconto-assemblea-plenaria-coordinamento-nazionale-no-nato-cnnn-del-16-02-2025\/#primaryimage","url":"https:\/\/www.noguerranonato.org\/coordinamentonazionale\/wp-content\/uploads\/sites\/10\/2025\/02\/LogoCoordinamentoNazionale.png","contentUrl":"https:\/\/www.noguerranonato.org\/coordinamentonazionale\/wp-content\/uploads\/sites\/10\/2025\/02\/LogoCoordinamentoNazionale.png","width":4961,"height":4961},{"@type":"BreadcrumbList","@id":"https:\/\/www.noguerranonato.org\/coordinamentonazionale\/2025\/02\/26\/resoconto-assemblea-plenaria-coordinamento-nazionale-no-nato-cnnn-del-16-02-2025\/#breadcrumb","itemListElement":[{"@type":"ListItem","position":1,"name":"Home","item":"https:\/\/www.noguerranonato.org\/coordinamentonazionale\/"},{"@type":"ListItem","position":2,"name":"Resoconto assemblea plenaria allargata del Coordinamento Nazionale No Nato (CNNN) del 16.02.2025"}]},{"@type":"WebSite","@id":"https:\/\/www.noguerranonato.org\/coordinamentonazionale\/#website","url":"https:\/\/www.noguerranonato.org\/coordinamentonazionale\/","name":"Coordinamento Nazionale No NATO","description":"","potentialAction":[{"@type":"SearchAction","target":{"@type":"EntryPoint","urlTemplate":"https:\/\/www.noguerranonato.org\/coordinamentonazionale\/?s={search_term_string}"},"query-input":{"@type":"PropertyValueSpecification","valueRequired":true,"valueName":"search_term_string"}}],"inLanguage":"it-IT"},{"@type":"Person","@id":"https:\/\/www.noguerranonato.org\/coordinamentonazionale\/#\/schema\/person\/4e6309bf3fd3234e6fd55148db7d393b","name":"coordinamentonazionalenonato","image":{"@type":"ImageObject","inLanguage":"it-IT","@id":"https:\/\/www.noguerranonato.org\/coordinamentonazionale\/#\/schema\/person\/image\/","url":"https:\/\/secure.gravatar.com\/avatar\/a2d56e6244e0be2c5394c36d1275265d?s=96&d=mm&r=g","contentUrl":"https:\/\/secure.gravatar.com\/avatar\/a2d56e6244e0be2c5394c36d1275265d?s=96&d=mm&r=g","caption":"coordinamentonazionalenonato"},"url":"https:\/\/www.noguerranonato.org\/coordinamentonazionale\/author\/coordinamentonazionale\/"}]}},"_links":{"self":[{"href":"https:\/\/www.noguerranonato.org\/coordinamentonazionale\/wp-json\/wp\/v2\/posts\/38"}],"collection":[{"href":"https:\/\/www.noguerranonato.org\/coordinamentonazionale\/wp-json\/wp\/v2\/posts"}],"about":[{"href":"https:\/\/www.noguerranonato.org\/coordinamentonazionale\/wp-json\/wp\/v2\/types\/post"}],"author":[{"embeddable":true,"href":"https:\/\/www.noguerranonato.org\/coordinamentonazionale\/wp-json\/wp\/v2\/users\/10"}],"replies":[{"embeddable":true,"href":"https:\/\/www.noguerranonato.org\/coordinamentonazionale\/wp-json\/wp\/v2\/comments?post=38"}],"version-history":[{"count":3,"href":"https:\/\/www.noguerranonato.org\/coordinamentonazionale\/wp-json\/wp\/v2\/posts\/38\/revisions"}],"predecessor-version":[{"id":42,"href":"https:\/\/www.noguerranonato.org\/coordinamentonazionale\/wp-json\/wp\/v2\/posts\/38\/revisions\/42"}],"wp:featuredmedia":[{"embeddable":true,"href":"https:\/\/www.noguerranonato.org\/coordinamentonazionale\/wp-json\/wp\/v2\/media\/17"}],"wp:attachment":[{"href":"https:\/\/www.noguerranonato.org\/coordinamentonazionale\/wp-json\/wp\/v2\/media?parent=38"}],"wp:term":[{"taxonomy":"category","embeddable":true,"href":"https:\/\/www.noguerranonato.org\/coordinamentonazionale\/wp-json\/wp\/v2\/categories?post=38"},{"taxonomy":"post_tag","embeddable":true,"href":"https:\/\/www.noguerranonato.org\/coordinamentonazionale\/wp-json\/wp\/v2\/tags?post=38"}],"curies":[{"name":"wp","href":"https:\/\/api.w.org\/{rel}","templated":true}]}}