{"id":50,"date":"2025-04-15T11:49:19","date_gmt":"2025-04-15T09:49:19","guid":{"rendered":"https:\/\/www.noguerranonato.org\/giovanipalestinesi\/?p=50"},"modified":"2025-04-15T11:49:19","modified_gmt":"2025-04-15T09:49:19","slug":"contro-la-repressione-per-la-palestina","status":"publish","type":"post","link":"https:\/\/www.noguerranonato.org\/giovanipalestinesi\/2025\/04\/15\/contro-la-repressione-per-la-palestina\/","title":{"rendered":"Contro la repressione, per la Palestina"},"content":{"rendered":"\n<p><strong>Comunicato del GPI sulla manifestazione nazionale del 12 Aprile.<\/strong><\/p>\n\n\n<div class=\"wp-block-image\">\n<figure class=\"aligncenter size-large is-resized\"><img loading=\"lazy\" decoding=\"async\" width=\"819\" height=\"1024\" src=\"https:\/\/www.noguerranonato.org\/giovanipalestinesi\/wp-content\/uploads\/sites\/8\/2025\/04\/12-APRILE-819x1024.jpg\" alt=\"\" class=\"wp-image-51\" style=\"width:521px;height:auto\" srcset=\"https:\/\/www.noguerranonato.org\/giovanipalestinesi\/wp-content\/uploads\/sites\/8\/2025\/04\/12-APRILE-819x1024.jpg 819w, https:\/\/www.noguerranonato.org\/giovanipalestinesi\/wp-content\/uploads\/sites\/8\/2025\/04\/12-APRILE-240x300.jpg 240w, https:\/\/www.noguerranonato.org\/giovanipalestinesi\/wp-content\/uploads\/sites\/8\/2025\/04\/12-APRILE-768x960.jpg 768w, https:\/\/www.noguerranonato.org\/giovanipalestinesi\/wp-content\/uploads\/sites\/8\/2025\/04\/12-APRILE-1229x1536.jpg 1229w, https:\/\/www.noguerranonato.org\/giovanipalestinesi\/wp-content\/uploads\/sites\/8\/2025\/04\/12-APRILE-1638x2048.jpg 1638w, https:\/\/www.noguerranonato.org\/giovanipalestinesi\/wp-content\/uploads\/sites\/8\/2025\/04\/12-APRILE-scaled.jpg 2048w\" sizes=\"(max-width: 819px) 100vw, 819px\" \/><\/figure><\/div>\n\n\n<p>Sabato 12 aprile oltre 50.000 persone hanno attraversato le strade di Milano in una grande manifestazione nazionale per fermare la macchina bellica e denunciare apertamente il genocidio in atto contro il popolo palestinese, perpetrato dall\u2019entit\u00e0 sionista con la complicit\u00e0 attiva degli Stati Uniti e dell\u2019Unione Europea. Una mobilitazione imponente che ha messo a fuoco il ruolo dell\u2019Italia, terzo esportatore mondiale di armi verso l\u2019entit\u00e0 sionista, denunciando la corsa al riarmo europeo e la repressione sistematica del dissenso e delle lotte sociali. La manifestazione \u00e8 stata ampia e composita, promossa dalle realt\u00e0 palestinesi insieme ai sindacati di base, con la partecipazione attiva di realt\u00e0 sociali, organizzazioni politiche, comunit\u00e0 islamiche e migranti. Un corteo determinato, espressione di un fronte di lotta che si allarga e si radica sempre pi\u00f9.<\/p>\n\n\n\n<p>Tuttavia, una volta giunto in Piazzale Baiamonti, il corteo \u00e8 stato brutalmente colpito da un\u2019azione premeditata delle forze dell\u2019ordine, che hanno deliberatamente attaccato i manifestanti con l\u2019intento di creare tensione e offuscare la forte valenza politica di una mobilitazione partecipata da persone &#8211; soprattutto famiglie, bambini e anziani &#8211; provenienti da tutta Italia. Intorno alle 17:45, la celere, gi\u00e0 schierata ai lati del piazzale, ha atteso il passaggio del corteo per tendere un agguato brutale e vigliacco, attuando una vera e propria rappresaglia. Su ordine di un alto dirigente della Digos, \u00e8 partita una carica violenta che ha accerchiato una parte dei manifestanti, aggrendendoli con inaudita ferocia a colpi di manganello e impedendo loro di proseguire lungo il percorso concordato. Si \u00e8 trattato di un attacco deliberato, non solo ai promotori della manifestazione, ma anche a tutte e tutti coloro che, da ogni parte d\u2019Italia, hanno risposto all\u2019appello nazionale.<\/p>\n\n\n\n<p>Durante il caos la polizia ha quindi colto l\u2019occasione per fermare sette persone, trattenendole in questura per ore per poi rilasciarle con denunce arbitrarie e inconsistenti, a fronte dell\u2019assenza totale di reati o prove riconducibili agli stessi. Un fatto senza precedenti, non spiegabile se non con un chiaro intento di generare disordini e incutere terrore a fronte delle ennesime manovre autoritarie e repressive in atto da parte del governo.&nbsp;<\/p>\n\n\n\n<p>Tra le innumerevoli provocazioni da parte delle forze dell\u2019ordine, importante sottolineare come il corteo sia stato seguito dall\u2019inizio alla fine da agenti in borghese, infiltrati tra i manifestanti, a conferma della militarizzazione del dissenso, di controllo e sorveglianza perpetue e generalizzate nei confronti del movimento per la Palestina. La natura e il movente degli attacchi operati dalle forze dell\u2019ordine contro la manifestazione trovano conferma anche nella presenza di simboli neonazisti sulle felpe di alcuni agenti: non un dettaglio, ma l\u2019immagine esplicita di uno stato che affida il manganello a chi si riconosce apertamente in ideologie fasciste. Un governo che &#8211; di fronte alla crescente risposta popolare contro guerre imperialiste, miseria e repressione &#8211; non fa che intensificare la propria violenza contro chi resiste, come dimostrato anche dalla firma di pochi giorni fa da parte del Presidente della Repubblica del Decreto \u201cSicurezza\u201d, frutto del golpe burocratico del governo e ricalco del contenuto del disegno di legge 1660.<\/p>\n\n\n\n<p>A fronte di quanto accaduto, il corteo si \u00e8 fermato in presidio in Piazzale Baiamonti, dove \u00e8 stato raggiunto dal nostro spezzone che si trovava in testa, tornato indietro dopo aver ricevuto notizia della rappresaglia attuata dalla Questura; i manifestanti sono&nbsp; dunque rimasti in presidio pretendendo la liberazione immediata dei 7 arrestati. Verso le 20:00, dopo le notizie sui primi rilasci, si \u00e8 deciso di riprendere il corteo verso il punto di arrivo previsto, seguiti passo passo da un dispiegamento inspiegabile e sproporzionato di forze dell\u2019ordine, con la richiesta esplicita del rilascio di tutti i compagni ancora trattenuti in Questura. La tensione si \u00e8 riaccesa quando si \u00e8 intimato agli agenti che si erano infiltrati con la chiara intenzione provocatoria&nbsp; di ritirarsi immediatamente dal corteo che intanto sfilava, autorizzato, per raggiungere l\u2019Arco della Pace. Il presidio all\u2019Arco della Pace si \u00e8 sciolto solo quando, verso le 22:00, \u00e8 stato confermato il rilascio di tutti i compagni.<\/p>\n\n\n\n<p>Rigettiamo con forza ogni forma di intimidazione verso le legittime rivendicazioni del movimento in supporto al popolo palestinese e per la liberazione della Palestina, dal fiume fino al mare; e soprattutto rigettiamo azioni e parole di quanti vogliono dividerci tra manifestanti \u201cbuoni\u201d e manifestanti \u201ccattivi\u201d e di quanti, a fronte agli oltre 70.000 martiri a Gaza e agli oltre 10.000 prigionieri politici palestinesi nelle carceri sioniste e dell\u2019Occidente, si schierano con i carnefici che ci reprimono qui mentre continuano a massacrarci in Palestina, Libano, Siria e Yemen. Esprimiamo la nostra massima solidariet\u00e0 alle compagne e compagni fermati e denunciati.<\/p>\n\n\n\n<p>C\u2019\u00e8 chi si illude che la collaborazione con la controparte che ci reprime possa creare una strada comoda per la \u201clotta\u201d, uno spazio in cui sia possibile scendere a compromessi, in cui si pu\u00f2 esprimere il desiderio di libert\u00e0 per i popoli oppressi sotto la protezione di chi ha il manganello in mano. A chi sabato ha voltato le spalle ai compagni circondati dalla celere, a chi in piazza ha ritenuto sufficiente arrivare alla destinazione del corteo, incurante dei ragazzi arrestati e trascinati in Questura e della spregiudicata violenza adottata dalle forze dell\u2019ordine in quell\u2019occasione, a chi pensa di poter dividere il movimento in lotta, facendo distinzioni tra buoni e cattivi; noi rispondiamo che in piazza c\u2019eravamo tutte e tutti, e che la solidariet\u00e0 che invochiamo per i nostri popoli martoriati dall\u2019imperialismo occidentale ci impone innanzitutto di non abbandonare i compagni che lottano al nostro fianco.&nbsp;<\/p>\n\n\n\n<p>Alle intimidazioni dello Stato rispondiamo con la forza in piazza: oltre 50.000 persone hanno attraversato le strade di Milano per gridare senza paura il loro sostegno alla legittima e gloriosa resistenza del popolo palestinese. Una marea determinata ha respinto con fermezza le vergognose politiche di riarmo, repressione e controllo sociale del governo Meloni e dell\u2019Europa della Von der Leyen. Ci vogliono divisi, ci vogliono silenziosi, ma hanno ottenuto l\u2019esatto contrario. Quanto accaduto a Milano il 12 aprile \u00e8 per noi un chiaro monito che ci richiama alla lotta e alla resistenza. Un appello alla mobilitazione continua, alla costruzione di un fronte popolare largo, determinato e militante, capace di opporsi in maniera radicale a sionismo, fascismo e imperialismo.<\/p>\n\n\n\n<p>NOI NON ARRETRIAMO<\/p>\n\n\n\n<p>LA LOTTA CONTINUA FINO ALLA VITTORIA<\/p>\n\n\n\n<p>Giovani Palestinesi d&#8217;Italia<\/p>\n","protected":false},"excerpt":{"rendered":"<p>Comunicato del GPI sulla manifestazione nazionale del 12 Aprile. Sabato 12 aprile oltre 50.000 persone hanno attraversato le strade di Milano in una grande manifestazione nazionale per fermare la macchina bellica e denunciare apertamente il genocidio in atto contro il popolo palestinese, perpetrato dall\u2019entit\u00e0 sionista con la complicit\u00e0 attiva degli Stati Uniti e dell\u2019Unione Europea.&hellip;&nbsp;<a href=\"https:\/\/www.noguerranonato.org\/giovanipalestinesi\/2025\/04\/15\/contro-la-repressione-per-la-palestina\/\" class=\"\" rel=\"bookmark\">Leggi tutto &raquo;<span class=\"screen-reader-text\">Contro la repressione, per la Palestina<\/span><\/a><\/p>\n","protected":false},"author":8,"featured_media":0,"comment_status":"open","ping_status":"open","sticky":false,"template":"","format":"standard","meta":{"neve_meta_sidebar":"","neve_meta_container":"","neve_meta_enable_content_width":"","neve_meta_content_width":0,"neve_meta_title_alignment":"","neve_meta_author_avatar":"","neve_post_elements_order":"","neve_meta_disable_header":"","neve_meta_disable_footer":"","neve_meta_disable_title":"","footnotes":""},"categories":[1],"tags":[4,5,7],"class_list":["post-50","post","type-post","status-publish","format-standard","hentry","category-senza-categoria","tag-12-aprile-manifestazione-nazionale","tag-milano","tag-palestina"],"yoast_head":"<!-- This site is optimized with the Yoast SEO plugin v23.9 - https:\/\/yoast.com\/wordpress\/plugins\/seo\/ -->\n<title>Contro la repressione, per la Palestina - Giovani Palestinesi Italiani<\/title>\n<meta name=\"robots\" content=\"index, follow, max-snippet:-1, max-image-preview:large, max-video-preview:-1\" \/>\n<link rel=\"canonical\" href=\"https:\/\/www.noguerranonato.org\/giovanipalestinesi\/2025\/04\/15\/contro-la-repressione-per-la-palestina\/\" \/>\n<meta property=\"og:locale\" content=\"it_IT\" \/>\n<meta property=\"og:type\" content=\"article\" \/>\n<meta property=\"og:title\" content=\"Contro la repressione, per la Palestina - Giovani Palestinesi Italiani\" \/>\n<meta property=\"og:description\" content=\"Comunicato del GPI sulla manifestazione nazionale del 12 Aprile. Sabato 12 aprile oltre 50.000 persone hanno attraversato le strade di Milano in una grande manifestazione nazionale per fermare la macchina bellica e denunciare apertamente il genocidio in atto contro il popolo palestinese, perpetrato dall\u2019entit\u00e0 sionista con la complicit\u00e0 attiva degli Stati Uniti e dell\u2019Unione Europea.&hellip;&nbsp;Leggi tutto &raquo;Contro la repressione, per la Palestina\" \/>\n<meta property=\"og:url\" content=\"https:\/\/www.noguerranonato.org\/giovanipalestinesi\/2025\/04\/15\/contro-la-repressione-per-la-palestina\/\" \/>\n<meta property=\"og:site_name\" content=\"Giovani Palestinesi Italiani\" \/>\n<meta property=\"article:published_time\" content=\"2025-04-15T09:49:19+00:00\" \/>\n<meta property=\"og:image\" content=\"https:\/\/www.noguerranonato.org\/giovanipalestinesi\/wp-content\/uploads\/sites\/8\/2025\/04\/12-APRILE-scaled.jpg\" \/>\n\t<meta property=\"og:image:width\" content=\"2048\" \/>\n\t<meta property=\"og:image:height\" content=\"2560\" \/>\n\t<meta property=\"og:image:type\" content=\"image\/jpeg\" \/>\n<meta name=\"author\" content=\"giovanipalestinesi\" \/>\n<meta name=\"twitter:card\" content=\"summary_large_image\" \/>\n<meta name=\"twitter:label1\" content=\"Scritto da\" \/>\n\t<meta name=\"twitter:data1\" content=\"giovanipalestinesi\" \/>\n\t<meta name=\"twitter:label2\" content=\"Tempo di lettura stimato\" \/>\n\t<meta name=\"twitter:data2\" content=\"6 minuti\" \/>\n<script type=\"application\/ld+json\" class=\"yoast-schema-graph\">{\"@context\":\"https:\/\/schema.org\",\"@graph\":[{\"@type\":\"WebPage\",\"@id\":\"https:\/\/www.noguerranonato.org\/giovanipalestinesi\/2025\/04\/15\/contro-la-repressione-per-la-palestina\/\",\"url\":\"https:\/\/www.noguerranonato.org\/giovanipalestinesi\/2025\/04\/15\/contro-la-repressione-per-la-palestina\/\",\"name\":\"Contro la repressione, per la Palestina - Giovani Palestinesi Italiani\",\"isPartOf\":{\"@id\":\"https:\/\/www.noguerranonato.org\/giovanipalestinesi\/#website\"},\"primaryImageOfPage\":{\"@id\":\"https:\/\/www.noguerranonato.org\/giovanipalestinesi\/2025\/04\/15\/contro-la-repressione-per-la-palestina\/#primaryimage\"},\"image\":{\"@id\":\"https:\/\/www.noguerranonato.org\/giovanipalestinesi\/2025\/04\/15\/contro-la-repressione-per-la-palestina\/#primaryimage\"},\"thumbnailUrl\":\"https:\/\/www.noguerranonato.org\/giovanipalestinesi\/wp-content\/uploads\/sites\/8\/2025\/04\/12-APRILE-819x1024.jpg\",\"datePublished\":\"2025-04-15T09:49:19+00:00\",\"dateModified\":\"2025-04-15T09:49:19+00:00\",\"author\":{\"@id\":\"https:\/\/www.noguerranonato.org\/giovanipalestinesi\/#\/schema\/person\/ce1330ad78585af357fa10ac197e3a57\"},\"breadcrumb\":{\"@id\":\"https:\/\/www.noguerranonato.org\/giovanipalestinesi\/2025\/04\/15\/contro-la-repressione-per-la-palestina\/#breadcrumb\"},\"inLanguage\":\"it-IT\",\"potentialAction\":[{\"@type\":\"ReadAction\",\"target\":[\"https:\/\/www.noguerranonato.org\/giovanipalestinesi\/2025\/04\/15\/contro-la-repressione-per-la-palestina\/\"]}]},{\"@type\":\"ImageObject\",\"inLanguage\":\"it-IT\",\"@id\":\"https:\/\/www.noguerranonato.org\/giovanipalestinesi\/2025\/04\/15\/contro-la-repressione-per-la-palestina\/#primaryimage\",\"url\":\"https:\/\/www.noguerranonato.org\/giovanipalestinesi\/wp-content\/uploads\/sites\/8\/2025\/04\/12-APRILE-scaled.jpg\",\"contentUrl\":\"https:\/\/www.noguerranonato.org\/giovanipalestinesi\/wp-content\/uploads\/sites\/8\/2025\/04\/12-APRILE-scaled.jpg\",\"width\":2048,\"height\":2560},{\"@type\":\"BreadcrumbList\",\"@id\":\"https:\/\/www.noguerranonato.org\/giovanipalestinesi\/2025\/04\/15\/contro-la-repressione-per-la-palestina\/#breadcrumb\",\"itemListElement\":[{\"@type\":\"ListItem\",\"position\":1,\"name\":\"Home\",\"item\":\"https:\/\/www.noguerranonato.org\/giovanipalestinesi\/\"},{\"@type\":\"ListItem\",\"position\":2,\"name\":\"Contro la repressione, per la Palestina\"}]},{\"@type\":\"WebSite\",\"@id\":\"https:\/\/www.noguerranonato.org\/giovanipalestinesi\/#website\",\"url\":\"https:\/\/www.noguerranonato.org\/giovanipalestinesi\/\",\"name\":\"Giovani Palestinesi Italiani\",\"description\":\"\",\"potentialAction\":[{\"@type\":\"SearchAction\",\"target\":{\"@type\":\"EntryPoint\",\"urlTemplate\":\"https:\/\/www.noguerranonato.org\/giovanipalestinesi\/?s={search_term_string}\"},\"query-input\":{\"@type\":\"PropertyValueSpecification\",\"valueRequired\":true,\"valueName\":\"search_term_string\"}}],\"inLanguage\":\"it-IT\"},{\"@type\":\"Person\",\"@id\":\"https:\/\/www.noguerranonato.org\/giovanipalestinesi\/#\/schema\/person\/ce1330ad78585af357fa10ac197e3a57\",\"name\":\"giovanipalestinesi\",\"image\":{\"@type\":\"ImageObject\",\"inLanguage\":\"it-IT\",\"@id\":\"https:\/\/www.noguerranonato.org\/giovanipalestinesi\/#\/schema\/person\/image\/\",\"url\":\"https:\/\/secure.gravatar.com\/avatar\/75ef8905a5e0d0feaaa74b109c969615?s=96&d=mm&r=g\",\"contentUrl\":\"https:\/\/secure.gravatar.com\/avatar\/75ef8905a5e0d0feaaa74b109c969615?s=96&d=mm&r=g\",\"caption\":\"giovanipalestinesi\"},\"url\":\"https:\/\/www.noguerranonato.org\/giovanipalestinesi\/author\/giovanipalestinesi\/\"}]}<\/script>\n<!-- \/ Yoast SEO plugin. -->","yoast_head_json":{"title":"Contro la repressione, per la Palestina - Giovani Palestinesi Italiani","robots":{"index":"index","follow":"follow","max-snippet":"max-snippet:-1","max-image-preview":"max-image-preview:large","max-video-preview":"max-video-preview:-1"},"canonical":"https:\/\/www.noguerranonato.org\/giovanipalestinesi\/2025\/04\/15\/contro-la-repressione-per-la-palestina\/","og_locale":"it_IT","og_type":"article","og_title":"Contro la repressione, per la Palestina - Giovani Palestinesi Italiani","og_description":"Comunicato del GPI sulla manifestazione nazionale del 12 Aprile. Sabato 12 aprile oltre 50.000 persone hanno attraversato le strade di Milano in una grande manifestazione nazionale per fermare la macchina bellica e denunciare apertamente il genocidio in atto contro il popolo palestinese, perpetrato dall\u2019entit\u00e0 sionista con la complicit\u00e0 attiva degli Stati Uniti e dell\u2019Unione Europea.&hellip;&nbsp;Leggi tutto &raquo;Contro la repressione, per la Palestina","og_url":"https:\/\/www.noguerranonato.org\/giovanipalestinesi\/2025\/04\/15\/contro-la-repressione-per-la-palestina\/","og_site_name":"Giovani Palestinesi Italiani","article_published_time":"2025-04-15T09:49:19+00:00","og_image":[{"width":2048,"height":2560,"url":"https:\/\/www.noguerranonato.org\/giovanipalestinesi\/wp-content\/uploads\/sites\/8\/2025\/04\/12-APRILE-scaled.jpg","type":"image\/jpeg"}],"author":"giovanipalestinesi","twitter_card":"summary_large_image","twitter_misc":{"Scritto da":"giovanipalestinesi","Tempo di lettura stimato":"6 minuti"},"schema":{"@context":"https:\/\/schema.org","@graph":[{"@type":"WebPage","@id":"https:\/\/www.noguerranonato.org\/giovanipalestinesi\/2025\/04\/15\/contro-la-repressione-per-la-palestina\/","url":"https:\/\/www.noguerranonato.org\/giovanipalestinesi\/2025\/04\/15\/contro-la-repressione-per-la-palestina\/","name":"Contro la repressione, per la Palestina - Giovani Palestinesi Italiani","isPartOf":{"@id":"https:\/\/www.noguerranonato.org\/giovanipalestinesi\/#website"},"primaryImageOfPage":{"@id":"https:\/\/www.noguerranonato.org\/giovanipalestinesi\/2025\/04\/15\/contro-la-repressione-per-la-palestina\/#primaryimage"},"image":{"@id":"https:\/\/www.noguerranonato.org\/giovanipalestinesi\/2025\/04\/15\/contro-la-repressione-per-la-palestina\/#primaryimage"},"thumbnailUrl":"https:\/\/www.noguerranonato.org\/giovanipalestinesi\/wp-content\/uploads\/sites\/8\/2025\/04\/12-APRILE-819x1024.jpg","datePublished":"2025-04-15T09:49:19+00:00","dateModified":"2025-04-15T09:49:19+00:00","author":{"@id":"https:\/\/www.noguerranonato.org\/giovanipalestinesi\/#\/schema\/person\/ce1330ad78585af357fa10ac197e3a57"},"breadcrumb":{"@id":"https:\/\/www.noguerranonato.org\/giovanipalestinesi\/2025\/04\/15\/contro-la-repressione-per-la-palestina\/#breadcrumb"},"inLanguage":"it-IT","potentialAction":[{"@type":"ReadAction","target":["https:\/\/www.noguerranonato.org\/giovanipalestinesi\/2025\/04\/15\/contro-la-repressione-per-la-palestina\/"]}]},{"@type":"ImageObject","inLanguage":"it-IT","@id":"https:\/\/www.noguerranonato.org\/giovanipalestinesi\/2025\/04\/15\/contro-la-repressione-per-la-palestina\/#primaryimage","url":"https:\/\/www.noguerranonato.org\/giovanipalestinesi\/wp-content\/uploads\/sites\/8\/2025\/04\/12-APRILE-scaled.jpg","contentUrl":"https:\/\/www.noguerranonato.org\/giovanipalestinesi\/wp-content\/uploads\/sites\/8\/2025\/04\/12-APRILE-scaled.jpg","width":2048,"height":2560},{"@type":"BreadcrumbList","@id":"https:\/\/www.noguerranonato.org\/giovanipalestinesi\/2025\/04\/15\/contro-la-repressione-per-la-palestina\/#breadcrumb","itemListElement":[{"@type":"ListItem","position":1,"name":"Home","item":"https:\/\/www.noguerranonato.org\/giovanipalestinesi\/"},{"@type":"ListItem","position":2,"name":"Contro la repressione, per la Palestina"}]},{"@type":"WebSite","@id":"https:\/\/www.noguerranonato.org\/giovanipalestinesi\/#website","url":"https:\/\/www.noguerranonato.org\/giovanipalestinesi\/","name":"Giovani Palestinesi Italiani","description":"","potentialAction":[{"@type":"SearchAction","target":{"@type":"EntryPoint","urlTemplate":"https:\/\/www.noguerranonato.org\/giovanipalestinesi\/?s={search_term_string}"},"query-input":{"@type":"PropertyValueSpecification","valueRequired":true,"valueName":"search_term_string"}}],"inLanguage":"it-IT"},{"@type":"Person","@id":"https:\/\/www.noguerranonato.org\/giovanipalestinesi\/#\/schema\/person\/ce1330ad78585af357fa10ac197e3a57","name":"giovanipalestinesi","image":{"@type":"ImageObject","inLanguage":"it-IT","@id":"https:\/\/www.noguerranonato.org\/giovanipalestinesi\/#\/schema\/person\/image\/","url":"https:\/\/secure.gravatar.com\/avatar\/75ef8905a5e0d0feaaa74b109c969615?s=96&d=mm&r=g","contentUrl":"https:\/\/secure.gravatar.com\/avatar\/75ef8905a5e0d0feaaa74b109c969615?s=96&d=mm&r=g","caption":"giovanipalestinesi"},"url":"https:\/\/www.noguerranonato.org\/giovanipalestinesi\/author\/giovanipalestinesi\/"}]}},"_links":{"self":[{"href":"https:\/\/www.noguerranonato.org\/giovanipalestinesi\/wp-json\/wp\/v2\/posts\/50"}],"collection":[{"href":"https:\/\/www.noguerranonato.org\/giovanipalestinesi\/wp-json\/wp\/v2\/posts"}],"about":[{"href":"https:\/\/www.noguerranonato.org\/giovanipalestinesi\/wp-json\/wp\/v2\/types\/post"}],"author":[{"embeddable":true,"href":"https:\/\/www.noguerranonato.org\/giovanipalestinesi\/wp-json\/wp\/v2\/users\/8"}],"replies":[{"embeddable":true,"href":"https:\/\/www.noguerranonato.org\/giovanipalestinesi\/wp-json\/wp\/v2\/comments?post=50"}],"version-history":[{"count":1,"href":"https:\/\/www.noguerranonato.org\/giovanipalestinesi\/wp-json\/wp\/v2\/posts\/50\/revisions"}],"predecessor-version":[{"id":52,"href":"https:\/\/www.noguerranonato.org\/giovanipalestinesi\/wp-json\/wp\/v2\/posts\/50\/revisions\/52"}],"wp:attachment":[{"href":"https:\/\/www.noguerranonato.org\/giovanipalestinesi\/wp-json\/wp\/v2\/media?parent=50"}],"wp:term":[{"taxonomy":"category","embeddable":true,"href":"https:\/\/www.noguerranonato.org\/giovanipalestinesi\/wp-json\/wp\/v2\/categories?post=50"},{"taxonomy":"post_tag","embeddable":true,"href":"https:\/\/www.noguerranonato.org\/giovanipalestinesi\/wp-json\/wp\/v2\/tags?post=50"}],"curies":[{"name":"wp","href":"https:\/\/api.w.org\/{rel}","templated":true}]}}