{"id":1192,"date":"2025-04-14T18:26:22","date_gmt":"2025-04-14T16:26:22","guid":{"rendered":"https:\/\/www.noguerranonato.org\/lottare\/?p=1192"},"modified":"2025-04-14T18:47:17","modified_gmt":"2025-04-14T16:47:17","slug":"a-cu-ciccati-a-chi-cercate","status":"publish","type":"post","link":"https:\/\/www.noguerranonato.org\/lottare\/2025\/04\/14\/a-cu-ciccati-a-chi-cercate\/","title":{"rendered":"A CU\u2019 CICC\u00c0TI? (A CHI CERCATE?)"},"content":{"rendered":"\n<p>Condividiamo da <a href=\"https:\/\/www.instagram.com\/noddlsicurezzacatania\/\">NO Ddl Sicurezza di Catania<\/a><\/p>\n\n\n<div class=\"wp-block-vpb-video\" id='vpbVideoPlayer-1' data-attributes='{&quot;source&quot;:&quot;https:\\\/\\\/www.noguerranonato.org\\\/lottare\\\/wp-content\\\/uploads\\\/sites\\\/3\\\/2025\\\/04\\\/1.mp4&quot;,&quot;align&quot;:&quot;&quot;,&quot;poster&quot;:&quot;&quot;,&quot;controls&quot;:{&quot;play-large&quot;:true,&quot;restart&quot;:false,&quot;rewind&quot;:true,&quot;play&quot;:true,&quot;fast-forward&quot;:true,&quot;progress&quot;:true,&quot;current-time&quot;:true,&quot;duration&quot;:false,&quot;mute&quot;:true,&quot;volume&quot;:true,&quot;pip&quot;:false,&quot;airplay&quot;:false,&quot;settings&quot;:true,&quot;download&quot;:false,&quot;fullscreen&quot;:true},&quot;width&quot;:&quot;100%&quot;,&quot;radius&quot;:&quot;0px&quot;,&quot;repeat&quot;:false,&quot;autoplay&quot;:false,&quot;muted&quot;:false,&quot;resetOnEnd&quot;:false,&quot;autoHideControl&quot;:true}'><\/div>\n\n\n<p><strong>CATANIA, 13 aprile &#8211; SALUTO AL CARCERE DI BICOCCA.<\/strong><\/p>\n\n\n\n<p>Domenica sera il silenzio assordante che circonda l\u2019Istituto penitenziario Bicocca di Catania \u00e8 stato rotto dalle grida dellx solidali che a gran voce hanno urlato solidariet\u00e0 e vicinanza alle reclusx.<\/p>\n\n\n\n<p>Si \u00e8 poi saputo che in mattinata tre ragazzi a Palermo erano riusciti ad evadere dall\u2019Istituto minorile, il Malaspina. Uno dei tre che \u00e8 stato ricatturato, rimesso in cella ha provato a dargli fuoco, si \u00e8 rivoltato contro i guardiani e inferto tagli su s\u00e9 stesso.<br>Non sappiamo altro che questo: che tentare di evadere, distruggere la propria cella, ferirsi sono gesti per provare a difendersi la vita mentre ci si ritrova sepoltx in una condizione inumana. Una condizione in cui, da quando il Decreto Caivano \u00e8 in vigore, ci stanno finendo sempre pi\u00f9 giovanx. E col dl sicurezza questa cosa aumenter\u00e0.<br>I giornali poi dicono che sono stranieri. I minori stranieri in carcere ci finiscono molto pi\u00f9 facilmente, anche e soprattutto come sola custodia cautelare. Nelle carceri siciliane vivono condizioni particolari di inferno, anche per il razzismo dei guardiani.<\/p>\n\n\n\n<p>Il Malaspina, sta dentro la citt\u00e0. Il minorile di Catania, quello con pi\u00f9 posti della regione, sta invece in periferia, nella zona industriale, in mezzo al nulla. E\u2019 all\u2019interno del complesso penitenziario del Bicocca.<\/p>\n\n\n\n<p>Il carcere di Bicocca \u00e8 di quelli che isolano del tutto lx detenutx. Un posto poco raggiungibile, sovraffollato (185 detenutx su 136 posti disponibili in regime di AS3) ed un solo muro di cinta divide la struttura per adulti in massima sicurezza da quella per minori. Dentro quelle mura esterne, si trovano cos\u00ec, separati ma assieme, anime che condividono, sotto regimi diversi, la stessa tortura, quella dello stato. E su cui lo stato vorrebbe marcare a sangue lo stesso perenne presente come destino, senza possibilit\u00e0 di uscita. Il dl sicurezza con il reato di rivolta e l&#8217;introduzione delle &#8220;condotte di resistenza passiva&#8221; lo mostra chiaramente.<\/p>\n\n\n\n<p>Il numero degli agenti della penitenziaria supera quelli previsti, chiaro segnale che quei luoghi vengono tenuti in piedi dalla repressione che stato e guardie riversano sullx detenutx.<br>Lx reclusx, al nostro arrivo, hanno fatto delle battiture, sventolato le fiammelle degli accendini, urlato dei cori, provato ad interagire con lx solidalx.<br>&#8220;A cu&#8217; cicc\u00e0ti?&#8221; &#8211; sono le parole che unx ha urlato dalla finestra. Significa &#8220;chi cercate?&#8221;. Si stava preoccupando di capire chi in caso andare a chiamare, pensando che i nostri cori fossero rivolti solo a quel qualcunx.<br>Ci piacerebbe abbracciarlx, per ringraziarlx della solidariet\u00e0 e dell&#8217;umanit\u00e0 del suo gesto, per dirgli che non eravamo l\u00ec per qualcunx, ma per ognunx di loro, eravamo l\u00ec per lxi, per tuttx.<\/p>\n\n\n\n<p>Ci siamo lasciatx con dellx compagnx che urlavano &#8220;torneremo&#8221;, siamo sicurx che sar\u00e0 cos\u00ec.<br>Anche per questo ci vediamo domani a Piazza Castello: per immaginare e costruire solidariet\u00e0 per tuttx lx reclusx, dalle carceri ai CPR!<\/p>\n\n\n\n<p>MORTE ALLO STATO<br>MORTE ALLO STATO DI POLIZIA<br>MORTE ALLO STATO DI GUERRA<\/p>\n","protected":false},"excerpt":{"rendered":"<p>Condividiamo da NO Ddl Sicurezza di Catania CATANIA, 13 aprile &#8211; SALUTO AL CARCERE DI BICOCCA. Domenica sera il silenzio assordante che circonda l\u2019Istituto penitenziario Bicocca di Catania \u00e8 stato rotto dalle grida dellx solidali che a gran voce hanno urlato solidariet\u00e0 e vicinanza alle reclusx. Si \u00e8 poi saputo che in mattinata tre ragazzi&hellip;&nbsp;<a href=\"https:\/\/www.noguerranonato.org\/lottare\/2025\/04\/14\/a-cu-ciccati-a-chi-cercate\/\" class=\"\" rel=\"bookmark\">Leggi tutto &raquo;<span class=\"screen-reader-text\">A CU\u2019 CICC\u00c0TI? (A CHI CERCATE?)<\/span><\/a><\/p>\n","protected":false},"author":3,"featured_media":1207,"comment_status":"closed","ping_status":"closed","sticky":false,"template":"","format":"standard","meta":{"neve_meta_sidebar":"","neve_meta_container":"","neve_meta_enable_content_width":"","neve_meta_content_width":0,"neve_meta_title_alignment":"","neve_meta_author_avatar":"","neve_post_elements_order":"","neve_meta_disable_header":"","neve_meta_disable_footer":"","neve_meta_disable_title":"","footnotes":""},"categories":[1],"tags":[],"class_list":["post-1192","post","type-post","status-publish","format-standard","has-post-thumbnail","hentry","category-news-dalla-rete"],"yoast_head":"<!-- This site is optimized with the Yoast SEO plugin v23.9 - https:\/\/yoast.com\/wordpress\/plugins\/seo\/ -->\n<title>A CU\u2019 CICC\u00c0TI? (A CHI CERCATE?) - Rete Liberi\/e di Lottare<\/title>\n<meta name=\"robots\" content=\"index, follow, max-snippet:-1, max-image-preview:large, max-video-preview:-1\" \/>\n<link rel=\"canonical\" href=\"https:\/\/www.noguerranonato.org\/lottare\/2025\/04\/14\/a-cu-ciccati-a-chi-cercate\/\" \/>\n<meta property=\"og:locale\" content=\"it_IT\" \/>\n<meta property=\"og:type\" content=\"article\" \/>\n<meta property=\"og:title\" content=\"A CU\u2019 CICC\u00c0TI? (A CHI CERCATE?) - Rete Liberi\/e di Lottare\" \/>\n<meta property=\"og:description\" content=\"Condividiamo da NO Ddl Sicurezza di Catania CATANIA, 13 aprile &#8211; SALUTO AL CARCERE DI BICOCCA. Domenica sera il silenzio assordante che circonda l\u2019Istituto penitenziario Bicocca di Catania \u00e8 stato rotto dalle grida dellx solidali che a gran voce hanno urlato solidariet\u00e0 e vicinanza alle reclusx. Si \u00e8 poi saputo che in mattinata tre ragazzi&hellip;&nbsp;Leggi tutto &raquo;A CU\u2019 CICC\u00c0TI? (A CHI CERCATE?)\" \/>\n<meta property=\"og:url\" content=\"https:\/\/www.noguerranonato.org\/lottare\/2025\/04\/14\/a-cu-ciccati-a-chi-cercate\/\" \/>\n<meta property=\"og:site_name\" content=\"Rete Liberi\/e di Lottare\" \/>\n<meta property=\"article:published_time\" content=\"2025-04-14T16:26:22+00:00\" \/>\n<meta property=\"article:modified_time\" content=\"2025-04-14T16:47:17+00:00\" \/>\n<meta property=\"og:image\" content=\"https:\/\/www.noguerranonato.org\/lottare\/wp-content\/uploads\/sites\/3\/2025\/04\/1-16.jpg\" \/>\n\t<meta property=\"og:image:width\" content=\"2480\" \/>\n\t<meta property=\"og:image:height\" content=\"1754\" \/>\n\t<meta property=\"og:image:type\" content=\"image\/jpeg\" \/>\n<meta name=\"author\" content=\"reteliberi\" \/>\n<meta name=\"twitter:card\" content=\"summary_large_image\" \/>\n<meta name=\"twitter:label1\" content=\"Scritto da\" \/>\n\t<meta name=\"twitter:data1\" content=\"reteliberi\" \/>\n\t<meta name=\"twitter:label2\" content=\"Tempo di lettura stimato\" \/>\n\t<meta name=\"twitter:data2\" content=\"3 minuti\" \/>\n<script type=\"application\/ld+json\" class=\"yoast-schema-graph\">{\"@context\":\"https:\/\/schema.org\",\"@graph\":[{\"@type\":\"WebPage\",\"@id\":\"https:\/\/www.noguerranonato.org\/lottare\/2025\/04\/14\/a-cu-ciccati-a-chi-cercate\/\",\"url\":\"https:\/\/www.noguerranonato.org\/lottare\/2025\/04\/14\/a-cu-ciccati-a-chi-cercate\/\",\"name\":\"A CU\u2019 CICC\u00c0TI? (A CHI CERCATE?) - Rete Liberi\/e di Lottare\",\"isPartOf\":{\"@id\":\"https:\/\/www.noguerranonato.org\/lottare\/#website\"},\"primaryImageOfPage\":{\"@id\":\"https:\/\/www.noguerranonato.org\/lottare\/2025\/04\/14\/a-cu-ciccati-a-chi-cercate\/#primaryimage\"},\"image\":{\"@id\":\"https:\/\/www.noguerranonato.org\/lottare\/2025\/04\/14\/a-cu-ciccati-a-chi-cercate\/#primaryimage\"},\"thumbnailUrl\":\"https:\/\/www.noguerranonato.org\/lottare\/wp-content\/uploads\/sites\/3\/2025\/04\/1-16.jpg\",\"datePublished\":\"2025-04-14T16:26:22+00:00\",\"dateModified\":\"2025-04-14T16:47:17+00:00\",\"author\":{\"@id\":\"https:\/\/www.noguerranonato.org\/lottare\/#\/schema\/person\/64e56d38f26eddb374b3b3c7d5720bf9\"},\"breadcrumb\":{\"@id\":\"https:\/\/www.noguerranonato.org\/lottare\/2025\/04\/14\/a-cu-ciccati-a-chi-cercate\/#breadcrumb\"},\"inLanguage\":\"it-IT\",\"potentialAction\":[{\"@type\":\"ReadAction\",\"target\":[\"https:\/\/www.noguerranonato.org\/lottare\/2025\/04\/14\/a-cu-ciccati-a-chi-cercate\/\"]}]},{\"@type\":\"ImageObject\",\"inLanguage\":\"it-IT\",\"@id\":\"https:\/\/www.noguerranonato.org\/lottare\/2025\/04\/14\/a-cu-ciccati-a-chi-cercate\/#primaryimage\",\"url\":\"https:\/\/www.noguerranonato.org\/lottare\/wp-content\/uploads\/sites\/3\/2025\/04\/1-16.jpg\",\"contentUrl\":\"https:\/\/www.noguerranonato.org\/lottare\/wp-content\/uploads\/sites\/3\/2025\/04\/1-16.jpg\",\"width\":2480,\"height\":1754},{\"@type\":\"BreadcrumbList\",\"@id\":\"https:\/\/www.noguerranonato.org\/lottare\/2025\/04\/14\/a-cu-ciccati-a-chi-cercate\/#breadcrumb\",\"itemListElement\":[{\"@type\":\"ListItem\",\"position\":1,\"name\":\"Home\",\"item\":\"https:\/\/www.noguerranonato.org\/lottare\/\"},{\"@type\":\"ListItem\",\"position\":2,\"name\":\"A CU\u2019 CICC\u00c0TI? (A CHI CERCATE?)\"}]},{\"@type\":\"WebSite\",\"@id\":\"https:\/\/www.noguerranonato.org\/lottare\/#website\",\"url\":\"https:\/\/www.noguerranonato.org\/lottare\/\",\"name\":\"Rete Liberi\/e di Lottare\",\"description\":\"\",\"potentialAction\":[{\"@type\":\"SearchAction\",\"target\":{\"@type\":\"EntryPoint\",\"urlTemplate\":\"https:\/\/www.noguerranonato.org\/lottare\/?s={search_term_string}\"},\"query-input\":{\"@type\":\"PropertyValueSpecification\",\"valueRequired\":true,\"valueName\":\"search_term_string\"}}],\"inLanguage\":\"it-IT\"},{\"@type\":\"Person\",\"@id\":\"https:\/\/www.noguerranonato.org\/lottare\/#\/schema\/person\/64e56d38f26eddb374b3b3c7d5720bf9\",\"name\":\"reteliberi\",\"url\":\"https:\/\/www.noguerranonato.org\/lottare\/author\/reteliberi\/\"}]}<\/script>\n<!-- \/ Yoast SEO plugin. -->","yoast_head_json":{"title":"A CU\u2019 CICC\u00c0TI? (A CHI CERCATE?) - Rete Liberi\/e di Lottare","robots":{"index":"index","follow":"follow","max-snippet":"max-snippet:-1","max-image-preview":"max-image-preview:large","max-video-preview":"max-video-preview:-1"},"canonical":"https:\/\/www.noguerranonato.org\/lottare\/2025\/04\/14\/a-cu-ciccati-a-chi-cercate\/","og_locale":"it_IT","og_type":"article","og_title":"A CU\u2019 CICC\u00c0TI? (A CHI CERCATE?) - Rete Liberi\/e di Lottare","og_description":"Condividiamo da NO Ddl Sicurezza di Catania CATANIA, 13 aprile &#8211; SALUTO AL CARCERE DI BICOCCA. Domenica sera il silenzio assordante che circonda l\u2019Istituto penitenziario Bicocca di Catania \u00e8 stato rotto dalle grida dellx solidali che a gran voce hanno urlato solidariet\u00e0 e vicinanza alle reclusx. Si \u00e8 poi saputo che in mattinata tre ragazzi&hellip;&nbsp;Leggi tutto &raquo;A CU\u2019 CICC\u00c0TI? (A CHI CERCATE?)","og_url":"https:\/\/www.noguerranonato.org\/lottare\/2025\/04\/14\/a-cu-ciccati-a-chi-cercate\/","og_site_name":"Rete Liberi\/e di Lottare","article_published_time":"2025-04-14T16:26:22+00:00","article_modified_time":"2025-04-14T16:47:17+00:00","og_image":[{"width":2480,"height":1754,"url":"https:\/\/www.noguerranonato.org\/lottare\/wp-content\/uploads\/sites\/3\/2025\/04\/1-16.jpg","type":"image\/jpeg"}],"author":"reteliberi","twitter_card":"summary_large_image","twitter_misc":{"Scritto da":"reteliberi","Tempo di lettura stimato":"3 minuti"},"schema":{"@context":"https:\/\/schema.org","@graph":[{"@type":"WebPage","@id":"https:\/\/www.noguerranonato.org\/lottare\/2025\/04\/14\/a-cu-ciccati-a-chi-cercate\/","url":"https:\/\/www.noguerranonato.org\/lottare\/2025\/04\/14\/a-cu-ciccati-a-chi-cercate\/","name":"A CU\u2019 CICC\u00c0TI? (A CHI CERCATE?) - Rete Liberi\/e di Lottare","isPartOf":{"@id":"https:\/\/www.noguerranonato.org\/lottare\/#website"},"primaryImageOfPage":{"@id":"https:\/\/www.noguerranonato.org\/lottare\/2025\/04\/14\/a-cu-ciccati-a-chi-cercate\/#primaryimage"},"image":{"@id":"https:\/\/www.noguerranonato.org\/lottare\/2025\/04\/14\/a-cu-ciccati-a-chi-cercate\/#primaryimage"},"thumbnailUrl":"https:\/\/www.noguerranonato.org\/lottare\/wp-content\/uploads\/sites\/3\/2025\/04\/1-16.jpg","datePublished":"2025-04-14T16:26:22+00:00","dateModified":"2025-04-14T16:47:17+00:00","author":{"@id":"https:\/\/www.noguerranonato.org\/lottare\/#\/schema\/person\/64e56d38f26eddb374b3b3c7d5720bf9"},"breadcrumb":{"@id":"https:\/\/www.noguerranonato.org\/lottare\/2025\/04\/14\/a-cu-ciccati-a-chi-cercate\/#breadcrumb"},"inLanguage":"it-IT","potentialAction":[{"@type":"ReadAction","target":["https:\/\/www.noguerranonato.org\/lottare\/2025\/04\/14\/a-cu-ciccati-a-chi-cercate\/"]}]},{"@type":"ImageObject","inLanguage":"it-IT","@id":"https:\/\/www.noguerranonato.org\/lottare\/2025\/04\/14\/a-cu-ciccati-a-chi-cercate\/#primaryimage","url":"https:\/\/www.noguerranonato.org\/lottare\/wp-content\/uploads\/sites\/3\/2025\/04\/1-16.jpg","contentUrl":"https:\/\/www.noguerranonato.org\/lottare\/wp-content\/uploads\/sites\/3\/2025\/04\/1-16.jpg","width":2480,"height":1754},{"@type":"BreadcrumbList","@id":"https:\/\/www.noguerranonato.org\/lottare\/2025\/04\/14\/a-cu-ciccati-a-chi-cercate\/#breadcrumb","itemListElement":[{"@type":"ListItem","position":1,"name":"Home","item":"https:\/\/www.noguerranonato.org\/lottare\/"},{"@type":"ListItem","position":2,"name":"A CU\u2019 CICC\u00c0TI? (A CHI CERCATE?)"}]},{"@type":"WebSite","@id":"https:\/\/www.noguerranonato.org\/lottare\/#website","url":"https:\/\/www.noguerranonato.org\/lottare\/","name":"Rete Liberi\/e di Lottare","description":"","potentialAction":[{"@type":"SearchAction","target":{"@type":"EntryPoint","urlTemplate":"https:\/\/www.noguerranonato.org\/lottare\/?s={search_term_string}"},"query-input":{"@type":"PropertyValueSpecification","valueRequired":true,"valueName":"search_term_string"}}],"inLanguage":"it-IT"},{"@type":"Person","@id":"https:\/\/www.noguerranonato.org\/lottare\/#\/schema\/person\/64e56d38f26eddb374b3b3c7d5720bf9","name":"reteliberi","url":"https:\/\/www.noguerranonato.org\/lottare\/author\/reteliberi\/"}]}},"_links":{"self":[{"href":"https:\/\/www.noguerranonato.org\/lottare\/wp-json\/wp\/v2\/posts\/1192"}],"collection":[{"href":"https:\/\/www.noguerranonato.org\/lottare\/wp-json\/wp\/v2\/posts"}],"about":[{"href":"https:\/\/www.noguerranonato.org\/lottare\/wp-json\/wp\/v2\/types\/post"}],"author":[{"embeddable":true,"href":"https:\/\/www.noguerranonato.org\/lottare\/wp-json\/wp\/v2\/users\/3"}],"replies":[{"embeddable":true,"href":"https:\/\/www.noguerranonato.org\/lottare\/wp-json\/wp\/v2\/comments?post=1192"}],"version-history":[{"count":1,"href":"https:\/\/www.noguerranonato.org\/lottare\/wp-json\/wp\/v2\/posts\/1192\/revisions"}],"predecessor-version":[{"id":1194,"href":"https:\/\/www.noguerranonato.org\/lottare\/wp-json\/wp\/v2\/posts\/1192\/revisions\/1194"}],"wp:featuredmedia":[{"embeddable":true,"href":"https:\/\/www.noguerranonato.org\/lottare\/wp-json\/wp\/v2\/media\/1207"}],"wp:attachment":[{"href":"https:\/\/www.noguerranonato.org\/lottare\/wp-json\/wp\/v2\/media?parent=1192"}],"wp:term":[{"taxonomy":"category","embeddable":true,"href":"https:\/\/www.noguerranonato.org\/lottare\/wp-json\/wp\/v2\/categories?post=1192"},{"taxonomy":"post_tag","embeddable":true,"href":"https:\/\/www.noguerranonato.org\/lottare\/wp-json\/wp\/v2\/tags?post=1192"}],"curies":[{"name":"wp","href":"https:\/\/api.w.org\/{rel}","templated":true}]}}