{"id":1262,"date":"2025-04-20T12:26:39","date_gmt":"2025-04-20T10:26:39","guid":{"rendered":"https:\/\/www.noguerranonato.org\/lottare\/?p=1262"},"modified":"2025-04-20T12:26:39","modified_gmt":"2025-04-20T10:26:39","slug":"questo-e-un-processo-politico","status":"publish","type":"post","link":"https:\/\/www.noguerranonato.org\/lottare\/2025\/04\/20\/questo-e-un-processo-politico\/","title":{"rendered":"QUESTO \u00c8 UN PROCESSO POLITICO!"},"content":{"rendered":"\n<figure class=\"wp-block-image size-large\"><img loading=\"lazy\" decoding=\"async\" width=\"1024\" height=\"768\" src=\"https:\/\/www.noguerranonato.org\/lottare\/wp-content\/uploads\/sites\/3\/2025\/04\/1-20-1024x768.jpg\" alt=\"\" class=\"wp-image-1263\" srcset=\"https:\/\/www.noguerranonato.org\/lottare\/wp-content\/uploads\/sites\/3\/2025\/04\/1-20-1024x768.jpg 1024w, https:\/\/www.noguerranonato.org\/lottare\/wp-content\/uploads\/sites\/3\/2025\/04\/1-20-300x225.jpg 300w, https:\/\/www.noguerranonato.org\/lottare\/wp-content\/uploads\/sites\/3\/2025\/04\/1-20-768x576.jpg 768w, https:\/\/www.noguerranonato.org\/lottare\/wp-content\/uploads\/sites\/3\/2025\/04\/1-20.jpg 1280w\" sizes=\"(max-width: 1024px) 100vw, 1024px\" \/><\/figure>\n\n\n\n<p>Mercoled\u00ec scorso all\u2019Aquila \u00e8 proseguito il processo contro Anan Yaeesh, Ali Irar e Mansour Doghmosh. E ancora una volta, ci\u00f2 che si \u00e8 consumato in aula non \u00e8 stato solo uno scontro fra tesi giuridiche, ma una vera e propria epurazione del contesto. La Corte continua a ripetere, con ostinazione quasi rituale, che questo non \u00e8 un processo politico. Che si tratta di un procedimento tecnico, neutro, asettico.<br>Eppure, tutto il dispositivo messo in campo \u2013 dalla selezione dei testimoni all\u2019ammissione di prove ottenute senza garanzie, fino alla gestione della parola \u2013 tradisce l\u2019esatto contrario: la volont\u00e0 di giudicare politicamente, senza riconoscere la natura politica di ci\u00f2 che si giudica.<\/p>\n\n\n\n<p>Anan ha preso parola ancora una volta. Con lucidit\u00e0 e coraggio, ha riportato la Corte all\u2019essenziale:<br>\u201cSignor giudice, perch\u00e9 non mi date il diritto di difendermi? Il procuratore usa documenti contro di me, ma voi rifiutate quelli che io ho presentato. Mi interrompete quando parlo, mettete fretta a me e alla mia difesa. \u00c8 come se, una volta finita quest\u2019udienza, io dovessi andare alle Maldive e non tornare alla mia cella in questo carcere \u201d.<br>\u201cIo sono qui [in carcere] per motivi politici. Non ho fatto nulla contro l\u2019Italia. Voi dite che questo non \u00e8 un processo politico, ma siete voi a usare la politica per giudicarmi. State usando atti israeliani, di un paese che non rispetta i diritti umani, e rifiutate le prove che parlano della nostra storia e della nostra resistenza.<br>Voi state continuando l\u2019oppressione che ha compiuto Israele su di noi [popolo palestinese].<br>Sento che stiamo subendo una grande ingiustizia. Questo processo somiglia sempre di pi\u00f9 ai tribunali francesi contro gli algerini.\u201d<br>Durante l\u2019udienza sono stati ascoltati alcuni periti tecnici, tra cui quello balistico. Il perito ha riferito che l\u2019\u201carma\u201d mostrata in una fotografia dei tre imputati era in pessime condizioni, non funzionante e facilmente reperibile in commercio. Alla domanda su che materiale fosse fatta, la risposta \u00e8 stata secca: Plastica.<br>Una delle colonne portanti della narrazione dell\u2019allarme terroristico \u2013 quella della minaccia armata, della pericolosit\u00e0 militare \u2013 si \u00e8 cos\u00ec sgonfiata sotto il peso della perizia: era un fucile giocattolo. Un\u2019arma di plastica.<br>E allora, giustamente, ci si chiede: su cosa si fondano queste accuse di terrorismo? Su un giocattolo postato in una foto? Su post pubblicati anni fa sui social, che raccontavano l\u2019esistenza di allora? Su queste tre vite che si vogliono strappare al proprio contesto, come se chi ha vissuto in Palestina fino al 2016 potesse parlare di s\u00e9 come se fosse cresciuto altrove, in un mondo che non conosce occupazione militare, rastrellamenti, umiliazioni quotidiane?<br>La vita in un territorio occupato non \u00e8 una parentesi: \u00e8 una condizione politica concreta, quotidiana, che non pu\u00f2 essere rimossa. Ignorarla non significa essere imparziali, ma prenderne parte. \u00c8 contribuire, anche solo con l\u2019apparente oggettivit\u00e0 del diritto, a quel processo di spossessamento che toglie ai popoli occupati persino la possibilit\u00e0 di raccontarsi a partire da s\u00e9.<br>\u00c8 diventare parte, consapevole o no, di un\u2019oppressione che si regge sulla pretesa di raccontare l\u2019altro svuotandolo della sua storia, della sua realt\u00e0, del suo diritto, imprescindibile, alla resistenza.<br>\u00c8 fare del tribunale uno strumento dell\u2019occupazione, mentre si continua a ricoprire questa violenza con la vuota retorica degli Stati democratici, con la grammatica stanca e rituale della legalit\u00e0 liberale.&#8221;<\/p>\n","protected":false},"excerpt":{"rendered":"<p>Mercoled\u00ec scorso all\u2019Aquila \u00e8 proseguito il processo contro Anan Yaeesh, Ali Irar e Mansour Doghmosh. E ancora una volta, ci\u00f2 che si \u00e8 consumato in aula non \u00e8 stato solo uno scontro fra tesi giuridiche, ma una vera e propria epurazione del contesto. La Corte continua a ripetere, con ostinazione quasi rituale, che questo non&hellip;&nbsp;<a href=\"https:\/\/www.noguerranonato.org\/lottare\/2025\/04\/20\/questo-e-un-processo-politico\/\" class=\"\" rel=\"bookmark\">Leggi tutto &raquo;<span class=\"screen-reader-text\">QUESTO \u00c8 UN PROCESSO POLITICO!<\/span><\/a><\/p>\n","protected":false},"author":3,"featured_media":1263,"comment_status":"closed","ping_status":"closed","sticky":false,"template":"","format":"standard","meta":{"neve_meta_sidebar":"","neve_meta_container":"","neve_meta_enable_content_width":"","neve_meta_content_width":0,"neve_meta_title_alignment":"center","neve_meta_author_avatar":"","neve_post_elements_order":"[\"title\",\"meta\",\"content\",\"tags\"]","neve_meta_disable_header":"","neve_meta_disable_footer":"","neve_meta_disable_title":"","footnotes":""},"categories":[1],"tags":[],"class_list":["post-1262","post","type-post","status-publish","format-standard","has-post-thumbnail","hentry","category-news-dalla-rete"],"yoast_head":"<!-- This site is optimized with the Yoast SEO plugin v23.9 - https:\/\/yoast.com\/wordpress\/plugins\/seo\/ -->\n<title>QUESTO \u00c8 UN PROCESSO POLITICO! - Rete Liberi\/e di Lottare<\/title>\n<meta name=\"robots\" content=\"index, follow, max-snippet:-1, max-image-preview:large, max-video-preview:-1\" \/>\n<link rel=\"canonical\" href=\"https:\/\/www.noguerranonato.org\/lottare\/2025\/04\/20\/questo-e-un-processo-politico\/\" \/>\n<meta property=\"og:locale\" content=\"it_IT\" \/>\n<meta property=\"og:type\" content=\"article\" \/>\n<meta property=\"og:title\" content=\"QUESTO \u00c8 UN PROCESSO POLITICO! - Rete Liberi\/e di Lottare\" \/>\n<meta property=\"og:description\" content=\"Mercoled\u00ec scorso all\u2019Aquila \u00e8 proseguito il processo contro Anan Yaeesh, Ali Irar e Mansour Doghmosh. E ancora una volta, ci\u00f2 che si \u00e8 consumato in aula non \u00e8 stato solo uno scontro fra tesi giuridiche, ma una vera e propria epurazione del contesto. La Corte continua a ripetere, con ostinazione quasi rituale, che questo non&hellip;&nbsp;Leggi tutto &raquo;QUESTO \u00c8 UN PROCESSO POLITICO!\" \/>\n<meta property=\"og:url\" content=\"https:\/\/www.noguerranonato.org\/lottare\/2025\/04\/20\/questo-e-un-processo-politico\/\" \/>\n<meta property=\"og:site_name\" content=\"Rete Liberi\/e di Lottare\" \/>\n<meta property=\"article:published_time\" content=\"2025-04-20T10:26:39+00:00\" \/>\n<meta property=\"og:image\" content=\"https:\/\/www.noguerranonato.org\/lottare\/wp-content\/uploads\/sites\/3\/2025\/04\/1-20.jpg\" \/>\n\t<meta property=\"og:image:width\" content=\"1280\" \/>\n\t<meta property=\"og:image:height\" content=\"960\" \/>\n\t<meta property=\"og:image:type\" content=\"image\/jpeg\" \/>\n<meta name=\"author\" content=\"reteliberi\" \/>\n<meta name=\"twitter:card\" content=\"summary_large_image\" \/>\n<meta name=\"twitter:label1\" content=\"Scritto da\" \/>\n\t<meta name=\"twitter:data1\" content=\"reteliberi\" \/>\n\t<meta name=\"twitter:label2\" content=\"Tempo di lettura stimato\" \/>\n\t<meta name=\"twitter:data2\" content=\"4 minuti\" \/>\n<script type=\"application\/ld+json\" class=\"yoast-schema-graph\">{\"@context\":\"https:\/\/schema.org\",\"@graph\":[{\"@type\":\"WebPage\",\"@id\":\"https:\/\/www.noguerranonato.org\/lottare\/2025\/04\/20\/questo-e-un-processo-politico\/\",\"url\":\"https:\/\/www.noguerranonato.org\/lottare\/2025\/04\/20\/questo-e-un-processo-politico\/\",\"name\":\"QUESTO \u00c8 UN PROCESSO POLITICO! - Rete Liberi\/e di Lottare\",\"isPartOf\":{\"@id\":\"https:\/\/www.noguerranonato.org\/lottare\/#website\"},\"primaryImageOfPage\":{\"@id\":\"https:\/\/www.noguerranonato.org\/lottare\/2025\/04\/20\/questo-e-un-processo-politico\/#primaryimage\"},\"image\":{\"@id\":\"https:\/\/www.noguerranonato.org\/lottare\/2025\/04\/20\/questo-e-un-processo-politico\/#primaryimage\"},\"thumbnailUrl\":\"https:\/\/www.noguerranonato.org\/lottare\/wp-content\/uploads\/sites\/3\/2025\/04\/1-20.jpg\",\"datePublished\":\"2025-04-20T10:26:39+00:00\",\"dateModified\":\"2025-04-20T10:26:39+00:00\",\"author\":{\"@id\":\"https:\/\/www.noguerranonato.org\/lottare\/#\/schema\/person\/64e56d38f26eddb374b3b3c7d5720bf9\"},\"breadcrumb\":{\"@id\":\"https:\/\/www.noguerranonato.org\/lottare\/2025\/04\/20\/questo-e-un-processo-politico\/#breadcrumb\"},\"inLanguage\":\"it-IT\",\"potentialAction\":[{\"@type\":\"ReadAction\",\"target\":[\"https:\/\/www.noguerranonato.org\/lottare\/2025\/04\/20\/questo-e-un-processo-politico\/\"]}]},{\"@type\":\"ImageObject\",\"inLanguage\":\"it-IT\",\"@id\":\"https:\/\/www.noguerranonato.org\/lottare\/2025\/04\/20\/questo-e-un-processo-politico\/#primaryimage\",\"url\":\"https:\/\/www.noguerranonato.org\/lottare\/wp-content\/uploads\/sites\/3\/2025\/04\/1-20.jpg\",\"contentUrl\":\"https:\/\/www.noguerranonato.org\/lottare\/wp-content\/uploads\/sites\/3\/2025\/04\/1-20.jpg\",\"width\":1280,\"height\":960},{\"@type\":\"BreadcrumbList\",\"@id\":\"https:\/\/www.noguerranonato.org\/lottare\/2025\/04\/20\/questo-e-un-processo-politico\/#breadcrumb\",\"itemListElement\":[{\"@type\":\"ListItem\",\"position\":1,\"name\":\"Home\",\"item\":\"https:\/\/www.noguerranonato.org\/lottare\/\"},{\"@type\":\"ListItem\",\"position\":2,\"name\":\"QUESTO \u00c8 UN PROCESSO POLITICO!\"}]},{\"@type\":\"WebSite\",\"@id\":\"https:\/\/www.noguerranonato.org\/lottare\/#website\",\"url\":\"https:\/\/www.noguerranonato.org\/lottare\/\",\"name\":\"Rete Liberi\/e di Lottare\",\"description\":\"\",\"potentialAction\":[{\"@type\":\"SearchAction\",\"target\":{\"@type\":\"EntryPoint\",\"urlTemplate\":\"https:\/\/www.noguerranonato.org\/lottare\/?s={search_term_string}\"},\"query-input\":{\"@type\":\"PropertyValueSpecification\",\"valueRequired\":true,\"valueName\":\"search_term_string\"}}],\"inLanguage\":\"it-IT\"},{\"@type\":\"Person\",\"@id\":\"https:\/\/www.noguerranonato.org\/lottare\/#\/schema\/person\/64e56d38f26eddb374b3b3c7d5720bf9\",\"name\":\"reteliberi\",\"url\":\"https:\/\/www.noguerranonato.org\/lottare\/author\/reteliberi\/\"}]}<\/script>\n<!-- \/ Yoast SEO plugin. -->","yoast_head_json":{"title":"QUESTO \u00c8 UN PROCESSO POLITICO! - Rete Liberi\/e di Lottare","robots":{"index":"index","follow":"follow","max-snippet":"max-snippet:-1","max-image-preview":"max-image-preview:large","max-video-preview":"max-video-preview:-1"},"canonical":"https:\/\/www.noguerranonato.org\/lottare\/2025\/04\/20\/questo-e-un-processo-politico\/","og_locale":"it_IT","og_type":"article","og_title":"QUESTO \u00c8 UN PROCESSO POLITICO! - Rete Liberi\/e di Lottare","og_description":"Mercoled\u00ec scorso all\u2019Aquila \u00e8 proseguito il processo contro Anan Yaeesh, Ali Irar e Mansour Doghmosh. E ancora una volta, ci\u00f2 che si \u00e8 consumato in aula non \u00e8 stato solo uno scontro fra tesi giuridiche, ma una vera e propria epurazione del contesto. La Corte continua a ripetere, con ostinazione quasi rituale, che questo non&hellip;&nbsp;Leggi tutto &raquo;QUESTO \u00c8 UN PROCESSO POLITICO!","og_url":"https:\/\/www.noguerranonato.org\/lottare\/2025\/04\/20\/questo-e-un-processo-politico\/","og_site_name":"Rete Liberi\/e di Lottare","article_published_time":"2025-04-20T10:26:39+00:00","og_image":[{"width":1280,"height":960,"url":"https:\/\/www.noguerranonato.org\/lottare\/wp-content\/uploads\/sites\/3\/2025\/04\/1-20.jpg","type":"image\/jpeg"}],"author":"reteliberi","twitter_card":"summary_large_image","twitter_misc":{"Scritto da":"reteliberi","Tempo di lettura stimato":"4 minuti"},"schema":{"@context":"https:\/\/schema.org","@graph":[{"@type":"WebPage","@id":"https:\/\/www.noguerranonato.org\/lottare\/2025\/04\/20\/questo-e-un-processo-politico\/","url":"https:\/\/www.noguerranonato.org\/lottare\/2025\/04\/20\/questo-e-un-processo-politico\/","name":"QUESTO \u00c8 UN PROCESSO POLITICO! - Rete Liberi\/e di Lottare","isPartOf":{"@id":"https:\/\/www.noguerranonato.org\/lottare\/#website"},"primaryImageOfPage":{"@id":"https:\/\/www.noguerranonato.org\/lottare\/2025\/04\/20\/questo-e-un-processo-politico\/#primaryimage"},"image":{"@id":"https:\/\/www.noguerranonato.org\/lottare\/2025\/04\/20\/questo-e-un-processo-politico\/#primaryimage"},"thumbnailUrl":"https:\/\/www.noguerranonato.org\/lottare\/wp-content\/uploads\/sites\/3\/2025\/04\/1-20.jpg","datePublished":"2025-04-20T10:26:39+00:00","dateModified":"2025-04-20T10:26:39+00:00","author":{"@id":"https:\/\/www.noguerranonato.org\/lottare\/#\/schema\/person\/64e56d38f26eddb374b3b3c7d5720bf9"},"breadcrumb":{"@id":"https:\/\/www.noguerranonato.org\/lottare\/2025\/04\/20\/questo-e-un-processo-politico\/#breadcrumb"},"inLanguage":"it-IT","potentialAction":[{"@type":"ReadAction","target":["https:\/\/www.noguerranonato.org\/lottare\/2025\/04\/20\/questo-e-un-processo-politico\/"]}]},{"@type":"ImageObject","inLanguage":"it-IT","@id":"https:\/\/www.noguerranonato.org\/lottare\/2025\/04\/20\/questo-e-un-processo-politico\/#primaryimage","url":"https:\/\/www.noguerranonato.org\/lottare\/wp-content\/uploads\/sites\/3\/2025\/04\/1-20.jpg","contentUrl":"https:\/\/www.noguerranonato.org\/lottare\/wp-content\/uploads\/sites\/3\/2025\/04\/1-20.jpg","width":1280,"height":960},{"@type":"BreadcrumbList","@id":"https:\/\/www.noguerranonato.org\/lottare\/2025\/04\/20\/questo-e-un-processo-politico\/#breadcrumb","itemListElement":[{"@type":"ListItem","position":1,"name":"Home","item":"https:\/\/www.noguerranonato.org\/lottare\/"},{"@type":"ListItem","position":2,"name":"QUESTO \u00c8 UN PROCESSO POLITICO!"}]},{"@type":"WebSite","@id":"https:\/\/www.noguerranonato.org\/lottare\/#website","url":"https:\/\/www.noguerranonato.org\/lottare\/","name":"Rete Liberi\/e di Lottare","description":"","potentialAction":[{"@type":"SearchAction","target":{"@type":"EntryPoint","urlTemplate":"https:\/\/www.noguerranonato.org\/lottare\/?s={search_term_string}"},"query-input":{"@type":"PropertyValueSpecification","valueRequired":true,"valueName":"search_term_string"}}],"inLanguage":"it-IT"},{"@type":"Person","@id":"https:\/\/www.noguerranonato.org\/lottare\/#\/schema\/person\/64e56d38f26eddb374b3b3c7d5720bf9","name":"reteliberi","url":"https:\/\/www.noguerranonato.org\/lottare\/author\/reteliberi\/"}]}},"_links":{"self":[{"href":"https:\/\/www.noguerranonato.org\/lottare\/wp-json\/wp\/v2\/posts\/1262"}],"collection":[{"href":"https:\/\/www.noguerranonato.org\/lottare\/wp-json\/wp\/v2\/posts"}],"about":[{"href":"https:\/\/www.noguerranonato.org\/lottare\/wp-json\/wp\/v2\/types\/post"}],"author":[{"embeddable":true,"href":"https:\/\/www.noguerranonato.org\/lottare\/wp-json\/wp\/v2\/users\/3"}],"replies":[{"embeddable":true,"href":"https:\/\/www.noguerranonato.org\/lottare\/wp-json\/wp\/v2\/comments?post=1262"}],"version-history":[{"count":1,"href":"https:\/\/www.noguerranonato.org\/lottare\/wp-json\/wp\/v2\/posts\/1262\/revisions"}],"predecessor-version":[{"id":1264,"href":"https:\/\/www.noguerranonato.org\/lottare\/wp-json\/wp\/v2\/posts\/1262\/revisions\/1264"}],"wp:featuredmedia":[{"embeddable":true,"href":"https:\/\/www.noguerranonato.org\/lottare\/wp-json\/wp\/v2\/media\/1263"}],"wp:attachment":[{"href":"https:\/\/www.noguerranonato.org\/lottare\/wp-json\/wp\/v2\/media?parent=1262"}],"wp:term":[{"taxonomy":"category","embeddable":true,"href":"https:\/\/www.noguerranonato.org\/lottare\/wp-json\/wp\/v2\/categories?post=1262"},{"taxonomy":"post_tag","embeddable":true,"href":"https:\/\/www.noguerranonato.org\/lottare\/wp-json\/wp\/v2\/tags?post=1262"}],"curies":[{"name":"wp","href":"https:\/\/api.w.org\/{rel}","templated":true}]}}