{"id":1329,"date":"2025-05-01T11:00:27","date_gmt":"2025-05-01T09:00:27","guid":{"rendered":"https:\/\/www.noguerranonato.org\/lottare\/?p=1329"},"modified":"2025-05-01T11:01:44","modified_gmt":"2025-05-01T09:01:44","slug":"continuiamo-a-scrivere-ad-alfredo","status":"publish","type":"post","link":"https:\/\/www.noguerranonato.org\/lottare\/2025\/05\/01\/continuiamo-a-scrivere-ad-alfredo\/","title":{"rendered":"CONTINUIAMO A SCRIVERE AD ALFREDO!"},"content":{"rendered":"<div class=\"wp-block-image\">\n<figure class=\"aligncenter size-large is-resized\"><img loading=\"lazy\" decoding=\"async\" width=\"1024\" height=\"819\" src=\"https:\/\/www.noguerranonato.org\/lottare\/wp-content\/uploads\/sites\/3\/2025\/05\/1-5-1024x819.jpg\" alt=\"\" class=\"wp-image-1330\" style=\"width:689px;height:auto\" srcset=\"https:\/\/www.noguerranonato.org\/lottare\/wp-content\/uploads\/sites\/3\/2025\/05\/1-5-1024x819.jpg 1024w, https:\/\/www.noguerranonato.org\/lottare\/wp-content\/uploads\/sites\/3\/2025\/05\/1-5-300x240.jpg 300w, https:\/\/www.noguerranonato.org\/lottare\/wp-content\/uploads\/sites\/3\/2025\/05\/1-5-768x614.jpg 768w, https:\/\/www.noguerranonato.org\/lottare\/wp-content\/uploads\/sites\/3\/2025\/05\/1-5.jpg 1280w\" sizes=\"(max-width: 1024px) 100vw, 1024px\" \/><\/figure><\/div>\n\n\n<p>Da alcuni mesi, Alfredo sta affrontando una progressiva limitazione nelle gi\u00e0 esigue possibilit\u00e0 di vivibilit\u00e0 del regime detentivo a cui \u00e8 stato assegnato dal 2022, tra cui il blocco praticamente totale della<br>corrispondenza da\/per l\u2019esterno, l\u2019impossibilit\u00e0 di accedere alla biblioteca interna (autorizzazione che Alfredo aveva avuto dalla Direzione), il blocco dei libri regolarmente acquistati in libreria tramite il carcere (come prevede il regime del 41-bis) e di altri beni, come farina o indumenti, di uso quotidiano (\u2026)<\/p>\n\n\n\n<p>Rilanciamo quindi l\u2019appello per strappare Alfredo dall\u2019isolamento e per continuare a lottare contro l\u2019ergastolo e il 41-bis.<\/p>\n\n\n\n<p>CONTINUIAMO A SCRIVERE AD ALFREDO!<\/p>\n\n\n\n<p>\u00c8 importantissimo continuare a scrivere al compagno Alfredo Cospito, tuttora in 41bis nel carcere di Bancali (Sassari). Il lavoro certosino (e spesso francamente incomprensibile e contraddittorio) dell&#8217;ufficio censura, insieme al pressapochismo tipico delle patrie galere e all&#8217;inaffidabilit\u00e0 delle poste italiane (strumento sempre pi\u00f9 spesso appannaggio esclusivo delle comunicazioni galeotte), rende fortemente consigliato l&#8217;invio della corrispondenza attraverso sistemi tracciabili quali la raccomandata (anche senza ricevuta di ritorno) o la \u201cPosta 1\u201d.<\/p>\n\n\n\n<p>Il tagliando e il codice di tracciabilit\u00e0 permettono di conoscere lo stato della spedizione e intraprendere poi l&#8217;iter burocratico per cercare di sbloccare la corrispondenza, dato che gli agenti non sempre rendono noti i trattenimenti e la posta spesso semplicemente scompare.<\/p>\n\n\n\n<p>Invitiamo quindi tutti i solidali a scrivere e ad inviare scansione o foto dei tagliandi (o comunque dei codici di tracciabilit\u00e0) alla Cassa Antirep delle Alpi Occidentali, che si incaricher\u00e0 di raccoglierli e inviarli all&#8217;avvocato di Alfredo per fare i dovuti ricorsi e recuperare quante pi\u00f9 lettere possibile.<\/p>\n\n\n\n<p>La solidariet\u00e0 \u00e8 un atto concreto, non lasceremo mai Alfredo da solo nelle mani dei boia di Stato: sommergiamolo di affetto anche attraverso lettere e cartoline!<\/p>\n\n\n\n<p>L&#8217;indirizzo per scrivergli \u00e8:<\/p>\n\n\n\n<p>Alfredo Cospito<br>C.C. &#8220;G.Bacchiddu&#8221;<br>Strada Provinciale 56, n\u00b04<br>Localit\u00e0 Bancali<br>07100 Sassari<\/p>\n\n\n\n<p>mentre per inviare le vostre ricevute:<br>cassantirepalpi@autistici.org<\/p>\n\n\n\n<p>Contro tutte le galere!<br>Cassa AntiRep delle Alpi occidentali<\/p>\n","protected":false},"excerpt":{"rendered":"<p>Da alcuni mesi, Alfredo sta affrontando una progressiva limitazione nelle gi\u00e0 esigue possibilit\u00e0 di vivibilit\u00e0 del regime detentivo a cui \u00e8 stato assegnato dal 2022, tra cui il blocco praticamente totale dellacorrispondenza da\/per l\u2019esterno, l\u2019impossibilit\u00e0 di accedere alla biblioteca interna (autorizzazione che Alfredo aveva avuto dalla Direzione), il blocco dei libri regolarmente acquistati in libreria&hellip;&nbsp;<a href=\"https:\/\/www.noguerranonato.org\/lottare\/2025\/05\/01\/continuiamo-a-scrivere-ad-alfredo\/\" class=\"\" rel=\"bookmark\">Leggi tutto &raquo;<span class=\"screen-reader-text\">CONTINUIAMO A SCRIVERE AD ALFREDO!<\/span><\/a><\/p>\n","protected":false},"author":3,"featured_media":1330,"comment_status":"closed","ping_status":"closed","sticky":false,"template":"","format":"standard","meta":{"neve_meta_sidebar":"","neve_meta_container":"","neve_meta_enable_content_width":"","neve_meta_content_width":0,"neve_meta_title_alignment":"center","neve_meta_author_avatar":"","neve_post_elements_order":"[\"title\",\"meta\",\"content\",\"tags\"]","neve_meta_disable_header":"","neve_meta_disable_footer":"","neve_meta_disable_title":"","footnotes":""},"categories":[1],"tags":[],"class_list":["post-1329","post","type-post","status-publish","format-standard","has-post-thumbnail","hentry","category-news-dalla-rete"],"yoast_head":"<!-- This site is optimized with the Yoast SEO plugin v23.9 - https:\/\/yoast.com\/wordpress\/plugins\/seo\/ -->\n<title>CONTINUIAMO A SCRIVERE AD ALFREDO! - Rete Liberi\/e di Lottare<\/title>\n<meta name=\"robots\" content=\"index, follow, max-snippet:-1, max-image-preview:large, max-video-preview:-1\" \/>\n<link rel=\"canonical\" href=\"https:\/\/www.noguerranonato.org\/lottare\/2025\/05\/01\/continuiamo-a-scrivere-ad-alfredo\/\" \/>\n<meta property=\"og:locale\" content=\"it_IT\" \/>\n<meta property=\"og:type\" content=\"article\" \/>\n<meta property=\"og:title\" content=\"CONTINUIAMO A SCRIVERE AD ALFREDO! - Rete Liberi\/e di Lottare\" \/>\n<meta property=\"og:description\" content=\"Da alcuni mesi, Alfredo sta affrontando una progressiva limitazione nelle gi\u00e0 esigue possibilit\u00e0 di vivibilit\u00e0 del regime detentivo a cui \u00e8 stato assegnato dal 2022, tra cui il blocco praticamente totale dellacorrispondenza da\/per l\u2019esterno, l\u2019impossibilit\u00e0 di accedere alla biblioteca interna (autorizzazione che Alfredo aveva avuto dalla Direzione), il blocco dei libri regolarmente acquistati in libreria&hellip;&nbsp;Leggi tutto &raquo;CONTINUIAMO A SCRIVERE AD ALFREDO!\" \/>\n<meta property=\"og:url\" content=\"https:\/\/www.noguerranonato.org\/lottare\/2025\/05\/01\/continuiamo-a-scrivere-ad-alfredo\/\" \/>\n<meta property=\"og:site_name\" content=\"Rete Liberi\/e di Lottare\" \/>\n<meta property=\"article:published_time\" content=\"2025-05-01T09:00:27+00:00\" \/>\n<meta property=\"article:modified_time\" content=\"2025-05-01T09:01:44+00:00\" \/>\n<meta property=\"og:image\" content=\"https:\/\/www.noguerranonato.org\/lottare\/wp-content\/uploads\/sites\/3\/2025\/05\/1-5.jpg\" \/>\n\t<meta property=\"og:image:width\" content=\"1280\" \/>\n\t<meta property=\"og:image:height\" content=\"1024\" \/>\n\t<meta property=\"og:image:type\" content=\"image\/jpeg\" \/>\n<meta name=\"author\" content=\"reteliberi\" \/>\n<meta name=\"twitter:card\" content=\"summary_large_image\" \/>\n<meta name=\"twitter:label1\" content=\"Scritto da\" \/>\n\t<meta name=\"twitter:data1\" content=\"reteliberi\" \/>\n\t<meta name=\"twitter:label2\" content=\"Tempo di lettura stimato\" \/>\n\t<meta name=\"twitter:data2\" content=\"3 minuti\" \/>\n<script type=\"application\/ld+json\" class=\"yoast-schema-graph\">{\"@context\":\"https:\/\/schema.org\",\"@graph\":[{\"@type\":\"WebPage\",\"@id\":\"https:\/\/www.noguerranonato.org\/lottare\/2025\/05\/01\/continuiamo-a-scrivere-ad-alfredo\/\",\"url\":\"https:\/\/www.noguerranonato.org\/lottare\/2025\/05\/01\/continuiamo-a-scrivere-ad-alfredo\/\",\"name\":\"CONTINUIAMO A SCRIVERE AD ALFREDO! - Rete Liberi\/e di Lottare\",\"isPartOf\":{\"@id\":\"https:\/\/www.noguerranonato.org\/lottare\/#website\"},\"primaryImageOfPage\":{\"@id\":\"https:\/\/www.noguerranonato.org\/lottare\/2025\/05\/01\/continuiamo-a-scrivere-ad-alfredo\/#primaryimage\"},\"image\":{\"@id\":\"https:\/\/www.noguerranonato.org\/lottare\/2025\/05\/01\/continuiamo-a-scrivere-ad-alfredo\/#primaryimage\"},\"thumbnailUrl\":\"https:\/\/www.noguerranonato.org\/lottare\/wp-content\/uploads\/sites\/3\/2025\/05\/1-5.jpg\",\"datePublished\":\"2025-05-01T09:00:27+00:00\",\"dateModified\":\"2025-05-01T09:01:44+00:00\",\"author\":{\"@id\":\"https:\/\/www.noguerranonato.org\/lottare\/#\/schema\/person\/64e56d38f26eddb374b3b3c7d5720bf9\"},\"breadcrumb\":{\"@id\":\"https:\/\/www.noguerranonato.org\/lottare\/2025\/05\/01\/continuiamo-a-scrivere-ad-alfredo\/#breadcrumb\"},\"inLanguage\":\"it-IT\",\"potentialAction\":[{\"@type\":\"ReadAction\",\"target\":[\"https:\/\/www.noguerranonato.org\/lottare\/2025\/05\/01\/continuiamo-a-scrivere-ad-alfredo\/\"]}]},{\"@type\":\"ImageObject\",\"inLanguage\":\"it-IT\",\"@id\":\"https:\/\/www.noguerranonato.org\/lottare\/2025\/05\/01\/continuiamo-a-scrivere-ad-alfredo\/#primaryimage\",\"url\":\"https:\/\/www.noguerranonato.org\/lottare\/wp-content\/uploads\/sites\/3\/2025\/05\/1-5.jpg\",\"contentUrl\":\"https:\/\/www.noguerranonato.org\/lottare\/wp-content\/uploads\/sites\/3\/2025\/05\/1-5.jpg\",\"width\":1280,\"height\":1024},{\"@type\":\"BreadcrumbList\",\"@id\":\"https:\/\/www.noguerranonato.org\/lottare\/2025\/05\/01\/continuiamo-a-scrivere-ad-alfredo\/#breadcrumb\",\"itemListElement\":[{\"@type\":\"ListItem\",\"position\":1,\"name\":\"Home\",\"item\":\"https:\/\/www.noguerranonato.org\/lottare\/\"},{\"@type\":\"ListItem\",\"position\":2,\"name\":\"CONTINUIAMO A SCRIVERE AD ALFREDO!\"}]},{\"@type\":\"WebSite\",\"@id\":\"https:\/\/www.noguerranonato.org\/lottare\/#website\",\"url\":\"https:\/\/www.noguerranonato.org\/lottare\/\",\"name\":\"Rete Liberi\/e di Lottare\",\"description\":\"\",\"potentialAction\":[{\"@type\":\"SearchAction\",\"target\":{\"@type\":\"EntryPoint\",\"urlTemplate\":\"https:\/\/www.noguerranonato.org\/lottare\/?s={search_term_string}\"},\"query-input\":{\"@type\":\"PropertyValueSpecification\",\"valueRequired\":true,\"valueName\":\"search_term_string\"}}],\"inLanguage\":\"it-IT\"},{\"@type\":\"Person\",\"@id\":\"https:\/\/www.noguerranonato.org\/lottare\/#\/schema\/person\/64e56d38f26eddb374b3b3c7d5720bf9\",\"name\":\"reteliberi\",\"url\":\"https:\/\/www.noguerranonato.org\/lottare\/author\/reteliberi\/\"}]}<\/script>\n<!-- \/ Yoast SEO plugin. -->","yoast_head_json":{"title":"CONTINUIAMO A SCRIVERE AD ALFREDO! - Rete Liberi\/e di Lottare","robots":{"index":"index","follow":"follow","max-snippet":"max-snippet:-1","max-image-preview":"max-image-preview:large","max-video-preview":"max-video-preview:-1"},"canonical":"https:\/\/www.noguerranonato.org\/lottare\/2025\/05\/01\/continuiamo-a-scrivere-ad-alfredo\/","og_locale":"it_IT","og_type":"article","og_title":"CONTINUIAMO A SCRIVERE AD ALFREDO! - Rete Liberi\/e di Lottare","og_description":"Da alcuni mesi, Alfredo sta affrontando una progressiva limitazione nelle gi\u00e0 esigue possibilit\u00e0 di vivibilit\u00e0 del regime detentivo a cui \u00e8 stato assegnato dal 2022, tra cui il blocco praticamente totale dellacorrispondenza da\/per l\u2019esterno, l\u2019impossibilit\u00e0 di accedere alla biblioteca interna (autorizzazione che Alfredo aveva avuto dalla Direzione), il blocco dei libri regolarmente acquistati in libreria&hellip;&nbsp;Leggi tutto &raquo;CONTINUIAMO A SCRIVERE AD ALFREDO!","og_url":"https:\/\/www.noguerranonato.org\/lottare\/2025\/05\/01\/continuiamo-a-scrivere-ad-alfredo\/","og_site_name":"Rete Liberi\/e di Lottare","article_published_time":"2025-05-01T09:00:27+00:00","article_modified_time":"2025-05-01T09:01:44+00:00","og_image":[{"width":1280,"height":1024,"url":"https:\/\/www.noguerranonato.org\/lottare\/wp-content\/uploads\/sites\/3\/2025\/05\/1-5.jpg","type":"image\/jpeg"}],"author":"reteliberi","twitter_card":"summary_large_image","twitter_misc":{"Scritto da":"reteliberi","Tempo di lettura stimato":"3 minuti"},"schema":{"@context":"https:\/\/schema.org","@graph":[{"@type":"WebPage","@id":"https:\/\/www.noguerranonato.org\/lottare\/2025\/05\/01\/continuiamo-a-scrivere-ad-alfredo\/","url":"https:\/\/www.noguerranonato.org\/lottare\/2025\/05\/01\/continuiamo-a-scrivere-ad-alfredo\/","name":"CONTINUIAMO A SCRIVERE AD ALFREDO! - Rete Liberi\/e di Lottare","isPartOf":{"@id":"https:\/\/www.noguerranonato.org\/lottare\/#website"},"primaryImageOfPage":{"@id":"https:\/\/www.noguerranonato.org\/lottare\/2025\/05\/01\/continuiamo-a-scrivere-ad-alfredo\/#primaryimage"},"image":{"@id":"https:\/\/www.noguerranonato.org\/lottare\/2025\/05\/01\/continuiamo-a-scrivere-ad-alfredo\/#primaryimage"},"thumbnailUrl":"https:\/\/www.noguerranonato.org\/lottare\/wp-content\/uploads\/sites\/3\/2025\/05\/1-5.jpg","datePublished":"2025-05-01T09:00:27+00:00","dateModified":"2025-05-01T09:01:44+00:00","author":{"@id":"https:\/\/www.noguerranonato.org\/lottare\/#\/schema\/person\/64e56d38f26eddb374b3b3c7d5720bf9"},"breadcrumb":{"@id":"https:\/\/www.noguerranonato.org\/lottare\/2025\/05\/01\/continuiamo-a-scrivere-ad-alfredo\/#breadcrumb"},"inLanguage":"it-IT","potentialAction":[{"@type":"ReadAction","target":["https:\/\/www.noguerranonato.org\/lottare\/2025\/05\/01\/continuiamo-a-scrivere-ad-alfredo\/"]}]},{"@type":"ImageObject","inLanguage":"it-IT","@id":"https:\/\/www.noguerranonato.org\/lottare\/2025\/05\/01\/continuiamo-a-scrivere-ad-alfredo\/#primaryimage","url":"https:\/\/www.noguerranonato.org\/lottare\/wp-content\/uploads\/sites\/3\/2025\/05\/1-5.jpg","contentUrl":"https:\/\/www.noguerranonato.org\/lottare\/wp-content\/uploads\/sites\/3\/2025\/05\/1-5.jpg","width":1280,"height":1024},{"@type":"BreadcrumbList","@id":"https:\/\/www.noguerranonato.org\/lottare\/2025\/05\/01\/continuiamo-a-scrivere-ad-alfredo\/#breadcrumb","itemListElement":[{"@type":"ListItem","position":1,"name":"Home","item":"https:\/\/www.noguerranonato.org\/lottare\/"},{"@type":"ListItem","position":2,"name":"CONTINUIAMO A SCRIVERE AD ALFREDO!"}]},{"@type":"WebSite","@id":"https:\/\/www.noguerranonato.org\/lottare\/#website","url":"https:\/\/www.noguerranonato.org\/lottare\/","name":"Rete Liberi\/e di Lottare","description":"","potentialAction":[{"@type":"SearchAction","target":{"@type":"EntryPoint","urlTemplate":"https:\/\/www.noguerranonato.org\/lottare\/?s={search_term_string}"},"query-input":{"@type":"PropertyValueSpecification","valueRequired":true,"valueName":"search_term_string"}}],"inLanguage":"it-IT"},{"@type":"Person","@id":"https:\/\/www.noguerranonato.org\/lottare\/#\/schema\/person\/64e56d38f26eddb374b3b3c7d5720bf9","name":"reteliberi","url":"https:\/\/www.noguerranonato.org\/lottare\/author\/reteliberi\/"}]}},"_links":{"self":[{"href":"https:\/\/www.noguerranonato.org\/lottare\/wp-json\/wp\/v2\/posts\/1329"}],"collection":[{"href":"https:\/\/www.noguerranonato.org\/lottare\/wp-json\/wp\/v2\/posts"}],"about":[{"href":"https:\/\/www.noguerranonato.org\/lottare\/wp-json\/wp\/v2\/types\/post"}],"author":[{"embeddable":true,"href":"https:\/\/www.noguerranonato.org\/lottare\/wp-json\/wp\/v2\/users\/3"}],"replies":[{"embeddable":true,"href":"https:\/\/www.noguerranonato.org\/lottare\/wp-json\/wp\/v2\/comments?post=1329"}],"version-history":[{"count":2,"href":"https:\/\/www.noguerranonato.org\/lottare\/wp-json\/wp\/v2\/posts\/1329\/revisions"}],"predecessor-version":[{"id":1333,"href":"https:\/\/www.noguerranonato.org\/lottare\/wp-json\/wp\/v2\/posts\/1329\/revisions\/1333"}],"wp:featuredmedia":[{"embeddable":true,"href":"https:\/\/www.noguerranonato.org\/lottare\/wp-json\/wp\/v2\/media\/1330"}],"wp:attachment":[{"href":"https:\/\/www.noguerranonato.org\/lottare\/wp-json\/wp\/v2\/media?parent=1329"}],"wp:term":[{"taxonomy":"category","embeddable":true,"href":"https:\/\/www.noguerranonato.org\/lottare\/wp-json\/wp\/v2\/categories?post=1329"},{"taxonomy":"post_tag","embeddable":true,"href":"https:\/\/www.noguerranonato.org\/lottare\/wp-json\/wp\/v2\/tags?post=1329"}],"curies":[{"name":"wp","href":"https:\/\/api.w.org\/{rel}","templated":true}]}}