{"id":1368,"date":"2025-05-05T20:01:02","date_gmt":"2025-05-05T18:01:02","guid":{"rendered":"https:\/\/www.noguerranonato.org\/lottare\/?p=1368"},"modified":"2025-05-05T20:01:03","modified_gmt":"2025-05-05T18:01:03","slug":"francia-e-germania-scontri-e-cariche-nei-cortei-del-1-maggio","status":"publish","type":"post","link":"https:\/\/www.noguerranonato.org\/lottare\/2025\/05\/05\/francia-e-germania-scontri-e-cariche-nei-cortei-del-1-maggio\/","title":{"rendered":"Francia e Germania. Scontri e cariche nei cortei del 1\u00b0 maggio"},"content":{"rendered":"<div class=\"wp-block-vpb-video\" id='vpbVideoPlayer-1' data-attributes='{&quot;source&quot;:&quot;https:\\\/\\\/www.noguerranonato.org\\\/lottare\\\/wp-content\\\/uploads\\\/sites\\\/3\\\/2025\\\/05\\\/1.mp4&quot;,&quot;align&quot;:&quot;&quot;,&quot;poster&quot;:&quot;&quot;,&quot;controls&quot;:{&quot;play-large&quot;:true,&quot;restart&quot;:false,&quot;rewind&quot;:true,&quot;play&quot;:true,&quot;fast-forward&quot;:true,&quot;progress&quot;:true,&quot;current-time&quot;:true,&quot;duration&quot;:false,&quot;mute&quot;:true,&quot;volume&quot;:true,&quot;pip&quot;:false,&quot;airplay&quot;:false,&quot;settings&quot;:true,&quot;download&quot;:false,&quot;fullscreen&quot;:true},&quot;width&quot;:&quot;100%&quot;,&quot;radius&quot;:&quot;0px&quot;,&quot;repeat&quot;:false,&quot;autoplay&quot;:false,&quot;muted&quot;:false,&quot;resetOnEnd&quot;:false,&quot;autoHideControl&quot;:true}'><\/div>\n\n\n<p>\u00c8 evidente che la situazione di escalation non sia confinabile a questo o a quel paese: \u00e8 un mondo in guerra che necessita di disciplinamento, violenza poliziesca, leggi liberticide.<br>La nostra risposta non pu\u00f2 che essere internazionale ed internazionalista.<br>Un fronte unico contro riarmo, sfruttamento, stato di guerra e polizia.<\/p>\n\n\n\n<p>Uniamoci, organizziamoci, facciamo sentire la nostra voce contro l&#8217;escalation bellica e repressiva che in ogni angolo del mondo colpisce gli sfruttati e le sfruttate!<\/p>\n\n\n<div class=\"wp-block-vpb-video\" id='vpbVideoPlayer-2' data-attributes='{&quot;source&quot;:&quot;https:\\\/\\\/www.noguerranonato.org\\\/lottare\\\/wp-content\\\/uploads\\\/sites\\\/3\\\/2025\\\/05\\\/2.mp4&quot;,&quot;align&quot;:&quot;&quot;,&quot;poster&quot;:&quot;&quot;,&quot;controls&quot;:{&quot;play-large&quot;:true,&quot;restart&quot;:false,&quot;rewind&quot;:true,&quot;play&quot;:true,&quot;fast-forward&quot;:true,&quot;progress&quot;:true,&quot;current-time&quot;:true,&quot;duration&quot;:false,&quot;mute&quot;:true,&quot;volume&quot;:true,&quot;pip&quot;:false,&quot;airplay&quot;:false,&quot;settings&quot;:true,&quot;download&quot;:false,&quot;fullscreen&quot;:true},&quot;width&quot;:&quot;100%&quot;,&quot;radius&quot;:&quot;0px&quot;,&quot;repeat&quot;:false,&quot;autoplay&quot;:false,&quot;muted&quot;:false,&quot;resetOnEnd&quot;:false,&quot;autoHideControl&quot;:true}'><\/div>","protected":false},"excerpt":{"rendered":"<p>\u00c8 evidente che la situazione di escalation non sia confinabile a questo o a quel paese: \u00e8 un mondo in guerra che necessita di disciplinamento, violenza poliziesca, leggi liberticide.La nostra risposta non pu\u00f2 che essere internazionale ed internazionalista.Un fronte unico contro riarmo, sfruttamento, stato di guerra e polizia. Uniamoci, organizziamoci, facciamo sentire la nostra voce&hellip;&nbsp;<a href=\"https:\/\/www.noguerranonato.org\/lottare\/2025\/05\/05\/francia-e-germania-scontri-e-cariche-nei-cortei-del-1-maggio\/\" class=\"\" rel=\"bookmark\">Leggi tutto &raquo;<span class=\"screen-reader-text\">Francia e Germania. Scontri e cariche nei cortei del 1\u00b0 maggio<\/span><\/a><\/p>\n","protected":false},"author":3,"featured_media":1371,"comment_status":"closed","ping_status":"closed","sticky":false,"template":"","format":"standard","meta":{"neve_meta_sidebar":"","neve_meta_container":"","neve_meta_enable_content_width":"","neve_meta_content_width":0,"neve_meta_title_alignment":"center","neve_meta_author_avatar":"","neve_post_elements_order":"[\"title\",\"meta\",\"content\",\"tags\"]","neve_meta_disable_header":"","neve_meta_disable_footer":"","neve_meta_disable_title":"","footnotes":""},"categories":[1],"tags":[],"class_list":["post-1368","post","type-post","status-publish","format-standard","has-post-thumbnail","hentry","category-news-dalla-rete"],"yoast_head":"<!-- This site is optimized with the Yoast SEO plugin v23.9 - https:\/\/yoast.com\/wordpress\/plugins\/seo\/ -->\n<title>Francia e Germania. Scontri e cariche nei cortei del 1\u00b0 maggio - Rete Liberi\/e di Lottare<\/title>\n<meta name=\"robots\" content=\"index, follow, max-snippet:-1, max-image-preview:large, max-video-preview:-1\" \/>\n<link rel=\"canonical\" href=\"https:\/\/www.noguerranonato.org\/lottare\/2025\/05\/05\/francia-e-germania-scontri-e-cariche-nei-cortei-del-1-maggio\/\" \/>\n<meta property=\"og:locale\" content=\"it_IT\" \/>\n<meta property=\"og:type\" content=\"article\" \/>\n<meta property=\"og:title\" content=\"Francia e Germania. Scontri e cariche nei cortei del 1\u00b0 maggio - Rete Liberi\/e di Lottare\" \/>\n<meta property=\"og:description\" content=\"\u00c8 evidente che la situazione di escalation non sia confinabile a questo o a quel paese: \u00e8 un mondo in guerra che necessita di disciplinamento, violenza poliziesca, leggi liberticide.La nostra risposta non pu\u00f2 che essere internazionale ed internazionalista.Un fronte unico contro riarmo, sfruttamento, stato di guerra e polizia. Uniamoci, organizziamoci, facciamo sentire la nostra voce&hellip;&nbsp;Leggi tutto &raquo;Francia e Germania. Scontri e cariche nei cortei del 1\u00b0 maggio\" \/>\n<meta property=\"og:url\" content=\"https:\/\/www.noguerranonato.org\/lottare\/2025\/05\/05\/francia-e-germania-scontri-e-cariche-nei-cortei-del-1-maggio\/\" \/>\n<meta property=\"og:site_name\" content=\"Rete Liberi\/e di Lottare\" \/>\n<meta property=\"article:published_time\" content=\"2025-05-05T18:01:02+00:00\" \/>\n<meta property=\"article:modified_time\" content=\"2025-05-05T18:01:03+00:00\" \/>\n<meta property=\"og:image\" content=\"https:\/\/www.noguerranonato.org\/lottare\/wp-content\/uploads\/sites\/3\/2025\/05\/1-15.jpg\" \/>\n\t<meta property=\"og:image:width\" content=\"1200\" \/>\n\t<meta property=\"og:image:height\" content=\"675\" \/>\n\t<meta property=\"og:image:type\" content=\"image\/jpeg\" \/>\n<meta name=\"author\" content=\"reteliberi\" \/>\n<meta name=\"twitter:card\" content=\"summary_large_image\" \/>\n<meta name=\"twitter:label1\" content=\"Scritto da\" \/>\n\t<meta name=\"twitter:data1\" content=\"reteliberi\" \/>\n\t<meta name=\"twitter:label2\" content=\"Tempo di lettura stimato\" \/>\n\t<meta name=\"twitter:data2\" content=\"1 minuto\" \/>\n<script type=\"application\/ld+json\" class=\"yoast-schema-graph\">{\"@context\":\"https:\/\/schema.org\",\"@graph\":[{\"@type\":\"WebPage\",\"@id\":\"https:\/\/www.noguerranonato.org\/lottare\/2025\/05\/05\/francia-e-germania-scontri-e-cariche-nei-cortei-del-1-maggio\/\",\"url\":\"https:\/\/www.noguerranonato.org\/lottare\/2025\/05\/05\/francia-e-germania-scontri-e-cariche-nei-cortei-del-1-maggio\/\",\"name\":\"Francia e Germania. Scontri e cariche nei cortei del 1\u00b0 maggio - Rete Liberi\/e di Lottare\",\"isPartOf\":{\"@id\":\"https:\/\/www.noguerranonato.org\/lottare\/#website\"},\"primaryImageOfPage\":{\"@id\":\"https:\/\/www.noguerranonato.org\/lottare\/2025\/05\/05\/francia-e-germania-scontri-e-cariche-nei-cortei-del-1-maggio\/#primaryimage\"},\"image\":{\"@id\":\"https:\/\/www.noguerranonato.org\/lottare\/2025\/05\/05\/francia-e-germania-scontri-e-cariche-nei-cortei-del-1-maggio\/#primaryimage\"},\"thumbnailUrl\":\"https:\/\/www.noguerranonato.org\/lottare\/wp-content\/uploads\/sites\/3\/2025\/05\/1-15.jpg\",\"datePublished\":\"2025-05-05T18:01:02+00:00\",\"dateModified\":\"2025-05-05T18:01:03+00:00\",\"author\":{\"@id\":\"https:\/\/www.noguerranonato.org\/lottare\/#\/schema\/person\/64e56d38f26eddb374b3b3c7d5720bf9\"},\"breadcrumb\":{\"@id\":\"https:\/\/www.noguerranonato.org\/lottare\/2025\/05\/05\/francia-e-germania-scontri-e-cariche-nei-cortei-del-1-maggio\/#breadcrumb\"},\"inLanguage\":\"it-IT\",\"potentialAction\":[{\"@type\":\"ReadAction\",\"target\":[\"https:\/\/www.noguerranonato.org\/lottare\/2025\/05\/05\/francia-e-germania-scontri-e-cariche-nei-cortei-del-1-maggio\/\"]}]},{\"@type\":\"ImageObject\",\"inLanguage\":\"it-IT\",\"@id\":\"https:\/\/www.noguerranonato.org\/lottare\/2025\/05\/05\/francia-e-germania-scontri-e-cariche-nei-cortei-del-1-maggio\/#primaryimage\",\"url\":\"https:\/\/www.noguerranonato.org\/lottare\/wp-content\/uploads\/sites\/3\/2025\/05\/1-15.jpg\",\"contentUrl\":\"https:\/\/www.noguerranonato.org\/lottare\/wp-content\/uploads\/sites\/3\/2025\/05\/1-15.jpg\",\"width\":1200,\"height\":675},{\"@type\":\"BreadcrumbList\",\"@id\":\"https:\/\/www.noguerranonato.org\/lottare\/2025\/05\/05\/francia-e-germania-scontri-e-cariche-nei-cortei-del-1-maggio\/#breadcrumb\",\"itemListElement\":[{\"@type\":\"ListItem\",\"position\":1,\"name\":\"Home\",\"item\":\"https:\/\/www.noguerranonato.org\/lottare\/\"},{\"@type\":\"ListItem\",\"position\":2,\"name\":\"Francia e Germania. Scontri e cariche nei cortei del 1\u00b0 maggio\"}]},{\"@type\":\"WebSite\",\"@id\":\"https:\/\/www.noguerranonato.org\/lottare\/#website\",\"url\":\"https:\/\/www.noguerranonato.org\/lottare\/\",\"name\":\"Rete Liberi\/e di Lottare\",\"description\":\"\",\"potentialAction\":[{\"@type\":\"SearchAction\",\"target\":{\"@type\":\"EntryPoint\",\"urlTemplate\":\"https:\/\/www.noguerranonato.org\/lottare\/?s={search_term_string}\"},\"query-input\":{\"@type\":\"PropertyValueSpecification\",\"valueRequired\":true,\"valueName\":\"search_term_string\"}}],\"inLanguage\":\"it-IT\"},{\"@type\":\"Person\",\"@id\":\"https:\/\/www.noguerranonato.org\/lottare\/#\/schema\/person\/64e56d38f26eddb374b3b3c7d5720bf9\",\"name\":\"reteliberi\",\"url\":\"https:\/\/www.noguerranonato.org\/lottare\/author\/reteliberi\/\"}]}<\/script>\n<!-- \/ Yoast SEO plugin. -->","yoast_head_json":{"title":"Francia e Germania. Scontri e cariche nei cortei del 1\u00b0 maggio - Rete Liberi\/e di Lottare","robots":{"index":"index","follow":"follow","max-snippet":"max-snippet:-1","max-image-preview":"max-image-preview:large","max-video-preview":"max-video-preview:-1"},"canonical":"https:\/\/www.noguerranonato.org\/lottare\/2025\/05\/05\/francia-e-germania-scontri-e-cariche-nei-cortei-del-1-maggio\/","og_locale":"it_IT","og_type":"article","og_title":"Francia e Germania. Scontri e cariche nei cortei del 1\u00b0 maggio - Rete Liberi\/e di Lottare","og_description":"\u00c8 evidente che la situazione di escalation non sia confinabile a questo o a quel paese: \u00e8 un mondo in guerra che necessita di disciplinamento, violenza poliziesca, leggi liberticide.La nostra risposta non pu\u00f2 che essere internazionale ed internazionalista.Un fronte unico contro riarmo, sfruttamento, stato di guerra e polizia. Uniamoci, organizziamoci, facciamo sentire la nostra voce&hellip;&nbsp;Leggi tutto &raquo;Francia e Germania. Scontri e cariche nei cortei del 1\u00b0 maggio","og_url":"https:\/\/www.noguerranonato.org\/lottare\/2025\/05\/05\/francia-e-germania-scontri-e-cariche-nei-cortei-del-1-maggio\/","og_site_name":"Rete Liberi\/e di Lottare","article_published_time":"2025-05-05T18:01:02+00:00","article_modified_time":"2025-05-05T18:01:03+00:00","og_image":[{"width":1200,"height":675,"url":"https:\/\/www.noguerranonato.org\/lottare\/wp-content\/uploads\/sites\/3\/2025\/05\/1-15.jpg","type":"image\/jpeg"}],"author":"reteliberi","twitter_card":"summary_large_image","twitter_misc":{"Scritto da":"reteliberi","Tempo di lettura stimato":"1 minuto"},"schema":{"@context":"https:\/\/schema.org","@graph":[{"@type":"WebPage","@id":"https:\/\/www.noguerranonato.org\/lottare\/2025\/05\/05\/francia-e-germania-scontri-e-cariche-nei-cortei-del-1-maggio\/","url":"https:\/\/www.noguerranonato.org\/lottare\/2025\/05\/05\/francia-e-germania-scontri-e-cariche-nei-cortei-del-1-maggio\/","name":"Francia e Germania. Scontri e cariche nei cortei del 1\u00b0 maggio - Rete Liberi\/e di Lottare","isPartOf":{"@id":"https:\/\/www.noguerranonato.org\/lottare\/#website"},"primaryImageOfPage":{"@id":"https:\/\/www.noguerranonato.org\/lottare\/2025\/05\/05\/francia-e-germania-scontri-e-cariche-nei-cortei-del-1-maggio\/#primaryimage"},"image":{"@id":"https:\/\/www.noguerranonato.org\/lottare\/2025\/05\/05\/francia-e-germania-scontri-e-cariche-nei-cortei-del-1-maggio\/#primaryimage"},"thumbnailUrl":"https:\/\/www.noguerranonato.org\/lottare\/wp-content\/uploads\/sites\/3\/2025\/05\/1-15.jpg","datePublished":"2025-05-05T18:01:02+00:00","dateModified":"2025-05-05T18:01:03+00:00","author":{"@id":"https:\/\/www.noguerranonato.org\/lottare\/#\/schema\/person\/64e56d38f26eddb374b3b3c7d5720bf9"},"breadcrumb":{"@id":"https:\/\/www.noguerranonato.org\/lottare\/2025\/05\/05\/francia-e-germania-scontri-e-cariche-nei-cortei-del-1-maggio\/#breadcrumb"},"inLanguage":"it-IT","potentialAction":[{"@type":"ReadAction","target":["https:\/\/www.noguerranonato.org\/lottare\/2025\/05\/05\/francia-e-germania-scontri-e-cariche-nei-cortei-del-1-maggio\/"]}]},{"@type":"ImageObject","inLanguage":"it-IT","@id":"https:\/\/www.noguerranonato.org\/lottare\/2025\/05\/05\/francia-e-germania-scontri-e-cariche-nei-cortei-del-1-maggio\/#primaryimage","url":"https:\/\/www.noguerranonato.org\/lottare\/wp-content\/uploads\/sites\/3\/2025\/05\/1-15.jpg","contentUrl":"https:\/\/www.noguerranonato.org\/lottare\/wp-content\/uploads\/sites\/3\/2025\/05\/1-15.jpg","width":1200,"height":675},{"@type":"BreadcrumbList","@id":"https:\/\/www.noguerranonato.org\/lottare\/2025\/05\/05\/francia-e-germania-scontri-e-cariche-nei-cortei-del-1-maggio\/#breadcrumb","itemListElement":[{"@type":"ListItem","position":1,"name":"Home","item":"https:\/\/www.noguerranonato.org\/lottare\/"},{"@type":"ListItem","position":2,"name":"Francia e Germania. Scontri e cariche nei cortei del 1\u00b0 maggio"}]},{"@type":"WebSite","@id":"https:\/\/www.noguerranonato.org\/lottare\/#website","url":"https:\/\/www.noguerranonato.org\/lottare\/","name":"Rete Liberi\/e di Lottare","description":"","potentialAction":[{"@type":"SearchAction","target":{"@type":"EntryPoint","urlTemplate":"https:\/\/www.noguerranonato.org\/lottare\/?s={search_term_string}"},"query-input":{"@type":"PropertyValueSpecification","valueRequired":true,"valueName":"search_term_string"}}],"inLanguage":"it-IT"},{"@type":"Person","@id":"https:\/\/www.noguerranonato.org\/lottare\/#\/schema\/person\/64e56d38f26eddb374b3b3c7d5720bf9","name":"reteliberi","url":"https:\/\/www.noguerranonato.org\/lottare\/author\/reteliberi\/"}]}},"_links":{"self":[{"href":"https:\/\/www.noguerranonato.org\/lottare\/wp-json\/wp\/v2\/posts\/1368"}],"collection":[{"href":"https:\/\/www.noguerranonato.org\/lottare\/wp-json\/wp\/v2\/posts"}],"about":[{"href":"https:\/\/www.noguerranonato.org\/lottare\/wp-json\/wp\/v2\/types\/post"}],"author":[{"embeddable":true,"href":"https:\/\/www.noguerranonato.org\/lottare\/wp-json\/wp\/v2\/users\/3"}],"replies":[{"embeddable":true,"href":"https:\/\/www.noguerranonato.org\/lottare\/wp-json\/wp\/v2\/comments?post=1368"}],"version-history":[{"count":1,"href":"https:\/\/www.noguerranonato.org\/lottare\/wp-json\/wp\/v2\/posts\/1368\/revisions"}],"predecessor-version":[{"id":1372,"href":"https:\/\/www.noguerranonato.org\/lottare\/wp-json\/wp\/v2\/posts\/1368\/revisions\/1372"}],"wp:featuredmedia":[{"embeddable":true,"href":"https:\/\/www.noguerranonato.org\/lottare\/wp-json\/wp\/v2\/media\/1371"}],"wp:attachment":[{"href":"https:\/\/www.noguerranonato.org\/lottare\/wp-json\/wp\/v2\/media?parent=1368"}],"wp:term":[{"taxonomy":"category","embeddable":true,"href":"https:\/\/www.noguerranonato.org\/lottare\/wp-json\/wp\/v2\/categories?post=1368"},{"taxonomy":"post_tag","embeddable":true,"href":"https:\/\/www.noguerranonato.org\/lottare\/wp-json\/wp\/v2\/tags?post=1368"}],"curies":[{"name":"wp","href":"https:\/\/api.w.org\/{rel}","templated":true}]}}