{"id":1474,"date":"2025-07-04T21:17:35","date_gmt":"2025-07-04T19:17:35","guid":{"rendered":"https:\/\/www.noguerranonato.org\/lottare\/?p=1474"},"modified":"2025-07-04T21:17:35","modified_gmt":"2025-07-04T19:17:35","slug":"le-carceri-sono-un-inferno","status":"publish","type":"post","link":"https:\/\/www.noguerranonato.org\/lottare\/2025\/07\/04\/le-carceri-sono-un-inferno\/","title":{"rendered":"Le carceri sono un inferno"},"content":{"rendered":"<div class=\"wp-block-image\">\n<figure class=\"aligncenter size-large is-resized\"><img loading=\"lazy\" decoding=\"async\" width=\"1024\" height=\"1024\" src=\"https:\/\/www.noguerranonato.org\/lottare\/wp-content\/uploads\/sites\/3\/2025\/07\/1-1-1024x1024.jpg\" alt=\"\" class=\"wp-image-1475\" style=\"width:637px;height:auto\" srcset=\"https:\/\/www.noguerranonato.org\/lottare\/wp-content\/uploads\/sites\/3\/2025\/07\/1-1-1024x1024.jpg 1024w, https:\/\/www.noguerranonato.org\/lottare\/wp-content\/uploads\/sites\/3\/2025\/07\/1-1-300x300.jpg 300w, https:\/\/www.noguerranonato.org\/lottare\/wp-content\/uploads\/sites\/3\/2025\/07\/1-1-150x150.jpg 150w, https:\/\/www.noguerranonato.org\/lottare\/wp-content\/uploads\/sites\/3\/2025\/07\/1-1-768x768.jpg 768w, https:\/\/www.noguerranonato.org\/lottare\/wp-content\/uploads\/sites\/3\/2025\/07\/1-1.jpg 1080w\" sizes=\"(max-width: 1024px) 100vw, 1024px\" \/><\/figure><\/div>\n\n\n<p>Siamo nel bel mezzo di una ondata di calore intensa, asfissiante, opprimente: il nostro pensiero non pu\u00f2 non andare alle persone detenute.<br>Per quanto solidali difficilmente possiamo capire cosa voglia dire trascorrere queste giornate in celle sovraffollate &#8211; veri e propri forni con temperature fino a 50\u00b0 percepiti &#8211; carenti dal punto di vista igienico e strutturale con tutto quello che ne consegue in termini di tenuta fisica e mentale per i\/le carcerati\/e<\/p>\n\n\n\n<p>E la politica che cosa fa?<\/p>\n\n\n\n<p>In questi giorni abbiamo avuto modo di ascoltare le dichiarazioni del presidente della Repubblica e di vari parlamentari: un coro di indignazione per &#8220;l&#8217; emergenza carceri&#8221; a cui si \u00e8 aggiunta anche la lettera inviata dal carcere di Rebibbia da Gianni Alemanno &#8211; ex sindaco di Roma, esponente di spicco delle Msi e di Alleanza Nazionale &#8211; che criticava la politica di non occuparsi n\u00e9 interessarsi della condizione di chi si trova in galera. Due cose veloci le vogliamo dire a costoro:<\/p>\n\n\n\n<p>&#8211; Al presidente della Repubblica vorremmo chiedere come si concilia la sua preoccupazione per le persone detenute con la firma al nuovo pacchetto sicurezza che spalancher\u00e0 pi\u00f9 facilmente le porte del carcere, punendo ogni forma di protesta perch\u00e9 si trova recluso\/a.<\/p>\n\n\n\n<p>&#8211; Ai vari esponenti politici indignati ricordiamo di appartenere a partiti che hanno lavorato\/plaudito\/appoggiato\/accettato politiche securitarie volte a punire i poveri e i marginali e non a combattere povert\u00e0 e marginalit\u00e0 ( questo vale anche per Alemanno, verso cui nutriamo un profondo disprezzo politico che non cancella ci\u00f2 che pensiamo sulla solidariet\u00e0 da destinare a chiunque si trovi recluso\/a).<\/p>\n\n\n\n<p>Ben vengano le prese di posizione se accendono i riflettori sui problemi ma senza farsi illusioni che si andr\u00e0 oltre le parole: il carcere funziona cos\u00ec essendo organico al sistema economico e sociale di sfruttamento in cui viviamo.<br>Tocca a noi, sfruttati e sfruttate, unire le rivendicazioni immediate &#8211; miglioramento delle condizioni detentive- alla prospettiva anticapitalista pi\u00f9 complessiva che faccia a meno del carcere come apice della piramide repressiva<\/p>\n\n\n\n<p>Con questo caldo pensa a chi \u00e8 recluso: libert\u00e0 per tutte le persone detenute!<\/p>\n","protected":false},"excerpt":{"rendered":"<p>Siamo nel bel mezzo di una ondata di calore intensa, asfissiante, opprimente: il nostro pensiero non pu\u00f2 non andare alle persone detenute.Per quanto solidali difficilmente possiamo capire cosa voglia dire trascorrere queste giornate in celle sovraffollate &#8211; veri e propri forni con temperature fino a 50\u00b0 percepiti &#8211; carenti dal punto di vista igienico e&hellip;&nbsp;<a href=\"https:\/\/www.noguerranonato.org\/lottare\/2025\/07\/04\/le-carceri-sono-un-inferno\/\" class=\"\" rel=\"bookmark\">Leggi tutto &raquo;<span class=\"screen-reader-text\">Le carceri sono un inferno<\/span><\/a><\/p>\n","protected":false},"author":3,"featured_media":1475,"comment_status":"closed","ping_status":"closed","sticky":false,"template":"","format":"standard","meta":{"neve_meta_sidebar":"","neve_meta_container":"","neve_meta_enable_content_width":"","neve_meta_content_width":0,"neve_meta_title_alignment":"center","neve_meta_author_avatar":"","neve_post_elements_order":"[\"title\",\"meta\",\"content\",\"tags\"]","neve_meta_disable_header":"","neve_meta_disable_footer":"","neve_meta_disable_title":"","footnotes":""},"categories":[1],"tags":[],"class_list":["post-1474","post","type-post","status-publish","format-standard","has-post-thumbnail","hentry","category-news-dalla-rete"],"yoast_head":"<!-- This site is optimized with the Yoast SEO plugin v23.9 - https:\/\/yoast.com\/wordpress\/plugins\/seo\/ -->\n<title>Le carceri sono un inferno - Rete Liberi\/e di Lottare<\/title>\n<meta name=\"robots\" content=\"index, follow, max-snippet:-1, max-image-preview:large, max-video-preview:-1\" \/>\n<link rel=\"canonical\" href=\"https:\/\/www.noguerranonato.org\/lottare\/2025\/07\/04\/le-carceri-sono-un-inferno\/\" \/>\n<meta property=\"og:locale\" content=\"it_IT\" \/>\n<meta property=\"og:type\" content=\"article\" \/>\n<meta property=\"og:title\" content=\"Le carceri sono un inferno - Rete Liberi\/e di Lottare\" \/>\n<meta property=\"og:description\" content=\"Siamo nel bel mezzo di una ondata di calore intensa, asfissiante, opprimente: il nostro pensiero non pu\u00f2 non andare alle persone detenute.Per quanto solidali difficilmente possiamo capire cosa voglia dire trascorrere queste giornate in celle sovraffollate &#8211; veri e propri forni con temperature fino a 50\u00b0 percepiti &#8211; carenti dal punto di vista igienico e&hellip;&nbsp;Leggi tutto &raquo;Le carceri sono un inferno\" \/>\n<meta property=\"og:url\" content=\"https:\/\/www.noguerranonato.org\/lottare\/2025\/07\/04\/le-carceri-sono-un-inferno\/\" \/>\n<meta property=\"og:site_name\" content=\"Rete Liberi\/e di Lottare\" \/>\n<meta property=\"article:published_time\" content=\"2025-07-04T19:17:35+00:00\" \/>\n<meta property=\"og:image\" content=\"https:\/\/www.noguerranonato.org\/lottare\/wp-content\/uploads\/sites\/3\/2025\/07\/1-1.jpg\" \/>\n\t<meta property=\"og:image:width\" content=\"1080\" \/>\n\t<meta property=\"og:image:height\" content=\"1080\" \/>\n\t<meta property=\"og:image:type\" content=\"image\/jpeg\" \/>\n<meta name=\"author\" content=\"reteliberi\" \/>\n<meta name=\"twitter:card\" content=\"summary_large_image\" \/>\n<meta name=\"twitter:label1\" content=\"Scritto da\" \/>\n\t<meta name=\"twitter:data1\" content=\"reteliberi\" \/>\n\t<meta name=\"twitter:label2\" content=\"Tempo di lettura stimato\" \/>\n\t<meta name=\"twitter:data2\" content=\"3 minuti\" \/>\n<script type=\"application\/ld+json\" class=\"yoast-schema-graph\">{\"@context\":\"https:\/\/schema.org\",\"@graph\":[{\"@type\":\"WebPage\",\"@id\":\"https:\/\/www.noguerranonato.org\/lottare\/2025\/07\/04\/le-carceri-sono-un-inferno\/\",\"url\":\"https:\/\/www.noguerranonato.org\/lottare\/2025\/07\/04\/le-carceri-sono-un-inferno\/\",\"name\":\"Le carceri sono un inferno - Rete Liberi\/e di Lottare\",\"isPartOf\":{\"@id\":\"https:\/\/www.noguerranonato.org\/lottare\/#website\"},\"primaryImageOfPage\":{\"@id\":\"https:\/\/www.noguerranonato.org\/lottare\/2025\/07\/04\/le-carceri-sono-un-inferno\/#primaryimage\"},\"image\":{\"@id\":\"https:\/\/www.noguerranonato.org\/lottare\/2025\/07\/04\/le-carceri-sono-un-inferno\/#primaryimage\"},\"thumbnailUrl\":\"https:\/\/www.noguerranonato.org\/lottare\/wp-content\/uploads\/sites\/3\/2025\/07\/1-1.jpg\",\"datePublished\":\"2025-07-04T19:17:35+00:00\",\"dateModified\":\"2025-07-04T19:17:35+00:00\",\"author\":{\"@id\":\"https:\/\/www.noguerranonato.org\/lottare\/#\/schema\/person\/64e56d38f26eddb374b3b3c7d5720bf9\"},\"breadcrumb\":{\"@id\":\"https:\/\/www.noguerranonato.org\/lottare\/2025\/07\/04\/le-carceri-sono-un-inferno\/#breadcrumb\"},\"inLanguage\":\"it-IT\",\"potentialAction\":[{\"@type\":\"ReadAction\",\"target\":[\"https:\/\/www.noguerranonato.org\/lottare\/2025\/07\/04\/le-carceri-sono-un-inferno\/\"]}]},{\"@type\":\"ImageObject\",\"inLanguage\":\"it-IT\",\"@id\":\"https:\/\/www.noguerranonato.org\/lottare\/2025\/07\/04\/le-carceri-sono-un-inferno\/#primaryimage\",\"url\":\"https:\/\/www.noguerranonato.org\/lottare\/wp-content\/uploads\/sites\/3\/2025\/07\/1-1.jpg\",\"contentUrl\":\"https:\/\/www.noguerranonato.org\/lottare\/wp-content\/uploads\/sites\/3\/2025\/07\/1-1.jpg\",\"width\":1080,\"height\":1080},{\"@type\":\"BreadcrumbList\",\"@id\":\"https:\/\/www.noguerranonato.org\/lottare\/2025\/07\/04\/le-carceri-sono-un-inferno\/#breadcrumb\",\"itemListElement\":[{\"@type\":\"ListItem\",\"position\":1,\"name\":\"Home\",\"item\":\"https:\/\/www.noguerranonato.org\/lottare\/\"},{\"@type\":\"ListItem\",\"position\":2,\"name\":\"Le carceri sono un inferno\"}]},{\"@type\":\"WebSite\",\"@id\":\"https:\/\/www.noguerranonato.org\/lottare\/#website\",\"url\":\"https:\/\/www.noguerranonato.org\/lottare\/\",\"name\":\"Rete Liberi\/e di Lottare\",\"description\":\"\",\"potentialAction\":[{\"@type\":\"SearchAction\",\"target\":{\"@type\":\"EntryPoint\",\"urlTemplate\":\"https:\/\/www.noguerranonato.org\/lottare\/?s={search_term_string}\"},\"query-input\":{\"@type\":\"PropertyValueSpecification\",\"valueRequired\":true,\"valueName\":\"search_term_string\"}}],\"inLanguage\":\"it-IT\"},{\"@type\":\"Person\",\"@id\":\"https:\/\/www.noguerranonato.org\/lottare\/#\/schema\/person\/64e56d38f26eddb374b3b3c7d5720bf9\",\"name\":\"reteliberi\",\"url\":\"https:\/\/www.noguerranonato.org\/lottare\/author\/reteliberi\/\"}]}<\/script>\n<!-- \/ Yoast SEO plugin. -->","yoast_head_json":{"title":"Le carceri sono un inferno - Rete Liberi\/e di Lottare","robots":{"index":"index","follow":"follow","max-snippet":"max-snippet:-1","max-image-preview":"max-image-preview:large","max-video-preview":"max-video-preview:-1"},"canonical":"https:\/\/www.noguerranonato.org\/lottare\/2025\/07\/04\/le-carceri-sono-un-inferno\/","og_locale":"it_IT","og_type":"article","og_title":"Le carceri sono un inferno - Rete Liberi\/e di Lottare","og_description":"Siamo nel bel mezzo di una ondata di calore intensa, asfissiante, opprimente: il nostro pensiero non pu\u00f2 non andare alle persone detenute.Per quanto solidali difficilmente possiamo capire cosa voglia dire trascorrere queste giornate in celle sovraffollate &#8211; veri e propri forni con temperature fino a 50\u00b0 percepiti &#8211; carenti dal punto di vista igienico e&hellip;&nbsp;Leggi tutto &raquo;Le carceri sono un inferno","og_url":"https:\/\/www.noguerranonato.org\/lottare\/2025\/07\/04\/le-carceri-sono-un-inferno\/","og_site_name":"Rete Liberi\/e di Lottare","article_published_time":"2025-07-04T19:17:35+00:00","og_image":[{"width":1080,"height":1080,"url":"https:\/\/www.noguerranonato.org\/lottare\/wp-content\/uploads\/sites\/3\/2025\/07\/1-1.jpg","type":"image\/jpeg"}],"author":"reteliberi","twitter_card":"summary_large_image","twitter_misc":{"Scritto da":"reteliberi","Tempo di lettura stimato":"3 minuti"},"schema":{"@context":"https:\/\/schema.org","@graph":[{"@type":"WebPage","@id":"https:\/\/www.noguerranonato.org\/lottare\/2025\/07\/04\/le-carceri-sono-un-inferno\/","url":"https:\/\/www.noguerranonato.org\/lottare\/2025\/07\/04\/le-carceri-sono-un-inferno\/","name":"Le carceri sono un inferno - Rete Liberi\/e di Lottare","isPartOf":{"@id":"https:\/\/www.noguerranonato.org\/lottare\/#website"},"primaryImageOfPage":{"@id":"https:\/\/www.noguerranonato.org\/lottare\/2025\/07\/04\/le-carceri-sono-un-inferno\/#primaryimage"},"image":{"@id":"https:\/\/www.noguerranonato.org\/lottare\/2025\/07\/04\/le-carceri-sono-un-inferno\/#primaryimage"},"thumbnailUrl":"https:\/\/www.noguerranonato.org\/lottare\/wp-content\/uploads\/sites\/3\/2025\/07\/1-1.jpg","datePublished":"2025-07-04T19:17:35+00:00","dateModified":"2025-07-04T19:17:35+00:00","author":{"@id":"https:\/\/www.noguerranonato.org\/lottare\/#\/schema\/person\/64e56d38f26eddb374b3b3c7d5720bf9"},"breadcrumb":{"@id":"https:\/\/www.noguerranonato.org\/lottare\/2025\/07\/04\/le-carceri-sono-un-inferno\/#breadcrumb"},"inLanguage":"it-IT","potentialAction":[{"@type":"ReadAction","target":["https:\/\/www.noguerranonato.org\/lottare\/2025\/07\/04\/le-carceri-sono-un-inferno\/"]}]},{"@type":"ImageObject","inLanguage":"it-IT","@id":"https:\/\/www.noguerranonato.org\/lottare\/2025\/07\/04\/le-carceri-sono-un-inferno\/#primaryimage","url":"https:\/\/www.noguerranonato.org\/lottare\/wp-content\/uploads\/sites\/3\/2025\/07\/1-1.jpg","contentUrl":"https:\/\/www.noguerranonato.org\/lottare\/wp-content\/uploads\/sites\/3\/2025\/07\/1-1.jpg","width":1080,"height":1080},{"@type":"BreadcrumbList","@id":"https:\/\/www.noguerranonato.org\/lottare\/2025\/07\/04\/le-carceri-sono-un-inferno\/#breadcrumb","itemListElement":[{"@type":"ListItem","position":1,"name":"Home","item":"https:\/\/www.noguerranonato.org\/lottare\/"},{"@type":"ListItem","position":2,"name":"Le carceri sono un inferno"}]},{"@type":"WebSite","@id":"https:\/\/www.noguerranonato.org\/lottare\/#website","url":"https:\/\/www.noguerranonato.org\/lottare\/","name":"Rete Liberi\/e di Lottare","description":"","potentialAction":[{"@type":"SearchAction","target":{"@type":"EntryPoint","urlTemplate":"https:\/\/www.noguerranonato.org\/lottare\/?s={search_term_string}"},"query-input":{"@type":"PropertyValueSpecification","valueRequired":true,"valueName":"search_term_string"}}],"inLanguage":"it-IT"},{"@type":"Person","@id":"https:\/\/www.noguerranonato.org\/lottare\/#\/schema\/person\/64e56d38f26eddb374b3b3c7d5720bf9","name":"reteliberi","url":"https:\/\/www.noguerranonato.org\/lottare\/author\/reteliberi\/"}]}},"_links":{"self":[{"href":"https:\/\/www.noguerranonato.org\/lottare\/wp-json\/wp\/v2\/posts\/1474"}],"collection":[{"href":"https:\/\/www.noguerranonato.org\/lottare\/wp-json\/wp\/v2\/posts"}],"about":[{"href":"https:\/\/www.noguerranonato.org\/lottare\/wp-json\/wp\/v2\/types\/post"}],"author":[{"embeddable":true,"href":"https:\/\/www.noguerranonato.org\/lottare\/wp-json\/wp\/v2\/users\/3"}],"replies":[{"embeddable":true,"href":"https:\/\/www.noguerranonato.org\/lottare\/wp-json\/wp\/v2\/comments?post=1474"}],"version-history":[{"count":1,"href":"https:\/\/www.noguerranonato.org\/lottare\/wp-json\/wp\/v2\/posts\/1474\/revisions"}],"predecessor-version":[{"id":1476,"href":"https:\/\/www.noguerranonato.org\/lottare\/wp-json\/wp\/v2\/posts\/1474\/revisions\/1476"}],"wp:featuredmedia":[{"embeddable":true,"href":"https:\/\/www.noguerranonato.org\/lottare\/wp-json\/wp\/v2\/media\/1475"}],"wp:attachment":[{"href":"https:\/\/www.noguerranonato.org\/lottare\/wp-json\/wp\/v2\/media?parent=1474"}],"wp:term":[{"taxonomy":"category","embeddable":true,"href":"https:\/\/www.noguerranonato.org\/lottare\/wp-json\/wp\/v2\/categories?post=1474"},{"taxonomy":"post_tag","embeddable":true,"href":"https:\/\/www.noguerranonato.org\/lottare\/wp-json\/wp\/v2\/tags?post=1474"}],"curies":[{"name":"wp","href":"https:\/\/api.w.org\/{rel}","templated":true}]}}