{"id":149,"date":"2024-11-14T20:36:11","date_gmt":"2024-11-14T19:36:11","guid":{"rendered":"https:\/\/www.noguerranonato.org\/lottare\/?p=149"},"modified":"2024-11-14T21:14:05","modified_gmt":"2024-11-14T20:14:05","slug":"sab-16-nov-corteo-territoriale-a-centocelle","status":"publish","type":"post","link":"https:\/\/www.noguerranonato.org\/lottare\/2024\/11\/14\/sab-16-nov-corteo-territoriale-a-centocelle\/","title":{"rendered":"SAB 16 NOV | Corteo territoriale a Centocelle"},"content":{"rendered":"<div class=\"wp-block-image\">\n<figure class=\"aligncenter size-large is-resized\"><img loading=\"lazy\" decoding=\"async\" width=\"731\" height=\"1024\" src=\"https:\/\/www.noguerranonato.org\/lottare\/wp-content\/uploads\/sites\/3\/2024\/11\/3-731x1024.jpg\" alt=\"\" class=\"wp-image-163\" style=\"width:364px;height:auto\" srcset=\"https:\/\/www.noguerranonato.org\/lottare\/wp-content\/uploads\/sites\/3\/2024\/11\/3-731x1024.jpg 731w, https:\/\/www.noguerranonato.org\/lottare\/wp-content\/uploads\/sites\/3\/2024\/11\/3-214x300.jpg 214w, https:\/\/www.noguerranonato.org\/lottare\/wp-content\/uploads\/sites\/3\/2024\/11\/3-768x1076.jpg 768w, https:\/\/www.noguerranonato.org\/lottare\/wp-content\/uploads\/sites\/3\/2024\/11\/3.jpg 914w\" sizes=\"(max-width: 731px) 100vw, 731px\" \/><\/figure><\/div>\n\n\n<p>Torniamo nei quartieri!<br>Verso la manifestazione nazionale del 30 novembre!<br>Con la resistenza palestinese e libanese! Contro il genocidio!<\/p>\n\n\n\n<p>Da quasi 400 giorni continua l\u2019aggressione sionista contro il popolo palestinese, libanese e della regione, con oltre 45mila morti secondo le stime a ribasso, centinaia di migliaia di feriti e decine di migliaia di dispersi, nel silenzio della \u201ccomunit\u00e0 internazionale\u201d. L\u2019ultimo anno abbiamo assistito a mobilitazioni in tutte le citt\u00e0 italiane, in solidariet\u00e0 con il popolo palestinese e la sua resistenza e, il 5 ottobre, nonostante le misure repressive del governo che ha deciso di vietare la manifestazione nazionale a Roma per motivi politici, nonostante decine di fogli di via, autobus fermati ai caselli autostradali, denunce e intimidazioni, uno sciopero dei trasporti e il maltempo, in oltre 15mila hanno riempito Piazzale Ostiense.<\/p>\n\n\n\n<p>Per questo riteniamo sia fondamentale continuare con il lavoro di mobilitazione nelle citt\u00e0 come nei territori e nei quartieri popolari, per esprimere solidariet\u00e0 e vicinanza al popolo palestinese ma anche per condannare la complicit\u00e0 dell\u2019Italia con il genocidio in corso a Gaza e lo scandaloso appoggio a Israele, pagato dai lavoratori, dalle lavoratrici e dalle classi popolari in Italia, con tagli all\u2019istruzione, alla sanit\u00e0 e con l\u2019aumento del carovita.<\/p>\n\n\n\n<p>Ci siamo sempre per non restare complici di questo orrore. Scendiamo nuovamente per le strade per dire stop al genocidio! Basta con la complicit\u00e0 dell\u2019Italia e del governo italiano con Israele. Siamo qui per sostenere e appoggiare la legittima resistenza del popolo palestinese e libanese, una resistenza che si oppone con forza all\u2019oppressione sionista e coloniale. La nostra voce e la nostra solidariet\u00e0 si uniranno a quelle di tanti in tutta Italia, costruendo una grande mobilitazione in vista della manifestazione nazionale per la Palestina del 30 novembre a Roma.<\/p>\n\n\n\n<p>Ribadiamo parole d&#8217;ordine chiare e nette: stop al genocidio, basta con la complicit\u00e0 dell\u2019Italia con Israele, appoggio e sostegno alla legittima resistenza del popolo palestinese che continua la propria lotta per la liberazione e l\u2019autodeterminazione.<\/p>\n\n\n\n<p>L\u2019appuntamento \u00e8 per:<br>Sabato 16 novembre &#8211; Ore 15:00<br>Piazza delle Camelie (Centocelle)<\/p>\n\n\n\n<p>CONTRO L\u2019 OCCUPAZIONE! CONTRO IL GENOCIDIO!<br>CONTRO LA COLLABORAZIONE CON ISRAELE!<br>CON LA RESISTENZA PALESTINESE E LIBANESE!<\/p>\n","protected":false},"excerpt":{"rendered":"<p>Torniamo nei quartieri!Verso la manifestazione nazionale del 30 novembre!Con la resistenza palestinese e libanese! Contro il genocidio! Da quasi 400 giorni continua l\u2019aggressione sionista contro il popolo palestinese, libanese e della regione, con oltre 45mila morti secondo le stime a ribasso, centinaia di migliaia di feriti e decine di migliaia di dispersi, nel silenzio della&hellip;&nbsp;<a href=\"https:\/\/www.noguerranonato.org\/lottare\/2024\/11\/14\/sab-16-nov-corteo-territoriale-a-centocelle\/\" class=\"\" rel=\"bookmark\">Leggi tutto &raquo;<span class=\"screen-reader-text\">SAB 16 NOV | Corteo territoriale a Centocelle<\/span><\/a><\/p>\n","protected":false},"author":3,"featured_media":163,"comment_status":"closed","ping_status":"closed","sticky":false,"template":"","format":"standard","meta":{"neve_meta_sidebar":"","neve_meta_container":"","neve_meta_enable_content_width":"","neve_meta_content_width":0,"neve_meta_title_alignment":"","neve_meta_author_avatar":"","neve_post_elements_order":"","neve_meta_disable_header":"","neve_meta_disable_footer":"","neve_meta_disable_title":"","footnotes":""},"categories":[1],"tags":[],"class_list":["post-149","post","type-post","status-publish","format-standard","has-post-thumbnail","hentry","category-news-dalla-rete"],"yoast_head":"<!-- This site is optimized with the Yoast SEO plugin v23.9 - https:\/\/yoast.com\/wordpress\/plugins\/seo\/ -->\n<title>SAB 16 NOV | Corteo territoriale a Centocelle - Rete Liberi\/e di Lottare<\/title>\n<meta name=\"robots\" content=\"index, follow, max-snippet:-1, max-image-preview:large, max-video-preview:-1\" \/>\n<link rel=\"canonical\" href=\"https:\/\/www.noguerranonato.org\/lottare\/2024\/11\/14\/sab-16-nov-corteo-territoriale-a-centocelle\/\" \/>\n<meta property=\"og:locale\" content=\"it_IT\" \/>\n<meta property=\"og:type\" content=\"article\" \/>\n<meta property=\"og:title\" content=\"SAB 16 NOV | Corteo territoriale a Centocelle - Rete Liberi\/e di Lottare\" \/>\n<meta property=\"og:description\" content=\"Torniamo nei quartieri!Verso la manifestazione nazionale del 30 novembre!Con la resistenza palestinese e libanese! Contro il genocidio! Da quasi 400 giorni continua l\u2019aggressione sionista contro il popolo palestinese, libanese e della regione, con oltre 45mila morti secondo le stime a ribasso, centinaia di migliaia di feriti e decine di migliaia di dispersi, nel silenzio della&hellip;&nbsp;Leggi tutto &raquo;SAB 16 NOV | Corteo territoriale a Centocelle\" \/>\n<meta property=\"og:url\" content=\"https:\/\/www.noguerranonato.org\/lottare\/2024\/11\/14\/sab-16-nov-corteo-territoriale-a-centocelle\/\" \/>\n<meta property=\"og:site_name\" content=\"Rete Liberi\/e di Lottare\" \/>\n<meta property=\"article:published_time\" content=\"2024-11-14T19:36:11+00:00\" \/>\n<meta property=\"article:modified_time\" content=\"2024-11-14T20:14:05+00:00\" \/>\n<meta property=\"og:image\" content=\"https:\/\/www.noguerranonato.org\/lottare\/wp-content\/uploads\/sites\/3\/2024\/11\/3.jpg\" \/>\n\t<meta property=\"og:image:width\" content=\"914\" \/>\n\t<meta property=\"og:image:height\" content=\"1280\" \/>\n\t<meta property=\"og:image:type\" content=\"image\/jpeg\" \/>\n<meta name=\"author\" content=\"reteliberi\" \/>\n<meta name=\"twitter:card\" content=\"summary_large_image\" \/>\n<meta name=\"twitter:label1\" content=\"Scritto da\" \/>\n\t<meta name=\"twitter:data1\" content=\"reteliberi\" \/>\n\t<meta name=\"twitter:label2\" content=\"Tempo di lettura stimato\" \/>\n\t<meta name=\"twitter:data2\" content=\"2 minuti\" \/>\n<script type=\"application\/ld+json\" class=\"yoast-schema-graph\">{\"@context\":\"https:\/\/schema.org\",\"@graph\":[{\"@type\":\"WebPage\",\"@id\":\"https:\/\/www.noguerranonato.org\/lottare\/2024\/11\/14\/sab-16-nov-corteo-territoriale-a-centocelle\/\",\"url\":\"https:\/\/www.noguerranonato.org\/lottare\/2024\/11\/14\/sab-16-nov-corteo-territoriale-a-centocelle\/\",\"name\":\"SAB 16 NOV | Corteo territoriale a Centocelle - Rete Liberi\/e di Lottare\",\"isPartOf\":{\"@id\":\"https:\/\/www.noguerranonato.org\/lottare\/#website\"},\"primaryImageOfPage\":{\"@id\":\"https:\/\/www.noguerranonato.org\/lottare\/2024\/11\/14\/sab-16-nov-corteo-territoriale-a-centocelle\/#primaryimage\"},\"image\":{\"@id\":\"https:\/\/www.noguerranonato.org\/lottare\/2024\/11\/14\/sab-16-nov-corteo-territoriale-a-centocelle\/#primaryimage\"},\"thumbnailUrl\":\"https:\/\/www.noguerranonato.org\/lottare\/wp-content\/uploads\/sites\/3\/2024\/11\/3.jpg\",\"datePublished\":\"2024-11-14T19:36:11+00:00\",\"dateModified\":\"2024-11-14T20:14:05+00:00\",\"author\":{\"@id\":\"https:\/\/www.noguerranonato.org\/lottare\/#\/schema\/person\/64e56d38f26eddb374b3b3c7d5720bf9\"},\"breadcrumb\":{\"@id\":\"https:\/\/www.noguerranonato.org\/lottare\/2024\/11\/14\/sab-16-nov-corteo-territoriale-a-centocelle\/#breadcrumb\"},\"inLanguage\":\"it-IT\",\"potentialAction\":[{\"@type\":\"ReadAction\",\"target\":[\"https:\/\/www.noguerranonato.org\/lottare\/2024\/11\/14\/sab-16-nov-corteo-territoriale-a-centocelle\/\"]}]},{\"@type\":\"ImageObject\",\"inLanguage\":\"it-IT\",\"@id\":\"https:\/\/www.noguerranonato.org\/lottare\/2024\/11\/14\/sab-16-nov-corteo-territoriale-a-centocelle\/#primaryimage\",\"url\":\"https:\/\/www.noguerranonato.org\/lottare\/wp-content\/uploads\/sites\/3\/2024\/11\/3.jpg\",\"contentUrl\":\"https:\/\/www.noguerranonato.org\/lottare\/wp-content\/uploads\/sites\/3\/2024\/11\/3.jpg\",\"width\":914,\"height\":1280},{\"@type\":\"BreadcrumbList\",\"@id\":\"https:\/\/www.noguerranonato.org\/lottare\/2024\/11\/14\/sab-16-nov-corteo-territoriale-a-centocelle\/#breadcrumb\",\"itemListElement\":[{\"@type\":\"ListItem\",\"position\":1,\"name\":\"Home\",\"item\":\"https:\/\/www.noguerranonato.org\/lottare\/\"},{\"@type\":\"ListItem\",\"position\":2,\"name\":\"SAB 16 NOV | Corteo territoriale a Centocelle\"}]},{\"@type\":\"WebSite\",\"@id\":\"https:\/\/www.noguerranonato.org\/lottare\/#website\",\"url\":\"https:\/\/www.noguerranonato.org\/lottare\/\",\"name\":\"Rete Liberi\/e di Lottare\",\"description\":\"\",\"potentialAction\":[{\"@type\":\"SearchAction\",\"target\":{\"@type\":\"EntryPoint\",\"urlTemplate\":\"https:\/\/www.noguerranonato.org\/lottare\/?s={search_term_string}\"},\"query-input\":{\"@type\":\"PropertyValueSpecification\",\"valueRequired\":true,\"valueName\":\"search_term_string\"}}],\"inLanguage\":\"it-IT\"},{\"@type\":\"Person\",\"@id\":\"https:\/\/www.noguerranonato.org\/lottare\/#\/schema\/person\/64e56d38f26eddb374b3b3c7d5720bf9\",\"name\":\"reteliberi\",\"url\":\"https:\/\/www.noguerranonato.org\/lottare\/author\/reteliberi\/\"}]}<\/script>\n<!-- \/ Yoast SEO plugin. -->","yoast_head_json":{"title":"SAB 16 NOV | Corteo territoriale a Centocelle - Rete Liberi\/e di Lottare","robots":{"index":"index","follow":"follow","max-snippet":"max-snippet:-1","max-image-preview":"max-image-preview:large","max-video-preview":"max-video-preview:-1"},"canonical":"https:\/\/www.noguerranonato.org\/lottare\/2024\/11\/14\/sab-16-nov-corteo-territoriale-a-centocelle\/","og_locale":"it_IT","og_type":"article","og_title":"SAB 16 NOV | Corteo territoriale a Centocelle - Rete Liberi\/e di Lottare","og_description":"Torniamo nei quartieri!Verso la manifestazione nazionale del 30 novembre!Con la resistenza palestinese e libanese! Contro il genocidio! Da quasi 400 giorni continua l\u2019aggressione sionista contro il popolo palestinese, libanese e della regione, con oltre 45mila morti secondo le stime a ribasso, centinaia di migliaia di feriti e decine di migliaia di dispersi, nel silenzio della&hellip;&nbsp;Leggi tutto &raquo;SAB 16 NOV | Corteo territoriale a Centocelle","og_url":"https:\/\/www.noguerranonato.org\/lottare\/2024\/11\/14\/sab-16-nov-corteo-territoriale-a-centocelle\/","og_site_name":"Rete Liberi\/e di Lottare","article_published_time":"2024-11-14T19:36:11+00:00","article_modified_time":"2024-11-14T20:14:05+00:00","og_image":[{"width":914,"height":1280,"url":"https:\/\/www.noguerranonato.org\/lottare\/wp-content\/uploads\/sites\/3\/2024\/11\/3.jpg","type":"image\/jpeg"}],"author":"reteliberi","twitter_card":"summary_large_image","twitter_misc":{"Scritto da":"reteliberi","Tempo di lettura stimato":"2 minuti"},"schema":{"@context":"https:\/\/schema.org","@graph":[{"@type":"WebPage","@id":"https:\/\/www.noguerranonato.org\/lottare\/2024\/11\/14\/sab-16-nov-corteo-territoriale-a-centocelle\/","url":"https:\/\/www.noguerranonato.org\/lottare\/2024\/11\/14\/sab-16-nov-corteo-territoriale-a-centocelle\/","name":"SAB 16 NOV | Corteo territoriale a Centocelle - Rete Liberi\/e di Lottare","isPartOf":{"@id":"https:\/\/www.noguerranonato.org\/lottare\/#website"},"primaryImageOfPage":{"@id":"https:\/\/www.noguerranonato.org\/lottare\/2024\/11\/14\/sab-16-nov-corteo-territoriale-a-centocelle\/#primaryimage"},"image":{"@id":"https:\/\/www.noguerranonato.org\/lottare\/2024\/11\/14\/sab-16-nov-corteo-territoriale-a-centocelle\/#primaryimage"},"thumbnailUrl":"https:\/\/www.noguerranonato.org\/lottare\/wp-content\/uploads\/sites\/3\/2024\/11\/3.jpg","datePublished":"2024-11-14T19:36:11+00:00","dateModified":"2024-11-14T20:14:05+00:00","author":{"@id":"https:\/\/www.noguerranonato.org\/lottare\/#\/schema\/person\/64e56d38f26eddb374b3b3c7d5720bf9"},"breadcrumb":{"@id":"https:\/\/www.noguerranonato.org\/lottare\/2024\/11\/14\/sab-16-nov-corteo-territoriale-a-centocelle\/#breadcrumb"},"inLanguage":"it-IT","potentialAction":[{"@type":"ReadAction","target":["https:\/\/www.noguerranonato.org\/lottare\/2024\/11\/14\/sab-16-nov-corteo-territoriale-a-centocelle\/"]}]},{"@type":"ImageObject","inLanguage":"it-IT","@id":"https:\/\/www.noguerranonato.org\/lottare\/2024\/11\/14\/sab-16-nov-corteo-territoriale-a-centocelle\/#primaryimage","url":"https:\/\/www.noguerranonato.org\/lottare\/wp-content\/uploads\/sites\/3\/2024\/11\/3.jpg","contentUrl":"https:\/\/www.noguerranonato.org\/lottare\/wp-content\/uploads\/sites\/3\/2024\/11\/3.jpg","width":914,"height":1280},{"@type":"BreadcrumbList","@id":"https:\/\/www.noguerranonato.org\/lottare\/2024\/11\/14\/sab-16-nov-corteo-territoriale-a-centocelle\/#breadcrumb","itemListElement":[{"@type":"ListItem","position":1,"name":"Home","item":"https:\/\/www.noguerranonato.org\/lottare\/"},{"@type":"ListItem","position":2,"name":"SAB 16 NOV | Corteo territoriale a Centocelle"}]},{"@type":"WebSite","@id":"https:\/\/www.noguerranonato.org\/lottare\/#website","url":"https:\/\/www.noguerranonato.org\/lottare\/","name":"Rete Liberi\/e di Lottare","description":"","potentialAction":[{"@type":"SearchAction","target":{"@type":"EntryPoint","urlTemplate":"https:\/\/www.noguerranonato.org\/lottare\/?s={search_term_string}"},"query-input":{"@type":"PropertyValueSpecification","valueRequired":true,"valueName":"search_term_string"}}],"inLanguage":"it-IT"},{"@type":"Person","@id":"https:\/\/www.noguerranonato.org\/lottare\/#\/schema\/person\/64e56d38f26eddb374b3b3c7d5720bf9","name":"reteliberi","url":"https:\/\/www.noguerranonato.org\/lottare\/author\/reteliberi\/"}]}},"_links":{"self":[{"href":"https:\/\/www.noguerranonato.org\/lottare\/wp-json\/wp\/v2\/posts\/149"}],"collection":[{"href":"https:\/\/www.noguerranonato.org\/lottare\/wp-json\/wp\/v2\/posts"}],"about":[{"href":"https:\/\/www.noguerranonato.org\/lottare\/wp-json\/wp\/v2\/types\/post"}],"author":[{"embeddable":true,"href":"https:\/\/www.noguerranonato.org\/lottare\/wp-json\/wp\/v2\/users\/3"}],"replies":[{"embeddable":true,"href":"https:\/\/www.noguerranonato.org\/lottare\/wp-json\/wp\/v2\/comments?post=149"}],"version-history":[{"count":2,"href":"https:\/\/www.noguerranonato.org\/lottare\/wp-json\/wp\/v2\/posts\/149\/revisions"}],"predecessor-version":[{"id":164,"href":"https:\/\/www.noguerranonato.org\/lottare\/wp-json\/wp\/v2\/posts\/149\/revisions\/164"}],"wp:featuredmedia":[{"embeddable":true,"href":"https:\/\/www.noguerranonato.org\/lottare\/wp-json\/wp\/v2\/media\/163"}],"wp:attachment":[{"href":"https:\/\/www.noguerranonato.org\/lottare\/wp-json\/wp\/v2\/media?parent=149"}],"wp:term":[{"taxonomy":"category","embeddable":true,"href":"https:\/\/www.noguerranonato.org\/lottare\/wp-json\/wp\/v2\/categories?post=149"},{"taxonomy":"post_tag","embeddable":true,"href":"https:\/\/www.noguerranonato.org\/lottare\/wp-json\/wp\/v2\/tags?post=149"}],"curies":[{"name":"wp","href":"https:\/\/api.w.org\/{rel}","templated":true}]}}