{"id":474,"date":"2025-01-05T14:23:44","date_gmt":"2025-01-05T13:23:44","guid":{"rendered":"https:\/\/www.noguerranonato.org\/lottare\/?p=474"},"modified":"2025-01-12T12:04:00","modified_gmt":"2025-01-12T11:04:00","slug":"terza-assemblea-nazionale-della-rete-liberi-e-di-lottare","status":"publish","type":"post","link":"https:\/\/www.noguerranonato.org\/lottare\/2025\/01\/05\/terza-assemblea-nazionale-della-rete-liberi-e-di-lottare\/","title":{"rendered":"Terza assemblea nazionale della Rete \u201cLiberi\/e di Lottare\u201d"},"content":{"rendered":"<div class=\"wp-block-vpb-video\" id='vpbVideoPlayer-1' data-attributes='{&quot;source&quot;:&quot;https:\\\/\\\/www.noguerranonato.org\\\/lottare\\\/wp-content\\\/uploads\\\/sites\\\/3\\\/2025\\\/01\\\/ASSEMBLEA_11GEN.mp4&quot;,&quot;align&quot;:&quot;&quot;,&quot;poster&quot;:&quot;&quot;,&quot;controls&quot;:{&quot;play-large&quot;:true,&quot;restart&quot;:false,&quot;rewind&quot;:true,&quot;play&quot;:true,&quot;fast-forward&quot;:true,&quot;progress&quot;:true,&quot;current-time&quot;:true,&quot;duration&quot;:false,&quot;mute&quot;:true,&quot;volume&quot;:true,&quot;pip&quot;:false,&quot;airplay&quot;:false,&quot;settings&quot;:true,&quot;download&quot;:false,&quot;fullscreen&quot;:true},&quot;width&quot;:&quot;100%&quot;,&quot;radius&quot;:&quot;0px&quot;,&quot;repeat&quot;:false,&quot;autoplay&quot;:false,&quot;muted&quot;:false,&quot;resetOnEnd&quot;:false,&quot;autoHideControl&quot;:true}'><\/div>\n\n\n<p class=\"has-text-align-center\"><strong>Sabato 11 gennaio, al CPA Firenze Sud, quartiere Gavinana, via Villamagna 27a<\/strong><\/p>\n\n\n<div class=\"wp-block-image\">\n<figure class=\"aligncenter size-large is-resized\"><img loading=\"lazy\" decoding=\"async\" width=\"1024\" height=\"1024\" src=\"https:\/\/www.noguerranonato.org\/lottare\/wp-content\/uploads\/sites\/3\/2025\/01\/1-4-1024x1024.jpg\" alt=\"\" class=\"wp-image-481\" style=\"width:310px;height:auto\" srcset=\"https:\/\/www.noguerranonato.org\/lottare\/wp-content\/uploads\/sites\/3\/2025\/01\/1-4-1024x1024.jpg 1024w, https:\/\/www.noguerranonato.org\/lottare\/wp-content\/uploads\/sites\/3\/2025\/01\/1-4-300x300.jpg 300w, https:\/\/www.noguerranonato.org\/lottare\/wp-content\/uploads\/sites\/3\/2025\/01\/1-4-150x150.jpg 150w, https:\/\/www.noguerranonato.org\/lottare\/wp-content\/uploads\/sites\/3\/2025\/01\/1-4-768x768.jpg 768w, https:\/\/www.noguerranonato.org\/lottare\/wp-content\/uploads\/sites\/3\/2025\/01\/1-4.jpg 1080w\" sizes=\"(max-width: 1024px) 100vw, 1024px\" \/><\/figure><\/div>\n\n\n<ul class=\"wp-block-list\">\n<li>A partire dalle ore 10.00 e fino alle 13.30 con un&#8217;assemblea aperta alla quale invitiamo ad intervenire chiunque voglia portare un contributo alla discussione tanto sul DDL 1660 quanto sulle questioni pi\u00f9 generali con cui il DDL sicurezza si intreccia.<\/li>\n\n\n\n<li>Alle ore 14.00 pranzo<\/li>\n\n\n\n<li>A partire dalle ore 15.00 e fino alle 18.30 l&#8217;assemblea sar\u00e0 invece un momento di confronto interno tra le realt\u00e0 aderenti alla Rete \u201cLiberi\/e di Lottare\u201d per meglio strutturarla e elaborare una proposta di rilancio della mobilitazione verso il giorno in cui verr\u00e0 calendarizzato il voto in Senato e oltre.<\/li>\n\n\n\n<li>Alle ore 20.30 cena popolare<\/li>\n\n\n\n<li>Alle ore 22.30 concerto<\/li>\n<\/ul>\n\n\n\n<p><em>Il ricavato della serata andr\u00e0 a sostegno delle prossime iniziative della Rete \u201cLiberi\/e di Lottare\u201d e in solidariet\u00e0 con il compagno Gino, antifascista arrestato a Parigi e su cui pende una richiesta di estradizione verso l&#8217;Ungheria.<\/em><\/p>\n\n\n<div class=\"wp-block-image\">\n<figure class=\"aligncenter size-large is-resized\"><img loading=\"lazy\" decoding=\"async\" width=\"1024\" height=\"724\" src=\"https:\/\/www.noguerranonato.org\/lottare\/wp-content\/uploads\/sites\/3\/2024\/12\/2-4-1024x724.jpg\" alt=\"\" class=\"wp-image-412\" style=\"width:385px;height:auto\" srcset=\"https:\/\/www.noguerranonato.org\/lottare\/wp-content\/uploads\/sites\/3\/2024\/12\/2-4-1024x724.jpg 1024w, https:\/\/www.noguerranonato.org\/lottare\/wp-content\/uploads\/sites\/3\/2024\/12\/2-4-300x212.jpg 300w, https:\/\/www.noguerranonato.org\/lottare\/wp-content\/uploads\/sites\/3\/2024\/12\/2-4-768x543.jpg 768w, https:\/\/www.noguerranonato.org\/lottare\/wp-content\/uploads\/sites\/3\/2024\/12\/2-4-1536x1086.jpg 1536w, https:\/\/www.noguerranonato.org\/lottare\/wp-content\/uploads\/sites\/3\/2024\/12\/2-4.jpg 1600w\" sizes=\"(max-width: 1024px) 100vw, 1024px\" \/><\/figure><\/div>\n\n\n<p>Sono passati alcuni mesi da quando \u00e8 nata la Rete \u201cLibere\/i di lottare \u2013 Fermiamo il DDL 1660\u201d: sin dalla sua nascita, l\u2019obiettivo principale \u00e8 stato provare a mettere in luce la natura e il posto che questo nuovo pacchetto sicurezza ha nella politica del governo Meloni, e il contributo essenziale che d\u00e0 all\u2019istituzione di un vero e proprio stato di polizia e di guerra. Il cammino della Rete \u00e8 iniziato quando i tempi di approvazione del nuovo disegno legge sulla sicurezza parevano marciare a tappe forzate, mentre l&#8217;opposizione ad esso sembrava che non avrebbe avuto n\u00e9 tempo n\u00e9 modo di uscire dai circuiti militanti. I tempi di approvazione del DDL, invece, si sono prolungati e le iniziative contro di esso si sono moltiplicate.<br>Con l\u2019assemblea nazionale, che si terr\u00e0 l\u201911 gennaio a Firenze, vogliamo rilanciare la necessit\u00e0 di rafforzare e proseguire la battaglia contro il DDL1660 (ora DDL 1236 nel suo iter di approvazione al senato). Lo facciamo, insieme a chiunque vorr\u00f2 stare dentro questa battaglia attorno a queste tre sole e imprescindibili discriminanti, poste sin dall\u2019inizio del percorso ed alla base del <a href=\"https:\/\/www.noguerranonato.org\/lottare\/2025\/01\/05\/manifesto-rete-liberi-e-di-lottare\/\">manifesto iniziale<\/a>:<\/p>\n\n\n\n<ul class=\"wp-block-list\">\n<li>essere per il totale rigetto del DDL, che non \u00e8 riformabile n\u00e9 emendabile;<\/li>\n\n\n\n<li>essere in modo inequivoco contro le guerre in corso e l\u2019economia di guerra, da cui il DDL nasce;<\/li>\n\n\n\n<li>impegnare le proprie forze per lo sviluppo di una mobilitazione unitaria, con il ricorso a tutti i mezzi di lotta necessari, inclusi quelli che il DDL vuole a tutti i costi interdire.<\/li>\n<\/ul>\n\n\n\n<p>In questi mesi, all\u2019interno della Rete, abbiamo assistito ad un positivo dialogo tra movimenti ed esperienze che negli anni passati non si sono incrociate, pur cadendo tutte, in una forma o nell\u2019altra, sotto i colpi di magistratura, polizia e carabinieri. Pensiamo sia fondamentale perseguire l&#8217;obiettivo di sviluppare una mobilitazione unitaria e coinvolgere, su queste basi, un\u2019area della societ\u00e0 molto pi\u00f9 ampia di quella abitualmente coinvolta nelle proteste e nelle lotte, composta di lavoratori\/lavoratrici, disoccupati\/e, studenti\/studentesse e persone comuni che forse intuiscono i pericoli da noi denunciati, ma ancora non si sono mosse.<br>A distanza di circa sei mesi dalla nascita della rete, constatiamo con soddisfazione che il silenzio intorno al DDL Piantedosi-Nordio-Crosetto \u00e8 stato rotto, con i fatti e nella agitazione. Convintamente abbiamo attivato questo processo che ha visto numerosi momenti importanti: il 5 ottobre a Roma con la grande manifestazione indetta da GPI e Udap, passando per le due giornate di sciopero e manifestazione a Roma indette dal Si Cobas, la manifestazione del 28 ottobre a Napoli per l\u2019avvio del maxi-processo contro 43 disoccupate\/i del Movimento 7 novembre e solidali, le due grandi giornate di lotta contro guerre e genocidio, DDL 1660 e governo Meloni, quelle del 29-30 novembre con lo sciopero del sindacalismo di base e la seguente manifestazione a Roma.<br>Non solo manifestazioni e mobilitazioni: in questi mesi la Rete \u201cLibere\/i di Lottare\u201d ha svolto iniziative di denuncia e di sostegno a diversi militanti, palestinesi e italiani, arrestati o perseguiti, e ha alzato il velo su un altro DDL (il 1004) pronto ad essere messo in moto dalle destre contro comportamenti \u201canti-semiti\u201d, cos\u00ec da colpire in modo ancora pi\u00f9 pesante le iniziative per il popolo e la resistenza palestinese, e su cui vige il silenzio generale. In molte citt\u00e0, dal Nord al Sud, si sono svolti presidi, assemblee, convegni, giornate di studio, cortei che si sono richiamati alla piattaforma di lotta della Rete \u201cLibere\/i di Lottare\u201d, mentre la nostra attivit\u00e0 ha trovato un\u2019eco solidale in una serie di paesi europei (Germania, Svizzera, Francia, Regno Unito) ed extra-europei (Argentina).<br>Nel frattempo, mentre il nostro percorso si consolidava a livello territoriale, sono state lanciate altre mobilitazioni nelle quali siamo stati presenti con nostre parole d&#8217;ordine. Il 14 dicembre, ad esempio, una manifestazione molto partecipata ha amplificato la denuncia contro il DDL e messo in luce che esiste oggi in Italia (non c\u2019era al giugno scorso) un contesto potenzialmente di massa che si sta ponendo il problema del salto di qualit\u00e0 della repressione statale. Questo allargamento, che ha coinvolto anche settori di classe operaia della CGIL e settori del movimento studentesco \u00e8 sicuramente positivo: abbiamo deciso di essere a Roma quel giorno per rivolgerci ai\/alle partecipanti al corteo con l&#8217;invito ad afferrare il nesso strettissimo \u2013 troppo spesso assente o taciuto in molte delle iniziative cui abbiamo deciso di interfacciarci come Rete- tra la macchina repressiva che governo, Parlamento e Quirinale stanno apprestando, e la guerra e l&#8217;economia di guerra. Per quanto ci riguarda, non si pu\u00f2 scindere l\u2019iniziativa contro il DDL-sicurezza n\u00e9 dalla guerra e dalla economia di guerra da cui esso, evidentemente, nasce, ed a cui serve, tantomeno dalla necessit\u00e0 di praticare solidariet\u00e0 nei confronti di chi \u2013 lavoratori e lavoratrici della logistica, attivisti\/e per il clima, solidali con la resistenza palestinese, studenti e studentesse in lotta- ha affrontato la repressione che ha anticipato l\u2019entrata in vigore del nuovo pacchetto sicurezza.<br>Siamo ben consapevoli che questo disegno di legge liberticida e da stato di polizia vada fermato ma non \u00e8 possibile consegnare questo compito alla opposizione parlamentare di chi, dentro i recinti elettorali e della &#8220;difesa della Costituzione\u201d, non ha mosso un dito fino ad ora dinanzi alla escalation repressiva in atto, opponendo anche timidissime rimostranze nel momento in cui il DDL sicurezza veniva approvato alla Camera alla fine di settembre; nel corso degli anni, ha ideato e contribuito alla nascita dei decreti Minniti e Salvini o altri provvedimenti che hanno ingabbiato e regolamentato il diritto di sciopero e la stessa rappresentanza dei lavoratori; continua a sostenere fanaticamente la guerra tra NATO e Russia in Ucraina; non ha alzato un dito contro il genocidio in Palestina perch\u00e9 da sempre schierate a favore dell\u2019oppressione coloniale e razzista del sionismo contro le masse palestinesi. Non \u00e8 possibile relegare la battaglia contro il disegno legge sulla sicurezza a chi \u00e8 complice, da decenni, della trasformazione autoritaria e totalitaria della democrazia, e delle politiche belliciste che la alimentano oggi pi\u00f9 che mai in una fase storica di accelerazione della corsa alla guerra di cui il governo Meloni si sta facendo interprete.<br>Una serie di fattori ha fatto s\u00ec che l\u2019approvazione del DDL 1236, invece che avvenire a strettissimo giro, si sia prolungata, ed \u00e8 possibile che le manovre dell\u2019opposizione, e forse dello stesso Quirinale, per emendarlo dalle misure pi\u00f9 estreme e provocatorie, e renderlo pi\u00f9 accettabile, prolunghino ulteriormente i tempi di approvazione. Probabilmente abbiamo un altro spazio di tempo per rilanciare la nostra attivit\u00e0 di agitazione.<br>Con la Terza Assemblea della Rete \u201cLibere\/i di Lottare\u201d chiediamo un nuovo impegno a tutte le strutture del sindacalismo di base, ed anche a quei lavoratori e a quelle lavoratrici interni\/e alle strutture confederali che sentono davvero l\u2019esigenza di battersi contro i signori dello sfruttamento e della guerra, affinch\u00e9 siano nelle prossime settimane protagonisti di un deciso, coordinato rilancio delle lotte. Un fronte unico degli sfruttati e delle sfruttate che unisca: il movimento di solidariet\u00e0 con il popolo e la resistenza palestinese; i movimenti di lotta territoriali, ecologisti, femministi; i lavoratori e le lavoratrici, i disoccupati e le disoccupate in lotta; le ricercatrici e le dottorande che si stanno mobilitando nelle universit\u00e0 contro il DDL Bernini; il movimento studentesco e i\/le giovani sempre pi\u00f9 protagonisti\/e e determinati\/e a cambiare le cose che non vanno; gli\/le attivisti che si battono al fianco degli immigrati e delle immigrate o delle persone detenute e delle loro famiglie. Pensiamo che serva l\u2019impegno collettivo di tutti e di tutte a convergere in uno sforzo unitario di mobilitazione contro il DDL ex- 1660, contro il genocidio in Palestina, l&#8217;escalation della guerra imperialista come in suolo ucraino tra NATO e Russia, la corsa al riarmo e l&#8217;economia di guerra, consapevoli che il nostro compito principale \u00e8 quello di combattere &#8211; nel blocco all\u2019interno del quale siamo posizionati &#8211; le logiche di guerra e l&#8217;imperialismo di &#8220;casa nostra&#8221;, contro il governo Meloni e le sue politiche di sfruttamento, contro ogni forma di marginalit\u00e0, sopruso, ingiustizia sociale.<\/p>\n","protected":false},"excerpt":{"rendered":"<p>Sabato 11 gennaio, al CPA Firenze Sud, quartiere Gavinana, via Villamagna 27a Il ricavato della serata andr\u00e0 a sostegno delle prossime iniziative della Rete \u201cLiberi\/e di Lottare\u201d e in solidariet\u00e0 con il compagno Gino, antifascista arrestato a Parigi e su cui pende una richiesta di estradizione verso l&#8217;Ungheria. Sono passati alcuni mesi da quando \u00e8&hellip;&nbsp;<a href=\"https:\/\/www.noguerranonato.org\/lottare\/2025\/01\/05\/terza-assemblea-nazionale-della-rete-liberi-e-di-lottare\/\" class=\"\" rel=\"bookmark\">Leggi tutto &raquo;<span class=\"screen-reader-text\">Terza assemblea nazionale della Rete \u201cLiberi\/e di Lottare\u201d<\/span><\/a><\/p>\n","protected":false},"author":3,"featured_media":481,"comment_status":"closed","ping_status":"closed","sticky":false,"template":"","format":"standard","meta":{"neve_meta_sidebar":"","neve_meta_container":"","neve_meta_enable_content_width":"","neve_meta_content_width":0,"neve_meta_title_alignment":"center","neve_meta_author_avatar":"","neve_post_elements_order":"[\"title\",\"meta\",\"content\",\"tags\"]","neve_meta_disable_header":"","neve_meta_disable_footer":"","neve_meta_disable_title":"","footnotes":""},"categories":[1],"tags":[],"class_list":["post-474","post","type-post","status-publish","format-standard","has-post-thumbnail","hentry","category-news-dalla-rete"],"yoast_head":"<!-- This site is optimized with the Yoast SEO plugin v23.9 - https:\/\/yoast.com\/wordpress\/plugins\/seo\/ -->\n<title>Terza assemblea nazionale della Rete \u201cLiberi\/e di Lottare\u201d - Rete Liberi\/e di Lottare<\/title>\n<meta name=\"robots\" content=\"index, follow, max-snippet:-1, max-image-preview:large, max-video-preview:-1\" \/>\n<link rel=\"canonical\" href=\"https:\/\/www.noguerranonato.org\/lottare\/2025\/01\/05\/terza-assemblea-nazionale-della-rete-liberi-e-di-lottare\/\" \/>\n<meta property=\"og:locale\" content=\"it_IT\" \/>\n<meta property=\"og:type\" content=\"article\" \/>\n<meta property=\"og:title\" content=\"Terza assemblea nazionale della Rete \u201cLiberi\/e di Lottare\u201d - Rete Liberi\/e di Lottare\" \/>\n<meta property=\"og:description\" content=\"Sabato 11 gennaio, al CPA Firenze Sud, quartiere Gavinana, via Villamagna 27a Il ricavato della serata andr\u00e0 a sostegno delle prossime iniziative della Rete \u201cLiberi\/e di Lottare\u201d e in solidariet\u00e0 con il compagno Gino, antifascista arrestato a Parigi e su cui pende una richiesta di estradizione verso l&#8217;Ungheria. Sono passati alcuni mesi da quando \u00e8&hellip;&nbsp;Leggi tutto &raquo;Terza assemblea nazionale della Rete \u201cLiberi\/e di Lottare\u201d\" \/>\n<meta property=\"og:url\" content=\"https:\/\/www.noguerranonato.org\/lottare\/2025\/01\/05\/terza-assemblea-nazionale-della-rete-liberi-e-di-lottare\/\" \/>\n<meta property=\"og:site_name\" content=\"Rete Liberi\/e di Lottare\" \/>\n<meta property=\"article:published_time\" content=\"2025-01-05T13:23:44+00:00\" \/>\n<meta property=\"article:modified_time\" content=\"2025-01-12T11:04:00+00:00\" \/>\n<meta property=\"og:image\" content=\"https:\/\/www.noguerranonato.org\/lottare\/wp-content\/uploads\/sites\/3\/2025\/01\/1-4.jpg\" \/>\n\t<meta property=\"og:image:width\" content=\"1080\" \/>\n\t<meta property=\"og:image:height\" content=\"1080\" \/>\n\t<meta property=\"og:image:type\" content=\"image\/jpeg\" \/>\n<meta name=\"author\" content=\"reteliberi\" \/>\n<meta name=\"twitter:card\" content=\"summary_large_image\" \/>\n<meta name=\"twitter:label1\" content=\"Scritto da\" \/>\n\t<meta name=\"twitter:data1\" content=\"reteliberi\" \/>\n\t<meta name=\"twitter:label2\" content=\"Tempo di lettura stimato\" \/>\n\t<meta name=\"twitter:data2\" content=\"9 minuti\" \/>\n<script type=\"application\/ld+json\" class=\"yoast-schema-graph\">{\"@context\":\"https:\/\/schema.org\",\"@graph\":[{\"@type\":\"WebPage\",\"@id\":\"https:\/\/www.noguerranonato.org\/lottare\/2025\/01\/05\/terza-assemblea-nazionale-della-rete-liberi-e-di-lottare\/\",\"url\":\"https:\/\/www.noguerranonato.org\/lottare\/2025\/01\/05\/terza-assemblea-nazionale-della-rete-liberi-e-di-lottare\/\",\"name\":\"Terza assemblea nazionale della Rete \u201cLiberi\/e di Lottare\u201d - Rete Liberi\/e di Lottare\",\"isPartOf\":{\"@id\":\"https:\/\/www.noguerranonato.org\/lottare\/#website\"},\"primaryImageOfPage\":{\"@id\":\"https:\/\/www.noguerranonato.org\/lottare\/2025\/01\/05\/terza-assemblea-nazionale-della-rete-liberi-e-di-lottare\/#primaryimage\"},\"image\":{\"@id\":\"https:\/\/www.noguerranonato.org\/lottare\/2025\/01\/05\/terza-assemblea-nazionale-della-rete-liberi-e-di-lottare\/#primaryimage\"},\"thumbnailUrl\":\"https:\/\/www.noguerranonato.org\/lottare\/wp-content\/uploads\/sites\/3\/2025\/01\/1-4.jpg\",\"datePublished\":\"2025-01-05T13:23:44+00:00\",\"dateModified\":\"2025-01-12T11:04:00+00:00\",\"author\":{\"@id\":\"https:\/\/www.noguerranonato.org\/lottare\/#\/schema\/person\/64e56d38f26eddb374b3b3c7d5720bf9\"},\"breadcrumb\":{\"@id\":\"https:\/\/www.noguerranonato.org\/lottare\/2025\/01\/05\/terza-assemblea-nazionale-della-rete-liberi-e-di-lottare\/#breadcrumb\"},\"inLanguage\":\"it-IT\",\"potentialAction\":[{\"@type\":\"ReadAction\",\"target\":[\"https:\/\/www.noguerranonato.org\/lottare\/2025\/01\/05\/terza-assemblea-nazionale-della-rete-liberi-e-di-lottare\/\"]}]},{\"@type\":\"ImageObject\",\"inLanguage\":\"it-IT\",\"@id\":\"https:\/\/www.noguerranonato.org\/lottare\/2025\/01\/05\/terza-assemblea-nazionale-della-rete-liberi-e-di-lottare\/#primaryimage\",\"url\":\"https:\/\/www.noguerranonato.org\/lottare\/wp-content\/uploads\/sites\/3\/2025\/01\/1-4.jpg\",\"contentUrl\":\"https:\/\/www.noguerranonato.org\/lottare\/wp-content\/uploads\/sites\/3\/2025\/01\/1-4.jpg\",\"width\":1080,\"height\":1080},{\"@type\":\"BreadcrumbList\",\"@id\":\"https:\/\/www.noguerranonato.org\/lottare\/2025\/01\/05\/terza-assemblea-nazionale-della-rete-liberi-e-di-lottare\/#breadcrumb\",\"itemListElement\":[{\"@type\":\"ListItem\",\"position\":1,\"name\":\"Home\",\"item\":\"https:\/\/www.noguerranonato.org\/lottare\/\"},{\"@type\":\"ListItem\",\"position\":2,\"name\":\"Terza assemblea nazionale della Rete \u201cLiberi\/e di Lottare\u201d\"}]},{\"@type\":\"WebSite\",\"@id\":\"https:\/\/www.noguerranonato.org\/lottare\/#website\",\"url\":\"https:\/\/www.noguerranonato.org\/lottare\/\",\"name\":\"Rete Liberi\/e di Lottare\",\"description\":\"\",\"potentialAction\":[{\"@type\":\"SearchAction\",\"target\":{\"@type\":\"EntryPoint\",\"urlTemplate\":\"https:\/\/www.noguerranonato.org\/lottare\/?s={search_term_string}\"},\"query-input\":{\"@type\":\"PropertyValueSpecification\",\"valueRequired\":true,\"valueName\":\"search_term_string\"}}],\"inLanguage\":\"it-IT\"},{\"@type\":\"Person\",\"@id\":\"https:\/\/www.noguerranonato.org\/lottare\/#\/schema\/person\/64e56d38f26eddb374b3b3c7d5720bf9\",\"name\":\"reteliberi\",\"url\":\"https:\/\/www.noguerranonato.org\/lottare\/author\/reteliberi\/\"}]}<\/script>\n<!-- \/ Yoast SEO plugin. -->","yoast_head_json":{"title":"Terza assemblea nazionale della Rete \u201cLiberi\/e di Lottare\u201d - Rete Liberi\/e di Lottare","robots":{"index":"index","follow":"follow","max-snippet":"max-snippet:-1","max-image-preview":"max-image-preview:large","max-video-preview":"max-video-preview:-1"},"canonical":"https:\/\/www.noguerranonato.org\/lottare\/2025\/01\/05\/terza-assemblea-nazionale-della-rete-liberi-e-di-lottare\/","og_locale":"it_IT","og_type":"article","og_title":"Terza assemblea nazionale della Rete \u201cLiberi\/e di Lottare\u201d - Rete Liberi\/e di Lottare","og_description":"Sabato 11 gennaio, al CPA Firenze Sud, quartiere Gavinana, via Villamagna 27a Il ricavato della serata andr\u00e0 a sostegno delle prossime iniziative della Rete \u201cLiberi\/e di Lottare\u201d e in solidariet\u00e0 con il compagno Gino, antifascista arrestato a Parigi e su cui pende una richiesta di estradizione verso l&#8217;Ungheria. Sono passati alcuni mesi da quando \u00e8&hellip;&nbsp;Leggi tutto &raquo;Terza assemblea nazionale della Rete \u201cLiberi\/e di Lottare\u201d","og_url":"https:\/\/www.noguerranonato.org\/lottare\/2025\/01\/05\/terza-assemblea-nazionale-della-rete-liberi-e-di-lottare\/","og_site_name":"Rete Liberi\/e di Lottare","article_published_time":"2025-01-05T13:23:44+00:00","article_modified_time":"2025-01-12T11:04:00+00:00","og_image":[{"width":1080,"height":1080,"url":"https:\/\/www.noguerranonato.org\/lottare\/wp-content\/uploads\/sites\/3\/2025\/01\/1-4.jpg","type":"image\/jpeg"}],"author":"reteliberi","twitter_card":"summary_large_image","twitter_misc":{"Scritto da":"reteliberi","Tempo di lettura stimato":"9 minuti"},"schema":{"@context":"https:\/\/schema.org","@graph":[{"@type":"WebPage","@id":"https:\/\/www.noguerranonato.org\/lottare\/2025\/01\/05\/terza-assemblea-nazionale-della-rete-liberi-e-di-lottare\/","url":"https:\/\/www.noguerranonato.org\/lottare\/2025\/01\/05\/terza-assemblea-nazionale-della-rete-liberi-e-di-lottare\/","name":"Terza assemblea nazionale della Rete \u201cLiberi\/e di Lottare\u201d - Rete Liberi\/e di Lottare","isPartOf":{"@id":"https:\/\/www.noguerranonato.org\/lottare\/#website"},"primaryImageOfPage":{"@id":"https:\/\/www.noguerranonato.org\/lottare\/2025\/01\/05\/terza-assemblea-nazionale-della-rete-liberi-e-di-lottare\/#primaryimage"},"image":{"@id":"https:\/\/www.noguerranonato.org\/lottare\/2025\/01\/05\/terza-assemblea-nazionale-della-rete-liberi-e-di-lottare\/#primaryimage"},"thumbnailUrl":"https:\/\/www.noguerranonato.org\/lottare\/wp-content\/uploads\/sites\/3\/2025\/01\/1-4.jpg","datePublished":"2025-01-05T13:23:44+00:00","dateModified":"2025-01-12T11:04:00+00:00","author":{"@id":"https:\/\/www.noguerranonato.org\/lottare\/#\/schema\/person\/64e56d38f26eddb374b3b3c7d5720bf9"},"breadcrumb":{"@id":"https:\/\/www.noguerranonato.org\/lottare\/2025\/01\/05\/terza-assemblea-nazionale-della-rete-liberi-e-di-lottare\/#breadcrumb"},"inLanguage":"it-IT","potentialAction":[{"@type":"ReadAction","target":["https:\/\/www.noguerranonato.org\/lottare\/2025\/01\/05\/terza-assemblea-nazionale-della-rete-liberi-e-di-lottare\/"]}]},{"@type":"ImageObject","inLanguage":"it-IT","@id":"https:\/\/www.noguerranonato.org\/lottare\/2025\/01\/05\/terza-assemblea-nazionale-della-rete-liberi-e-di-lottare\/#primaryimage","url":"https:\/\/www.noguerranonato.org\/lottare\/wp-content\/uploads\/sites\/3\/2025\/01\/1-4.jpg","contentUrl":"https:\/\/www.noguerranonato.org\/lottare\/wp-content\/uploads\/sites\/3\/2025\/01\/1-4.jpg","width":1080,"height":1080},{"@type":"BreadcrumbList","@id":"https:\/\/www.noguerranonato.org\/lottare\/2025\/01\/05\/terza-assemblea-nazionale-della-rete-liberi-e-di-lottare\/#breadcrumb","itemListElement":[{"@type":"ListItem","position":1,"name":"Home","item":"https:\/\/www.noguerranonato.org\/lottare\/"},{"@type":"ListItem","position":2,"name":"Terza assemblea nazionale della Rete \u201cLiberi\/e di Lottare\u201d"}]},{"@type":"WebSite","@id":"https:\/\/www.noguerranonato.org\/lottare\/#website","url":"https:\/\/www.noguerranonato.org\/lottare\/","name":"Rete Liberi\/e di Lottare","description":"","potentialAction":[{"@type":"SearchAction","target":{"@type":"EntryPoint","urlTemplate":"https:\/\/www.noguerranonato.org\/lottare\/?s={search_term_string}"},"query-input":{"@type":"PropertyValueSpecification","valueRequired":true,"valueName":"search_term_string"}}],"inLanguage":"it-IT"},{"@type":"Person","@id":"https:\/\/www.noguerranonato.org\/lottare\/#\/schema\/person\/64e56d38f26eddb374b3b3c7d5720bf9","name":"reteliberi","url":"https:\/\/www.noguerranonato.org\/lottare\/author\/reteliberi\/"}]}},"_links":{"self":[{"href":"https:\/\/www.noguerranonato.org\/lottare\/wp-json\/wp\/v2\/posts\/474"}],"collection":[{"href":"https:\/\/www.noguerranonato.org\/lottare\/wp-json\/wp\/v2\/posts"}],"about":[{"href":"https:\/\/www.noguerranonato.org\/lottare\/wp-json\/wp\/v2\/types\/post"}],"author":[{"embeddable":true,"href":"https:\/\/www.noguerranonato.org\/lottare\/wp-json\/wp\/v2\/users\/3"}],"replies":[{"embeddable":true,"href":"https:\/\/www.noguerranonato.org\/lottare\/wp-json\/wp\/v2\/comments?post=474"}],"version-history":[{"count":3,"href":"https:\/\/www.noguerranonato.org\/lottare\/wp-json\/wp\/v2\/posts\/474\/revisions"}],"predecessor-version":[{"id":491,"href":"https:\/\/www.noguerranonato.org\/lottare\/wp-json\/wp\/v2\/posts\/474\/revisions\/491"}],"wp:featuredmedia":[{"embeddable":true,"href":"https:\/\/www.noguerranonato.org\/lottare\/wp-json\/wp\/v2\/media\/481"}],"wp:attachment":[{"href":"https:\/\/www.noguerranonato.org\/lottare\/wp-json\/wp\/v2\/media?parent=474"}],"wp:term":[{"taxonomy":"category","embeddable":true,"href":"https:\/\/www.noguerranonato.org\/lottare\/wp-json\/wp\/v2\/categories?post=474"},{"taxonomy":"post_tag","embeddable":true,"href":"https:\/\/www.noguerranonato.org\/lottare\/wp-json\/wp\/v2\/tags?post=474"}],"curies":[{"name":"wp","href":"https:\/\/api.w.org\/{rel}","templated":true}]}}