{"id":544,"date":"2025-01-19T12:06:45","date_gmt":"2025-01-19T11:06:45","guid":{"rendered":"https:\/\/www.noguerranonato.org\/lottare\/?p=544"},"modified":"2025-01-19T12:06:46","modified_gmt":"2025-01-19T11:06:46","slug":"liberi-e-di-lottare-contro-stato-di-guerra-e-polizia-genova-roma-vicenza","status":"publish","type":"post","link":"https:\/\/www.noguerranonato.org\/lottare\/2025\/01\/19\/liberi-e-di-lottare-contro-stato-di-guerra-e-polizia-genova-roma-vicenza\/","title":{"rendered":"Liberi\/e di Lottare contro stato di guerra e polizia: GENOVA, ROMA, VICENZA"},"content":{"rendered":"\n<p><\/p>\n\n\n\n<p>GENOVA, VICENZA, ROMA: liberi\/e di lottare contro stato di guerra e polizia!<br>Ieri eravamo in piazza in molte citt\u00e0: abbiamo ribadito la necessit\u00e0 di organizzarsi per fermare il governo Meloni, resistendo un momento di pi\u00f9 di chi ci sta conducendo al baratro.<br>Vorrebbero condannarci allo sfruttamento, alla rassegnazione ed alla marginalit\u00e0: organizziamoci, insubordiniamoci, facciamo sentire la nostra voce!<\/p>\n\n\n\n<p class=\"has-text-align-center\"><strong>GENOVA<\/strong>&#8230;<\/p>\n\n\n<div class=\"wp-block-image\">\n<figure class=\"aligncenter size-full\"><img loading=\"lazy\" decoding=\"async\" width=\"390\" height=\"219\" src=\"https:\/\/www.noguerranonato.org\/lottare\/wp-content\/uploads\/sites\/3\/2025\/01\/1-10.jpg\" alt=\"\" class=\"wp-image-545\" srcset=\"https:\/\/www.noguerranonato.org\/lottare\/wp-content\/uploads\/sites\/3\/2025\/01\/1-10.jpg 390w, https:\/\/www.noguerranonato.org\/lottare\/wp-content\/uploads\/sites\/3\/2025\/01\/1-10-300x168.jpg 300w\" sizes=\"(max-width: 390px) 100vw, 390px\" \/><\/figure><\/div>\n\n\n<p class=\"has-text-align-center\">&#8230;dove i compagni e le compagne sono scesi in piazza contro il DDL 1660 e la presenza dei fascisti in citt\u00e0. <a href=\"https:\/\/www.noguerranonato.org\/lottare\/2025\/01\/13\/contro-lo-stato-di-guerra-no-ddl-1660\/\">Leggi qui&#8230;<\/a><\/p>\n\n\n\n<p class=\"has-text-align-center\"><strong>ROMA<\/strong>&#8230;<\/p>\n\n\n<div class=\"wp-block-image\">\n<figure class=\"aligncenter size-large is-resized\"><img loading=\"lazy\" decoding=\"async\" width=\"1024\" height=\"768\" src=\"https:\/\/www.noguerranonato.org\/lottare\/wp-content\/uploads\/sites\/3\/2025\/01\/2-6-1024x768.jpg\" alt=\"\" class=\"wp-image-546\" style=\"width:499px;height:auto\" srcset=\"https:\/\/www.noguerranonato.org\/lottare\/wp-content\/uploads\/sites\/3\/2025\/01\/2-6-1024x768.jpg 1024w, https:\/\/www.noguerranonato.org\/lottare\/wp-content\/uploads\/sites\/3\/2025\/01\/2-6-300x225.jpg 300w, https:\/\/www.noguerranonato.org\/lottare\/wp-content\/uploads\/sites\/3\/2025\/01\/2-6-768x576.jpg 768w, https:\/\/www.noguerranonato.org\/lottare\/wp-content\/uploads\/sites\/3\/2025\/01\/2-6.jpg 1280w\" sizes=\"(max-width: 1024px) 100vw, 1024px\" \/><\/figure><\/div>\n\n\n<p class=\"has-text-align-center\">&#8230;dove i compagni e le compagne si sono mobilitati a difesa delle esperienze politiche e <br>sociali del Quarticciolo per opporsi al cosiddetto &#8220;Modello Caivano&#8221;. <a href=\"https:\/\/www.instagram.com\/p\/DE7S0rWNezt\/?igsh=bnlnaTZjYjRyNzB1&amp;img_index=1\">Leggi qui&#8230;<\/a><\/p>\n\n\n\n<p class=\"has-text-align-center\"><strong>VICENZA&#8230; <\/strong><\/p>\n\n\n<div class=\"wp-block-image\">\n<figure class=\"aligncenter size-large is-resized\"><img loading=\"lazy\" decoding=\"async\" width=\"1024\" height=\"768\" src=\"https:\/\/www.noguerranonato.org\/lottare\/wp-content\/uploads\/sites\/3\/2025\/01\/3-3-1024x768.jpg\" alt=\"\" class=\"wp-image-547\" style=\"width:579px;height:auto\" srcset=\"https:\/\/www.noguerranonato.org\/lottare\/wp-content\/uploads\/sites\/3\/2025\/01\/3-3-1024x768.jpg 1024w, https:\/\/www.noguerranonato.org\/lottare\/wp-content\/uploads\/sites\/3\/2025\/01\/3-3-300x225.jpg 300w, https:\/\/www.noguerranonato.org\/lottare\/wp-content\/uploads\/sites\/3\/2025\/01\/3-3-768x576.jpg 768w, https:\/\/www.noguerranonato.org\/lottare\/wp-content\/uploads\/sites\/3\/2025\/01\/3-3.jpg 1280w\" sizes=\"(max-width: 1024px) 100vw, 1024px\" \/><\/figure><\/div>\n\n\n<p class=\"has-text-align-center\">&#8230;dove i compagni e le compagne sono scese in piazza contro la presenza di Israele alla fiera dell&#8217;oro.<\/p>\n\n\n\n<p><\/p>\n","protected":false},"excerpt":{"rendered":"<p>GENOVA, VICENZA, ROMA: liberi\/e di lottare contro stato di guerra e polizia!Ieri eravamo in piazza in molte citt\u00e0: abbiamo ribadito la necessit\u00e0 di organizzarsi per fermare il governo Meloni, resistendo un momento di pi\u00f9 di chi ci sta conducendo al baratro.Vorrebbero condannarci allo sfruttamento, alla rassegnazione ed alla marginalit\u00e0: organizziamoci, insubordiniamoci, facciamo sentire la nostra&hellip;&nbsp;<a href=\"https:\/\/www.noguerranonato.org\/lottare\/2025\/01\/19\/liberi-e-di-lottare-contro-stato-di-guerra-e-polizia-genova-roma-vicenza\/\" class=\"\" rel=\"bookmark\">Leggi tutto &raquo;<span class=\"screen-reader-text\">Liberi\/e di Lottare contro stato di guerra e polizia: GENOVA, ROMA, VICENZA<\/span><\/a><\/p>\n","protected":false},"author":3,"featured_media":545,"comment_status":"closed","ping_status":"closed","sticky":false,"template":"","format":"standard","meta":{"neve_meta_sidebar":"","neve_meta_container":"","neve_meta_enable_content_width":"","neve_meta_content_width":0,"neve_meta_title_alignment":"center","neve_meta_author_avatar":"","neve_post_elements_order":"[\"title\",\"meta\",\"content\",\"tags\"]","neve_meta_disable_header":"","neve_meta_disable_footer":"","neve_meta_disable_title":"","footnotes":""},"categories":[1],"tags":[],"class_list":["post-544","post","type-post","status-publish","format-standard","has-post-thumbnail","hentry","category-news-dalla-rete"],"yoast_head":"<!-- This site is optimized with the Yoast SEO plugin v23.9 - https:\/\/yoast.com\/wordpress\/plugins\/seo\/ -->\n<title>Liberi\/e di Lottare contro stato di guerra e polizia: GENOVA, ROMA, VICENZA - Rete Liberi\/e di Lottare<\/title>\n<meta name=\"robots\" content=\"index, follow, max-snippet:-1, max-image-preview:large, max-video-preview:-1\" \/>\n<link rel=\"canonical\" href=\"https:\/\/www.noguerranonato.org\/lottare\/2025\/01\/19\/liberi-e-di-lottare-contro-stato-di-guerra-e-polizia-genova-roma-vicenza\/\" \/>\n<meta property=\"og:locale\" content=\"it_IT\" \/>\n<meta property=\"og:type\" content=\"article\" \/>\n<meta property=\"og:title\" content=\"Liberi\/e di Lottare contro stato di guerra e polizia: GENOVA, ROMA, VICENZA - Rete Liberi\/e di Lottare\" \/>\n<meta property=\"og:description\" content=\"GENOVA, VICENZA, ROMA: liberi\/e di lottare contro stato di guerra e polizia!Ieri eravamo in piazza in molte citt\u00e0: abbiamo ribadito la necessit\u00e0 di organizzarsi per fermare il governo Meloni, resistendo un momento di pi\u00f9 di chi ci sta conducendo al baratro.Vorrebbero condannarci allo sfruttamento, alla rassegnazione ed alla marginalit\u00e0: organizziamoci, insubordiniamoci, facciamo sentire la nostra&hellip;&nbsp;Leggi tutto &raquo;Liberi\/e di Lottare contro stato di guerra e polizia: GENOVA, ROMA, VICENZA\" \/>\n<meta property=\"og:url\" content=\"https:\/\/www.noguerranonato.org\/lottare\/2025\/01\/19\/liberi-e-di-lottare-contro-stato-di-guerra-e-polizia-genova-roma-vicenza\/\" \/>\n<meta property=\"og:site_name\" content=\"Rete Liberi\/e di Lottare\" \/>\n<meta property=\"article:published_time\" content=\"2025-01-19T11:06:45+00:00\" \/>\n<meta property=\"article:modified_time\" content=\"2025-01-19T11:06:46+00:00\" \/>\n<meta property=\"og:image\" content=\"https:\/\/www.noguerranonato.org\/lottare\/wp-content\/uploads\/sites\/3\/2025\/01\/1-10.jpg\" \/>\n\t<meta property=\"og:image:width\" content=\"390\" \/>\n\t<meta property=\"og:image:height\" content=\"219\" \/>\n\t<meta property=\"og:image:type\" content=\"image\/jpeg\" \/>\n<meta name=\"author\" content=\"reteliberi\" \/>\n<meta name=\"twitter:card\" content=\"summary_large_image\" \/>\n<meta name=\"twitter:label1\" content=\"Scritto da\" \/>\n\t<meta name=\"twitter:data1\" content=\"reteliberi\" \/>\n\t<meta name=\"twitter:label2\" content=\"Tempo di lettura stimato\" \/>\n\t<meta name=\"twitter:data2\" content=\"2 minuti\" \/>\n<script type=\"application\/ld+json\" class=\"yoast-schema-graph\">{\"@context\":\"https:\/\/schema.org\",\"@graph\":[{\"@type\":\"WebPage\",\"@id\":\"https:\/\/www.noguerranonato.org\/lottare\/2025\/01\/19\/liberi-e-di-lottare-contro-stato-di-guerra-e-polizia-genova-roma-vicenza\/\",\"url\":\"https:\/\/www.noguerranonato.org\/lottare\/2025\/01\/19\/liberi-e-di-lottare-contro-stato-di-guerra-e-polizia-genova-roma-vicenza\/\",\"name\":\"Liberi\/e di Lottare contro stato di guerra e polizia: GENOVA, ROMA, VICENZA - Rete Liberi\/e di Lottare\",\"isPartOf\":{\"@id\":\"https:\/\/www.noguerranonato.org\/lottare\/#website\"},\"primaryImageOfPage\":{\"@id\":\"https:\/\/www.noguerranonato.org\/lottare\/2025\/01\/19\/liberi-e-di-lottare-contro-stato-di-guerra-e-polizia-genova-roma-vicenza\/#primaryimage\"},\"image\":{\"@id\":\"https:\/\/www.noguerranonato.org\/lottare\/2025\/01\/19\/liberi-e-di-lottare-contro-stato-di-guerra-e-polizia-genova-roma-vicenza\/#primaryimage\"},\"thumbnailUrl\":\"https:\/\/www.noguerranonato.org\/lottare\/wp-content\/uploads\/sites\/3\/2025\/01\/1-10.jpg\",\"datePublished\":\"2025-01-19T11:06:45+00:00\",\"dateModified\":\"2025-01-19T11:06:46+00:00\",\"author\":{\"@id\":\"https:\/\/www.noguerranonato.org\/lottare\/#\/schema\/person\/64e56d38f26eddb374b3b3c7d5720bf9\"},\"breadcrumb\":{\"@id\":\"https:\/\/www.noguerranonato.org\/lottare\/2025\/01\/19\/liberi-e-di-lottare-contro-stato-di-guerra-e-polizia-genova-roma-vicenza\/#breadcrumb\"},\"inLanguage\":\"it-IT\",\"potentialAction\":[{\"@type\":\"ReadAction\",\"target\":[\"https:\/\/www.noguerranonato.org\/lottare\/2025\/01\/19\/liberi-e-di-lottare-contro-stato-di-guerra-e-polizia-genova-roma-vicenza\/\"]}]},{\"@type\":\"ImageObject\",\"inLanguage\":\"it-IT\",\"@id\":\"https:\/\/www.noguerranonato.org\/lottare\/2025\/01\/19\/liberi-e-di-lottare-contro-stato-di-guerra-e-polizia-genova-roma-vicenza\/#primaryimage\",\"url\":\"https:\/\/www.noguerranonato.org\/lottare\/wp-content\/uploads\/sites\/3\/2025\/01\/1-10.jpg\",\"contentUrl\":\"https:\/\/www.noguerranonato.org\/lottare\/wp-content\/uploads\/sites\/3\/2025\/01\/1-10.jpg\",\"width\":390,\"height\":219},{\"@type\":\"BreadcrumbList\",\"@id\":\"https:\/\/www.noguerranonato.org\/lottare\/2025\/01\/19\/liberi-e-di-lottare-contro-stato-di-guerra-e-polizia-genova-roma-vicenza\/#breadcrumb\",\"itemListElement\":[{\"@type\":\"ListItem\",\"position\":1,\"name\":\"Home\",\"item\":\"https:\/\/www.noguerranonato.org\/lottare\/\"},{\"@type\":\"ListItem\",\"position\":2,\"name\":\"Liberi\/e di Lottare contro stato di guerra e polizia: GENOVA, ROMA, VICENZA\"}]},{\"@type\":\"WebSite\",\"@id\":\"https:\/\/www.noguerranonato.org\/lottare\/#website\",\"url\":\"https:\/\/www.noguerranonato.org\/lottare\/\",\"name\":\"Rete Liberi\/e di Lottare\",\"description\":\"\",\"potentialAction\":[{\"@type\":\"SearchAction\",\"target\":{\"@type\":\"EntryPoint\",\"urlTemplate\":\"https:\/\/www.noguerranonato.org\/lottare\/?s={search_term_string}\"},\"query-input\":{\"@type\":\"PropertyValueSpecification\",\"valueRequired\":true,\"valueName\":\"search_term_string\"}}],\"inLanguage\":\"it-IT\"},{\"@type\":\"Person\",\"@id\":\"https:\/\/www.noguerranonato.org\/lottare\/#\/schema\/person\/64e56d38f26eddb374b3b3c7d5720bf9\",\"name\":\"reteliberi\",\"url\":\"https:\/\/www.noguerranonato.org\/lottare\/author\/reteliberi\/\"}]}<\/script>\n<!-- \/ Yoast SEO plugin. -->","yoast_head_json":{"title":"Liberi\/e di Lottare contro stato di guerra e polizia: GENOVA, ROMA, VICENZA - Rete Liberi\/e di Lottare","robots":{"index":"index","follow":"follow","max-snippet":"max-snippet:-1","max-image-preview":"max-image-preview:large","max-video-preview":"max-video-preview:-1"},"canonical":"https:\/\/www.noguerranonato.org\/lottare\/2025\/01\/19\/liberi-e-di-lottare-contro-stato-di-guerra-e-polizia-genova-roma-vicenza\/","og_locale":"it_IT","og_type":"article","og_title":"Liberi\/e di Lottare contro stato di guerra e polizia: GENOVA, ROMA, VICENZA - Rete Liberi\/e di Lottare","og_description":"GENOVA, VICENZA, ROMA: liberi\/e di lottare contro stato di guerra e polizia!Ieri eravamo in piazza in molte citt\u00e0: abbiamo ribadito la necessit\u00e0 di organizzarsi per fermare il governo Meloni, resistendo un momento di pi\u00f9 di chi ci sta conducendo al baratro.Vorrebbero condannarci allo sfruttamento, alla rassegnazione ed alla marginalit\u00e0: organizziamoci, insubordiniamoci, facciamo sentire la nostra&hellip;&nbsp;Leggi tutto &raquo;Liberi\/e di Lottare contro stato di guerra e polizia: GENOVA, ROMA, VICENZA","og_url":"https:\/\/www.noguerranonato.org\/lottare\/2025\/01\/19\/liberi-e-di-lottare-contro-stato-di-guerra-e-polizia-genova-roma-vicenza\/","og_site_name":"Rete Liberi\/e di Lottare","article_published_time":"2025-01-19T11:06:45+00:00","article_modified_time":"2025-01-19T11:06:46+00:00","og_image":[{"width":390,"height":219,"url":"https:\/\/www.noguerranonato.org\/lottare\/wp-content\/uploads\/sites\/3\/2025\/01\/1-10.jpg","type":"image\/jpeg"}],"author":"reteliberi","twitter_card":"summary_large_image","twitter_misc":{"Scritto da":"reteliberi","Tempo di lettura stimato":"2 minuti"},"schema":{"@context":"https:\/\/schema.org","@graph":[{"@type":"WebPage","@id":"https:\/\/www.noguerranonato.org\/lottare\/2025\/01\/19\/liberi-e-di-lottare-contro-stato-di-guerra-e-polizia-genova-roma-vicenza\/","url":"https:\/\/www.noguerranonato.org\/lottare\/2025\/01\/19\/liberi-e-di-lottare-contro-stato-di-guerra-e-polizia-genova-roma-vicenza\/","name":"Liberi\/e di Lottare contro stato di guerra e polizia: GENOVA, ROMA, VICENZA - Rete Liberi\/e di Lottare","isPartOf":{"@id":"https:\/\/www.noguerranonato.org\/lottare\/#website"},"primaryImageOfPage":{"@id":"https:\/\/www.noguerranonato.org\/lottare\/2025\/01\/19\/liberi-e-di-lottare-contro-stato-di-guerra-e-polizia-genova-roma-vicenza\/#primaryimage"},"image":{"@id":"https:\/\/www.noguerranonato.org\/lottare\/2025\/01\/19\/liberi-e-di-lottare-contro-stato-di-guerra-e-polizia-genova-roma-vicenza\/#primaryimage"},"thumbnailUrl":"https:\/\/www.noguerranonato.org\/lottare\/wp-content\/uploads\/sites\/3\/2025\/01\/1-10.jpg","datePublished":"2025-01-19T11:06:45+00:00","dateModified":"2025-01-19T11:06:46+00:00","author":{"@id":"https:\/\/www.noguerranonato.org\/lottare\/#\/schema\/person\/64e56d38f26eddb374b3b3c7d5720bf9"},"breadcrumb":{"@id":"https:\/\/www.noguerranonato.org\/lottare\/2025\/01\/19\/liberi-e-di-lottare-contro-stato-di-guerra-e-polizia-genova-roma-vicenza\/#breadcrumb"},"inLanguage":"it-IT","potentialAction":[{"@type":"ReadAction","target":["https:\/\/www.noguerranonato.org\/lottare\/2025\/01\/19\/liberi-e-di-lottare-contro-stato-di-guerra-e-polizia-genova-roma-vicenza\/"]}]},{"@type":"ImageObject","inLanguage":"it-IT","@id":"https:\/\/www.noguerranonato.org\/lottare\/2025\/01\/19\/liberi-e-di-lottare-contro-stato-di-guerra-e-polizia-genova-roma-vicenza\/#primaryimage","url":"https:\/\/www.noguerranonato.org\/lottare\/wp-content\/uploads\/sites\/3\/2025\/01\/1-10.jpg","contentUrl":"https:\/\/www.noguerranonato.org\/lottare\/wp-content\/uploads\/sites\/3\/2025\/01\/1-10.jpg","width":390,"height":219},{"@type":"BreadcrumbList","@id":"https:\/\/www.noguerranonato.org\/lottare\/2025\/01\/19\/liberi-e-di-lottare-contro-stato-di-guerra-e-polizia-genova-roma-vicenza\/#breadcrumb","itemListElement":[{"@type":"ListItem","position":1,"name":"Home","item":"https:\/\/www.noguerranonato.org\/lottare\/"},{"@type":"ListItem","position":2,"name":"Liberi\/e di Lottare contro stato di guerra e polizia: GENOVA, ROMA, VICENZA"}]},{"@type":"WebSite","@id":"https:\/\/www.noguerranonato.org\/lottare\/#website","url":"https:\/\/www.noguerranonato.org\/lottare\/","name":"Rete Liberi\/e di Lottare","description":"","potentialAction":[{"@type":"SearchAction","target":{"@type":"EntryPoint","urlTemplate":"https:\/\/www.noguerranonato.org\/lottare\/?s={search_term_string}"},"query-input":{"@type":"PropertyValueSpecification","valueRequired":true,"valueName":"search_term_string"}}],"inLanguage":"it-IT"},{"@type":"Person","@id":"https:\/\/www.noguerranonato.org\/lottare\/#\/schema\/person\/64e56d38f26eddb374b3b3c7d5720bf9","name":"reteliberi","url":"https:\/\/www.noguerranonato.org\/lottare\/author\/reteliberi\/"}]}},"_links":{"self":[{"href":"https:\/\/www.noguerranonato.org\/lottare\/wp-json\/wp\/v2\/posts\/544"}],"collection":[{"href":"https:\/\/www.noguerranonato.org\/lottare\/wp-json\/wp\/v2\/posts"}],"about":[{"href":"https:\/\/www.noguerranonato.org\/lottare\/wp-json\/wp\/v2\/types\/post"}],"author":[{"embeddable":true,"href":"https:\/\/www.noguerranonato.org\/lottare\/wp-json\/wp\/v2\/users\/3"}],"replies":[{"embeddable":true,"href":"https:\/\/www.noguerranonato.org\/lottare\/wp-json\/wp\/v2\/comments?post=544"}],"version-history":[{"count":1,"href":"https:\/\/www.noguerranonato.org\/lottare\/wp-json\/wp\/v2\/posts\/544\/revisions"}],"predecessor-version":[{"id":548,"href":"https:\/\/www.noguerranonato.org\/lottare\/wp-json\/wp\/v2\/posts\/544\/revisions\/548"}],"wp:featuredmedia":[{"embeddable":true,"href":"https:\/\/www.noguerranonato.org\/lottare\/wp-json\/wp\/v2\/media\/545"}],"wp:attachment":[{"href":"https:\/\/www.noguerranonato.org\/lottare\/wp-json\/wp\/v2\/media?parent=544"}],"wp:term":[{"taxonomy":"category","embeddable":true,"href":"https:\/\/www.noguerranonato.org\/lottare\/wp-json\/wp\/v2\/categories?post=544"},{"taxonomy":"post_tag","embeddable":true,"href":"https:\/\/www.noguerranonato.org\/lottare\/wp-json\/wp\/v2\/tags?post=544"}],"curies":[{"name":"wp","href":"https:\/\/api.w.org\/{rel}","templated":true}]}}