{"id":684,"date":"2025-02-03T11:34:01","date_gmt":"2025-02-03T10:34:01","guid":{"rendered":"https:\/\/www.noguerranonato.org\/lottare\/?p=684"},"modified":"2025-02-03T11:34:02","modified_gmt":"2025-02-03T10:34:02","slug":"assemblea-contro-il-ddl-sicurezza-a-laquila","status":"publish","type":"post","link":"https:\/\/www.noguerranonato.org\/lottare\/2025\/02\/03\/assemblea-contro-il-ddl-sicurezza-a-laquila\/","title":{"rendered":"Assemblea contro il Ddl Sicurezza a L&#8217;Aquila"},"content":{"rendered":"<div class=\"wp-block-image\">\n<figure class=\"aligncenter size-large is-resized\"><img loading=\"lazy\" decoding=\"async\" width=\"1024\" height=\"819\" src=\"https:\/\/www.noguerranonato.org\/lottare\/wp-content\/uploads\/sites\/3\/2025\/02\/30-1024x819.jpg\" alt=\"\" class=\"wp-image-685\" style=\"width:591px;height:auto\" srcset=\"https:\/\/www.noguerranonato.org\/lottare\/wp-content\/uploads\/sites\/3\/2025\/02\/30-1024x819.jpg 1024w, https:\/\/www.noguerranonato.org\/lottare\/wp-content\/uploads\/sites\/3\/2025\/02\/30-300x240.jpg 300w, https:\/\/www.noguerranonato.org\/lottare\/wp-content\/uploads\/sites\/3\/2025\/02\/30-768x614.jpg 768w, https:\/\/www.noguerranonato.org\/lottare\/wp-content\/uploads\/sites\/3\/2025\/02\/30.jpg 1280w\" sizes=\"(max-width: 1024px) 100vw, 1024px\" \/><\/figure><\/div>\n\n\n<p>Si \u00e8 svolta ieri pomeriggio a L\u2019Aquila, in Piazza Regina Margherita, un\u2019assemblea pubblica contro il DDL sicurezza.<br>L\u2019assemblea ha visto la partecipazione di tant\u0259 cittadin\u0259, associazioni e collettivi provenienti non solo dal territorio aquilano ma anche da Teramo e Giulianova con la<a href=\"https:\/\/www.instagram.com\/casadelpopoloteramo\/\"> Casa del Popolo di Teramo<\/a> e il <a href=\"https:\/\/www.instagram.com\/campetto.occupato\/\">Campetto Occupato<\/a>.<br>Un momento di confronto e discussione collettiva importantissimo che ci ha visti uniti contro un disegno di legge che vuole criminalizzare chi lotta e resiste nei territori, oltre che marginalizzare le soggettivit\u00e0 sociali pi\u00f9 fragili.<\/p>\n\n\n\n<p>Pensiamo sia necessario fare rete, e organizzarsi collettivamente per reagire agli attacchi repressivi che gi\u00e0 avvengono nelle nostre citt\u00e0 e che il disegno di legge render\u00e0 solo pi\u00f9 facili da attuare.<\/p>\n\n\n\n<p>Questo \u00e8 solo un primo passo, perch\u00e9 crediamo sia necessario organizzarci in altri momenti di dissenso collettivo e di piazza. Intanto continueremo con i prossimi appuntamenti di protesta a Sulmona contro il progetto Snam e a Terni in solidariet\u00e0 con Anan Yaeesh e i prigionieri politici palestinesi, per poi convergere insieme nel corteo dell\u20198 marzo a L\u2019Aquila organizzato dal collettivo <a href=\"https:\/\/t.me\/fuorigenere\">Fuorigenere<\/a> per portare in piazza il nostro dissenso verso questo disegno di legge nello sciopero globale transfemminista.<\/p>\n\n\n\n<p>Ma la mobilitazione non finir\u00e0 qui, se vuoi partecipare nella costruzione delle prossime mobilitazioni scrivici o partecipa alle assemblee politiche del mercoled\u00ec alle ore 19 a <a href=\"https:\/\/www.instagram.com\/casematteaq\/\">Casematte<\/a>!<\/p>\n","protected":false},"excerpt":{"rendered":"<p>Si \u00e8 svolta ieri pomeriggio a L\u2019Aquila, in Piazza Regina Margherita, un\u2019assemblea pubblica contro il DDL sicurezza.L\u2019assemblea ha visto la partecipazione di tant\u0259 cittadin\u0259, associazioni e collettivi provenienti non solo dal territorio aquilano ma anche da Teramo e Giulianova con la Casa del Popolo di Teramo e il Campetto Occupato.Un momento di confronto e discussione&hellip;&nbsp;<a href=\"https:\/\/www.noguerranonato.org\/lottare\/2025\/02\/03\/assemblea-contro-il-ddl-sicurezza-a-laquila\/\" class=\"\" rel=\"bookmark\">Leggi tutto &raquo;<span class=\"screen-reader-text\">Assemblea contro il Ddl Sicurezza a L&#8217;Aquila<\/span><\/a><\/p>\n","protected":false},"author":3,"featured_media":685,"comment_status":"closed","ping_status":"closed","sticky":false,"template":"","format":"standard","meta":{"neve_meta_sidebar":"","neve_meta_container":"","neve_meta_enable_content_width":"","neve_meta_content_width":0,"neve_meta_title_alignment":"center","neve_meta_author_avatar":"","neve_post_elements_order":"[\"title\",\"meta\",\"content\",\"tags\"]","neve_meta_disable_header":"","neve_meta_disable_footer":"","neve_meta_disable_title":"","footnotes":""},"categories":[1],"tags":[],"class_list":["post-684","post","type-post","status-publish","format-standard","has-post-thumbnail","hentry","category-news-dalla-rete"],"yoast_head":"<!-- This site is optimized with the Yoast SEO plugin v23.9 - https:\/\/yoast.com\/wordpress\/plugins\/seo\/ -->\n<title>Assemblea contro il Ddl Sicurezza a L&#039;Aquila - Rete Liberi\/e di Lottare<\/title>\n<meta name=\"robots\" content=\"index, follow, max-snippet:-1, max-image-preview:large, max-video-preview:-1\" \/>\n<link rel=\"canonical\" href=\"https:\/\/www.noguerranonato.org\/lottare\/2025\/02\/03\/assemblea-contro-il-ddl-sicurezza-a-laquila\/\" \/>\n<meta property=\"og:locale\" content=\"it_IT\" \/>\n<meta property=\"og:type\" content=\"article\" \/>\n<meta property=\"og:title\" content=\"Assemblea contro il Ddl Sicurezza a L&#039;Aquila - Rete Liberi\/e di Lottare\" \/>\n<meta property=\"og:description\" content=\"Si \u00e8 svolta ieri pomeriggio a L\u2019Aquila, in Piazza Regina Margherita, un\u2019assemblea pubblica contro il DDL sicurezza.L\u2019assemblea ha visto la partecipazione di tant\u0259 cittadin\u0259, associazioni e collettivi provenienti non solo dal territorio aquilano ma anche da Teramo e Giulianova con la Casa del Popolo di Teramo e il Campetto Occupato.Un momento di confronto e discussione&hellip;&nbsp;Leggi tutto &raquo;Assemblea contro il Ddl Sicurezza a L&#8217;Aquila\" \/>\n<meta property=\"og:url\" content=\"https:\/\/www.noguerranonato.org\/lottare\/2025\/02\/03\/assemblea-contro-il-ddl-sicurezza-a-laquila\/\" \/>\n<meta property=\"og:site_name\" content=\"Rete Liberi\/e di Lottare\" \/>\n<meta property=\"article:published_time\" content=\"2025-02-03T10:34:01+00:00\" \/>\n<meta property=\"article:modified_time\" content=\"2025-02-03T10:34:02+00:00\" \/>\n<meta property=\"og:image\" content=\"https:\/\/www.noguerranonato.org\/lottare\/wp-content\/uploads\/sites\/3\/2025\/02\/30.jpg\" \/>\n\t<meta property=\"og:image:width\" content=\"1280\" \/>\n\t<meta property=\"og:image:height\" content=\"1024\" \/>\n\t<meta property=\"og:image:type\" content=\"image\/jpeg\" \/>\n<meta name=\"author\" content=\"reteliberi\" \/>\n<meta name=\"twitter:card\" content=\"summary_large_image\" \/>\n<meta name=\"twitter:label1\" content=\"Scritto da\" \/>\n\t<meta name=\"twitter:data1\" content=\"reteliberi\" \/>\n\t<meta name=\"twitter:label2\" content=\"Tempo di lettura stimato\" \/>\n\t<meta name=\"twitter:data2\" content=\"2 minuti\" \/>\n<script type=\"application\/ld+json\" class=\"yoast-schema-graph\">{\"@context\":\"https:\/\/schema.org\",\"@graph\":[{\"@type\":\"WebPage\",\"@id\":\"https:\/\/www.noguerranonato.org\/lottare\/2025\/02\/03\/assemblea-contro-il-ddl-sicurezza-a-laquila\/\",\"url\":\"https:\/\/www.noguerranonato.org\/lottare\/2025\/02\/03\/assemblea-contro-il-ddl-sicurezza-a-laquila\/\",\"name\":\"Assemblea contro il Ddl Sicurezza a L'Aquila - Rete Liberi\/e di Lottare\",\"isPartOf\":{\"@id\":\"https:\/\/www.noguerranonato.org\/lottare\/#website\"},\"primaryImageOfPage\":{\"@id\":\"https:\/\/www.noguerranonato.org\/lottare\/2025\/02\/03\/assemblea-contro-il-ddl-sicurezza-a-laquila\/#primaryimage\"},\"image\":{\"@id\":\"https:\/\/www.noguerranonato.org\/lottare\/2025\/02\/03\/assemblea-contro-il-ddl-sicurezza-a-laquila\/#primaryimage\"},\"thumbnailUrl\":\"https:\/\/www.noguerranonato.org\/lottare\/wp-content\/uploads\/sites\/3\/2025\/02\/30.jpg\",\"datePublished\":\"2025-02-03T10:34:01+00:00\",\"dateModified\":\"2025-02-03T10:34:02+00:00\",\"author\":{\"@id\":\"https:\/\/www.noguerranonato.org\/lottare\/#\/schema\/person\/64e56d38f26eddb374b3b3c7d5720bf9\"},\"breadcrumb\":{\"@id\":\"https:\/\/www.noguerranonato.org\/lottare\/2025\/02\/03\/assemblea-contro-il-ddl-sicurezza-a-laquila\/#breadcrumb\"},\"inLanguage\":\"it-IT\",\"potentialAction\":[{\"@type\":\"ReadAction\",\"target\":[\"https:\/\/www.noguerranonato.org\/lottare\/2025\/02\/03\/assemblea-contro-il-ddl-sicurezza-a-laquila\/\"]}]},{\"@type\":\"ImageObject\",\"inLanguage\":\"it-IT\",\"@id\":\"https:\/\/www.noguerranonato.org\/lottare\/2025\/02\/03\/assemblea-contro-il-ddl-sicurezza-a-laquila\/#primaryimage\",\"url\":\"https:\/\/www.noguerranonato.org\/lottare\/wp-content\/uploads\/sites\/3\/2025\/02\/30.jpg\",\"contentUrl\":\"https:\/\/www.noguerranonato.org\/lottare\/wp-content\/uploads\/sites\/3\/2025\/02\/30.jpg\",\"width\":1280,\"height\":1024},{\"@type\":\"BreadcrumbList\",\"@id\":\"https:\/\/www.noguerranonato.org\/lottare\/2025\/02\/03\/assemblea-contro-il-ddl-sicurezza-a-laquila\/#breadcrumb\",\"itemListElement\":[{\"@type\":\"ListItem\",\"position\":1,\"name\":\"Home\",\"item\":\"https:\/\/www.noguerranonato.org\/lottare\/\"},{\"@type\":\"ListItem\",\"position\":2,\"name\":\"Assemblea contro il Ddl Sicurezza a L&#8217;Aquila\"}]},{\"@type\":\"WebSite\",\"@id\":\"https:\/\/www.noguerranonato.org\/lottare\/#website\",\"url\":\"https:\/\/www.noguerranonato.org\/lottare\/\",\"name\":\"Rete Liberi\/e di Lottare\",\"description\":\"\",\"potentialAction\":[{\"@type\":\"SearchAction\",\"target\":{\"@type\":\"EntryPoint\",\"urlTemplate\":\"https:\/\/www.noguerranonato.org\/lottare\/?s={search_term_string}\"},\"query-input\":{\"@type\":\"PropertyValueSpecification\",\"valueRequired\":true,\"valueName\":\"search_term_string\"}}],\"inLanguage\":\"it-IT\"},{\"@type\":\"Person\",\"@id\":\"https:\/\/www.noguerranonato.org\/lottare\/#\/schema\/person\/64e56d38f26eddb374b3b3c7d5720bf9\",\"name\":\"reteliberi\",\"url\":\"https:\/\/www.noguerranonato.org\/lottare\/author\/reteliberi\/\"}]}<\/script>\n<!-- \/ Yoast SEO plugin. -->","yoast_head_json":{"title":"Assemblea contro il Ddl Sicurezza a L'Aquila - Rete Liberi\/e di Lottare","robots":{"index":"index","follow":"follow","max-snippet":"max-snippet:-1","max-image-preview":"max-image-preview:large","max-video-preview":"max-video-preview:-1"},"canonical":"https:\/\/www.noguerranonato.org\/lottare\/2025\/02\/03\/assemblea-contro-il-ddl-sicurezza-a-laquila\/","og_locale":"it_IT","og_type":"article","og_title":"Assemblea contro il Ddl Sicurezza a L'Aquila - Rete Liberi\/e di Lottare","og_description":"Si \u00e8 svolta ieri pomeriggio a L\u2019Aquila, in Piazza Regina Margherita, un\u2019assemblea pubblica contro il DDL sicurezza.L\u2019assemblea ha visto la partecipazione di tant\u0259 cittadin\u0259, associazioni e collettivi provenienti non solo dal territorio aquilano ma anche da Teramo e Giulianova con la Casa del Popolo di Teramo e il Campetto Occupato.Un momento di confronto e discussione&hellip;&nbsp;Leggi tutto &raquo;Assemblea contro il Ddl Sicurezza a L&#8217;Aquila","og_url":"https:\/\/www.noguerranonato.org\/lottare\/2025\/02\/03\/assemblea-contro-il-ddl-sicurezza-a-laquila\/","og_site_name":"Rete Liberi\/e di Lottare","article_published_time":"2025-02-03T10:34:01+00:00","article_modified_time":"2025-02-03T10:34:02+00:00","og_image":[{"width":1280,"height":1024,"url":"https:\/\/www.noguerranonato.org\/lottare\/wp-content\/uploads\/sites\/3\/2025\/02\/30.jpg","type":"image\/jpeg"}],"author":"reteliberi","twitter_card":"summary_large_image","twitter_misc":{"Scritto da":"reteliberi","Tempo di lettura stimato":"2 minuti"},"schema":{"@context":"https:\/\/schema.org","@graph":[{"@type":"WebPage","@id":"https:\/\/www.noguerranonato.org\/lottare\/2025\/02\/03\/assemblea-contro-il-ddl-sicurezza-a-laquila\/","url":"https:\/\/www.noguerranonato.org\/lottare\/2025\/02\/03\/assemblea-contro-il-ddl-sicurezza-a-laquila\/","name":"Assemblea contro il Ddl Sicurezza a L'Aquila - Rete Liberi\/e di Lottare","isPartOf":{"@id":"https:\/\/www.noguerranonato.org\/lottare\/#website"},"primaryImageOfPage":{"@id":"https:\/\/www.noguerranonato.org\/lottare\/2025\/02\/03\/assemblea-contro-il-ddl-sicurezza-a-laquila\/#primaryimage"},"image":{"@id":"https:\/\/www.noguerranonato.org\/lottare\/2025\/02\/03\/assemblea-contro-il-ddl-sicurezza-a-laquila\/#primaryimage"},"thumbnailUrl":"https:\/\/www.noguerranonato.org\/lottare\/wp-content\/uploads\/sites\/3\/2025\/02\/30.jpg","datePublished":"2025-02-03T10:34:01+00:00","dateModified":"2025-02-03T10:34:02+00:00","author":{"@id":"https:\/\/www.noguerranonato.org\/lottare\/#\/schema\/person\/64e56d38f26eddb374b3b3c7d5720bf9"},"breadcrumb":{"@id":"https:\/\/www.noguerranonato.org\/lottare\/2025\/02\/03\/assemblea-contro-il-ddl-sicurezza-a-laquila\/#breadcrumb"},"inLanguage":"it-IT","potentialAction":[{"@type":"ReadAction","target":["https:\/\/www.noguerranonato.org\/lottare\/2025\/02\/03\/assemblea-contro-il-ddl-sicurezza-a-laquila\/"]}]},{"@type":"ImageObject","inLanguage":"it-IT","@id":"https:\/\/www.noguerranonato.org\/lottare\/2025\/02\/03\/assemblea-contro-il-ddl-sicurezza-a-laquila\/#primaryimage","url":"https:\/\/www.noguerranonato.org\/lottare\/wp-content\/uploads\/sites\/3\/2025\/02\/30.jpg","contentUrl":"https:\/\/www.noguerranonato.org\/lottare\/wp-content\/uploads\/sites\/3\/2025\/02\/30.jpg","width":1280,"height":1024},{"@type":"BreadcrumbList","@id":"https:\/\/www.noguerranonato.org\/lottare\/2025\/02\/03\/assemblea-contro-il-ddl-sicurezza-a-laquila\/#breadcrumb","itemListElement":[{"@type":"ListItem","position":1,"name":"Home","item":"https:\/\/www.noguerranonato.org\/lottare\/"},{"@type":"ListItem","position":2,"name":"Assemblea contro il Ddl Sicurezza a L&#8217;Aquila"}]},{"@type":"WebSite","@id":"https:\/\/www.noguerranonato.org\/lottare\/#website","url":"https:\/\/www.noguerranonato.org\/lottare\/","name":"Rete Liberi\/e di Lottare","description":"","potentialAction":[{"@type":"SearchAction","target":{"@type":"EntryPoint","urlTemplate":"https:\/\/www.noguerranonato.org\/lottare\/?s={search_term_string}"},"query-input":{"@type":"PropertyValueSpecification","valueRequired":true,"valueName":"search_term_string"}}],"inLanguage":"it-IT"},{"@type":"Person","@id":"https:\/\/www.noguerranonato.org\/lottare\/#\/schema\/person\/64e56d38f26eddb374b3b3c7d5720bf9","name":"reteliberi","url":"https:\/\/www.noguerranonato.org\/lottare\/author\/reteliberi\/"}]}},"_links":{"self":[{"href":"https:\/\/www.noguerranonato.org\/lottare\/wp-json\/wp\/v2\/posts\/684"}],"collection":[{"href":"https:\/\/www.noguerranonato.org\/lottare\/wp-json\/wp\/v2\/posts"}],"about":[{"href":"https:\/\/www.noguerranonato.org\/lottare\/wp-json\/wp\/v2\/types\/post"}],"author":[{"embeddable":true,"href":"https:\/\/www.noguerranonato.org\/lottare\/wp-json\/wp\/v2\/users\/3"}],"replies":[{"embeddable":true,"href":"https:\/\/www.noguerranonato.org\/lottare\/wp-json\/wp\/v2\/comments?post=684"}],"version-history":[{"count":1,"href":"https:\/\/www.noguerranonato.org\/lottare\/wp-json\/wp\/v2\/posts\/684\/revisions"}],"predecessor-version":[{"id":686,"href":"https:\/\/www.noguerranonato.org\/lottare\/wp-json\/wp\/v2\/posts\/684\/revisions\/686"}],"wp:featuredmedia":[{"embeddable":true,"href":"https:\/\/www.noguerranonato.org\/lottare\/wp-json\/wp\/v2\/media\/685"}],"wp:attachment":[{"href":"https:\/\/www.noguerranonato.org\/lottare\/wp-json\/wp\/v2\/media?parent=684"}],"wp:term":[{"taxonomy":"category","embeddable":true,"href":"https:\/\/www.noguerranonato.org\/lottare\/wp-json\/wp\/v2\/categories?post=684"},{"taxonomy":"post_tag","embeddable":true,"href":"https:\/\/www.noguerranonato.org\/lottare\/wp-json\/wp\/v2\/tags?post=684"}],"curies":[{"name":"wp","href":"https:\/\/api.w.org\/{rel}","templated":true}]}}