{"id":738,"date":"2025-02-09T23:27:38","date_gmt":"2025-02-09T22:27:38","guid":{"rendered":"https:\/\/www.noguerranonato.org\/lottare\/?p=738"},"modified":"2025-02-09T23:27:39","modified_gmt":"2025-02-09T22:27:39","slug":"firenze-rifiuta-zone-rosse-e-repressione","status":"publish","type":"post","link":"https:\/\/www.noguerranonato.org\/lottare\/2025\/02\/09\/firenze-rifiuta-zone-rosse-e-repressione\/","title":{"rendered":"FIRENZE RIFIUTA ZONE ROSSE E REPRESSIONE!"},"content":{"rendered":"\n<p>Riportiamo il comunicato del <a href=\"https:\/\/www.instagram.com\/cpafisud\/\">CPA Firenze Sud<\/a><\/p>\n\n\n<div class=\"wp-block-image\">\n<figure class=\"aligncenter size-large is-resized\"><img loading=\"lazy\" decoding=\"async\" width=\"1024\" height=\"899\" src=\"https:\/\/www.noguerranonato.org\/lottare\/wp-content\/uploads\/sites\/3\/2025\/02\/1-9-1024x899.jpg\" alt=\"\" class=\"wp-image-739\" style=\"width:577px;height:auto\" srcset=\"https:\/\/www.noguerranonato.org\/lottare\/wp-content\/uploads\/sites\/3\/2025\/02\/1-9-1024x899.jpg 1024w, https:\/\/www.noguerranonato.org\/lottare\/wp-content\/uploads\/sites\/3\/2025\/02\/1-9-300x263.jpg 300w, https:\/\/www.noguerranonato.org\/lottare\/wp-content\/uploads\/sites\/3\/2025\/02\/1-9-768x674.jpg 768w, https:\/\/www.noguerranonato.org\/lottare\/wp-content\/uploads\/sites\/3\/2025\/02\/1-9.jpg 1080w\" sizes=\"(max-width: 1024px) 100vw, 1024px\" \/><\/figure><\/div>\n\n\n<p>Un quartiere sotto sequestro, e poi cos\u2019altro ci aspetta?<br>Il 3 e 4 febbraio Firenze ha subito l\u2019oltraggio di dover ospitare un convegno sionista. Relatori oltre a Marco Carrai console \u201conorario\u201d dell\u2019entit\u00e0 s\u03b9\u03bfnista, anche due ufficiali dell\u2019esercito dell\u2019entit\u00e0 sionista, due criminali di guerra che nonostante il loro contributo all\u2019esecuzione di un genocidio hanno potuto essere presenti grazie all\u2019impunit\u00e0 garantita dalle nostre istituzioni ai rappresentanti dello stato s\u03b9\u03bfn\u03b9sta. Nonostante il poco tempo a disposizione per poter organizzare una mobilitazione adeguata che mettesse in discussione l\u2019appuntamento, numerosi solidali si sono ritrovati non solo per contestare il convegno e le varie posizioni di complicit\u00e0, a partire da quella dell\u2019universit\u00e0 di Firenze, ma anche per riaffermare la solidariet\u00e0 verso la Resistenza PaI\u03b5s\u03c4\u03b9n\u0437se.<br>Detto questo, ci teniamo a sottolineare un fatto che in pochi stanno evidenziando: per garantire un ignobile convegno, \u00e8 stato messo sotto sequestro un quartiere. Tutto bloccato, nessuno poteva transitare, nemmeno a piedi, per via de Benci, piazza s. Croce compresa. Una zona rossa insomma, che a vedere bene non \u00e8 una novit\u00e0 a Firenze, citt\u00e0 in cui l\u2019ignobile e falsa equiparazione tra ant\u03b9on\u03b9smo ed antise\u03bc\u03b9\u03c4\u03b9smo vede il divieto sistematico ai cortei di solidariet\u00e0 per la Palestina a transitare per tutto un quadrante di centro storico, con la scusa della vicinanza della Sinagoga ritenuta \u201cobiettivo sensibile\u201d.<br>Le tanto decantate zone rosse, strumento rivendicato tanto dal centrodestra quanto dal centrosinistra come dispositivo a tutela della \u201csicurezza\u201d delle persone, sono state quindi realizzate senza problemi.<br>La zona rossa come strumento per \u201cl\u2019ordine pubblico\u201d. La zona rossa che deve diventare la normalit\u00e0. Riteniamo necessario fare in modo che quanto successo il 3 febbraio sia da insegnamento per chi vuole praticare il conflitto sociale contro lo stato di cose presenti.<br>Riteniamo centrale in questo momento identificare le zone rosse come uno strumento di quella repressione che tra strumenti amministrativi e ddl sicurezza sta restringendo sempre di pi\u00f9 lo spazio di agibilit\u00e0 per lavoratori e lavoratrici di rivendicare una societ\u00e0 diversa, che veda soddisfatte le loro necessit\u00e0 e non quelle del capitale.<\/p>\n","protected":false},"excerpt":{"rendered":"<p>Riportiamo il comunicato del CPA Firenze Sud Un quartiere sotto sequestro, e poi cos\u2019altro ci aspetta?Il 3 e 4 febbraio Firenze ha subito l\u2019oltraggio di dover ospitare un convegno sionista. Relatori oltre a Marco Carrai console \u201conorario\u201d dell\u2019entit\u00e0 s\u03b9\u03bfnista, anche due ufficiali dell\u2019esercito dell\u2019entit\u00e0 sionista, due criminali di guerra che nonostante il loro contributo all\u2019esecuzione&hellip;&nbsp;<a href=\"https:\/\/www.noguerranonato.org\/lottare\/2025\/02\/09\/firenze-rifiuta-zone-rosse-e-repressione\/\" class=\"\" rel=\"bookmark\">Leggi tutto &raquo;<span class=\"screen-reader-text\">FIRENZE RIFIUTA ZONE ROSSE E REPRESSIONE!<\/span><\/a><\/p>\n","protected":false},"author":3,"featured_media":739,"comment_status":"closed","ping_status":"closed","sticky":false,"template":"","format":"standard","meta":{"neve_meta_sidebar":"","neve_meta_container":"","neve_meta_enable_content_width":"","neve_meta_content_width":0,"neve_meta_title_alignment":"center","neve_meta_author_avatar":"","neve_post_elements_order":"[\"title\",\"meta\",\"content\",\"tags\"]","neve_meta_disable_header":"","neve_meta_disable_footer":"","neve_meta_disable_title":"","footnotes":""},"categories":[1],"tags":[],"class_list":["post-738","post","type-post","status-publish","format-standard","has-post-thumbnail","hentry","category-news-dalla-rete"],"yoast_head":"<!-- This site is optimized with the Yoast SEO plugin v23.9 - https:\/\/yoast.com\/wordpress\/plugins\/seo\/ -->\n<title>FIRENZE RIFIUTA ZONE ROSSE E REPRESSIONE! - Rete Liberi\/e di Lottare<\/title>\n<meta name=\"robots\" content=\"index, follow, max-snippet:-1, max-image-preview:large, max-video-preview:-1\" \/>\n<link rel=\"canonical\" href=\"https:\/\/www.noguerranonato.org\/lottare\/2025\/02\/09\/firenze-rifiuta-zone-rosse-e-repressione\/\" \/>\n<meta property=\"og:locale\" content=\"it_IT\" \/>\n<meta property=\"og:type\" content=\"article\" \/>\n<meta property=\"og:title\" content=\"FIRENZE RIFIUTA ZONE ROSSE E REPRESSIONE! - Rete Liberi\/e di Lottare\" \/>\n<meta property=\"og:description\" content=\"Riportiamo il comunicato del CPA Firenze Sud Un quartiere sotto sequestro, e poi cos\u2019altro ci aspetta?Il 3 e 4 febbraio Firenze ha subito l\u2019oltraggio di dover ospitare un convegno sionista. Relatori oltre a Marco Carrai console \u201conorario\u201d dell\u2019entit\u00e0 s\u03b9\u03bfnista, anche due ufficiali dell\u2019esercito dell\u2019entit\u00e0 sionista, due criminali di guerra che nonostante il loro contributo all\u2019esecuzione&hellip;&nbsp;Leggi tutto &raquo;FIRENZE RIFIUTA ZONE ROSSE E REPRESSIONE!\" \/>\n<meta property=\"og:url\" content=\"https:\/\/www.noguerranonato.org\/lottare\/2025\/02\/09\/firenze-rifiuta-zone-rosse-e-repressione\/\" \/>\n<meta property=\"og:site_name\" content=\"Rete Liberi\/e di Lottare\" \/>\n<meta property=\"article:published_time\" content=\"2025-02-09T22:27:38+00:00\" \/>\n<meta property=\"article:modified_time\" content=\"2025-02-09T22:27:39+00:00\" \/>\n<meta property=\"og:image\" content=\"https:\/\/www.noguerranonato.org\/lottare\/wp-content\/uploads\/sites\/3\/2025\/02\/1-9.jpg\" \/>\n\t<meta property=\"og:image:width\" content=\"1080\" \/>\n\t<meta property=\"og:image:height\" content=\"948\" \/>\n\t<meta property=\"og:image:type\" content=\"image\/jpeg\" \/>\n<meta name=\"author\" content=\"reteliberi\" \/>\n<meta name=\"twitter:card\" content=\"summary_large_image\" \/>\n<meta name=\"twitter:label1\" content=\"Scritto da\" \/>\n\t<meta name=\"twitter:data1\" content=\"reteliberi\" \/>\n\t<meta name=\"twitter:label2\" content=\"Tempo di lettura stimato\" \/>\n\t<meta name=\"twitter:data2\" content=\"3 minuti\" \/>\n<script type=\"application\/ld+json\" class=\"yoast-schema-graph\">{\"@context\":\"https:\/\/schema.org\",\"@graph\":[{\"@type\":\"WebPage\",\"@id\":\"https:\/\/www.noguerranonato.org\/lottare\/2025\/02\/09\/firenze-rifiuta-zone-rosse-e-repressione\/\",\"url\":\"https:\/\/www.noguerranonato.org\/lottare\/2025\/02\/09\/firenze-rifiuta-zone-rosse-e-repressione\/\",\"name\":\"FIRENZE RIFIUTA ZONE ROSSE E REPRESSIONE! - Rete Liberi\/e di Lottare\",\"isPartOf\":{\"@id\":\"https:\/\/www.noguerranonato.org\/lottare\/#website\"},\"primaryImageOfPage\":{\"@id\":\"https:\/\/www.noguerranonato.org\/lottare\/2025\/02\/09\/firenze-rifiuta-zone-rosse-e-repressione\/#primaryimage\"},\"image\":{\"@id\":\"https:\/\/www.noguerranonato.org\/lottare\/2025\/02\/09\/firenze-rifiuta-zone-rosse-e-repressione\/#primaryimage\"},\"thumbnailUrl\":\"https:\/\/www.noguerranonato.org\/lottare\/wp-content\/uploads\/sites\/3\/2025\/02\/1-9.jpg\",\"datePublished\":\"2025-02-09T22:27:38+00:00\",\"dateModified\":\"2025-02-09T22:27:39+00:00\",\"author\":{\"@id\":\"https:\/\/www.noguerranonato.org\/lottare\/#\/schema\/person\/64e56d38f26eddb374b3b3c7d5720bf9\"},\"breadcrumb\":{\"@id\":\"https:\/\/www.noguerranonato.org\/lottare\/2025\/02\/09\/firenze-rifiuta-zone-rosse-e-repressione\/#breadcrumb\"},\"inLanguage\":\"it-IT\",\"potentialAction\":[{\"@type\":\"ReadAction\",\"target\":[\"https:\/\/www.noguerranonato.org\/lottare\/2025\/02\/09\/firenze-rifiuta-zone-rosse-e-repressione\/\"]}]},{\"@type\":\"ImageObject\",\"inLanguage\":\"it-IT\",\"@id\":\"https:\/\/www.noguerranonato.org\/lottare\/2025\/02\/09\/firenze-rifiuta-zone-rosse-e-repressione\/#primaryimage\",\"url\":\"https:\/\/www.noguerranonato.org\/lottare\/wp-content\/uploads\/sites\/3\/2025\/02\/1-9.jpg\",\"contentUrl\":\"https:\/\/www.noguerranonato.org\/lottare\/wp-content\/uploads\/sites\/3\/2025\/02\/1-9.jpg\",\"width\":1080,\"height\":948},{\"@type\":\"BreadcrumbList\",\"@id\":\"https:\/\/www.noguerranonato.org\/lottare\/2025\/02\/09\/firenze-rifiuta-zone-rosse-e-repressione\/#breadcrumb\",\"itemListElement\":[{\"@type\":\"ListItem\",\"position\":1,\"name\":\"Home\",\"item\":\"https:\/\/www.noguerranonato.org\/lottare\/\"},{\"@type\":\"ListItem\",\"position\":2,\"name\":\"FIRENZE RIFIUTA ZONE ROSSE E REPRESSIONE!\"}]},{\"@type\":\"WebSite\",\"@id\":\"https:\/\/www.noguerranonato.org\/lottare\/#website\",\"url\":\"https:\/\/www.noguerranonato.org\/lottare\/\",\"name\":\"Rete Liberi\/e di Lottare\",\"description\":\"\",\"potentialAction\":[{\"@type\":\"SearchAction\",\"target\":{\"@type\":\"EntryPoint\",\"urlTemplate\":\"https:\/\/www.noguerranonato.org\/lottare\/?s={search_term_string}\"},\"query-input\":{\"@type\":\"PropertyValueSpecification\",\"valueRequired\":true,\"valueName\":\"search_term_string\"}}],\"inLanguage\":\"it-IT\"},{\"@type\":\"Person\",\"@id\":\"https:\/\/www.noguerranonato.org\/lottare\/#\/schema\/person\/64e56d38f26eddb374b3b3c7d5720bf9\",\"name\":\"reteliberi\",\"url\":\"https:\/\/www.noguerranonato.org\/lottare\/author\/reteliberi\/\"}]}<\/script>\n<!-- \/ Yoast SEO plugin. -->","yoast_head_json":{"title":"FIRENZE RIFIUTA ZONE ROSSE E REPRESSIONE! - Rete Liberi\/e di Lottare","robots":{"index":"index","follow":"follow","max-snippet":"max-snippet:-1","max-image-preview":"max-image-preview:large","max-video-preview":"max-video-preview:-1"},"canonical":"https:\/\/www.noguerranonato.org\/lottare\/2025\/02\/09\/firenze-rifiuta-zone-rosse-e-repressione\/","og_locale":"it_IT","og_type":"article","og_title":"FIRENZE RIFIUTA ZONE ROSSE E REPRESSIONE! - Rete Liberi\/e di Lottare","og_description":"Riportiamo il comunicato del CPA Firenze Sud Un quartiere sotto sequestro, e poi cos\u2019altro ci aspetta?Il 3 e 4 febbraio Firenze ha subito l\u2019oltraggio di dover ospitare un convegno sionista. Relatori oltre a Marco Carrai console \u201conorario\u201d dell\u2019entit\u00e0 s\u03b9\u03bfnista, anche due ufficiali dell\u2019esercito dell\u2019entit\u00e0 sionista, due criminali di guerra che nonostante il loro contributo all\u2019esecuzione&hellip;&nbsp;Leggi tutto &raquo;FIRENZE RIFIUTA ZONE ROSSE E REPRESSIONE!","og_url":"https:\/\/www.noguerranonato.org\/lottare\/2025\/02\/09\/firenze-rifiuta-zone-rosse-e-repressione\/","og_site_name":"Rete Liberi\/e di Lottare","article_published_time":"2025-02-09T22:27:38+00:00","article_modified_time":"2025-02-09T22:27:39+00:00","og_image":[{"width":1080,"height":948,"url":"https:\/\/www.noguerranonato.org\/lottare\/wp-content\/uploads\/sites\/3\/2025\/02\/1-9.jpg","type":"image\/jpeg"}],"author":"reteliberi","twitter_card":"summary_large_image","twitter_misc":{"Scritto da":"reteliberi","Tempo di lettura stimato":"3 minuti"},"schema":{"@context":"https:\/\/schema.org","@graph":[{"@type":"WebPage","@id":"https:\/\/www.noguerranonato.org\/lottare\/2025\/02\/09\/firenze-rifiuta-zone-rosse-e-repressione\/","url":"https:\/\/www.noguerranonato.org\/lottare\/2025\/02\/09\/firenze-rifiuta-zone-rosse-e-repressione\/","name":"FIRENZE RIFIUTA ZONE ROSSE E REPRESSIONE! - Rete Liberi\/e di Lottare","isPartOf":{"@id":"https:\/\/www.noguerranonato.org\/lottare\/#website"},"primaryImageOfPage":{"@id":"https:\/\/www.noguerranonato.org\/lottare\/2025\/02\/09\/firenze-rifiuta-zone-rosse-e-repressione\/#primaryimage"},"image":{"@id":"https:\/\/www.noguerranonato.org\/lottare\/2025\/02\/09\/firenze-rifiuta-zone-rosse-e-repressione\/#primaryimage"},"thumbnailUrl":"https:\/\/www.noguerranonato.org\/lottare\/wp-content\/uploads\/sites\/3\/2025\/02\/1-9.jpg","datePublished":"2025-02-09T22:27:38+00:00","dateModified":"2025-02-09T22:27:39+00:00","author":{"@id":"https:\/\/www.noguerranonato.org\/lottare\/#\/schema\/person\/64e56d38f26eddb374b3b3c7d5720bf9"},"breadcrumb":{"@id":"https:\/\/www.noguerranonato.org\/lottare\/2025\/02\/09\/firenze-rifiuta-zone-rosse-e-repressione\/#breadcrumb"},"inLanguage":"it-IT","potentialAction":[{"@type":"ReadAction","target":["https:\/\/www.noguerranonato.org\/lottare\/2025\/02\/09\/firenze-rifiuta-zone-rosse-e-repressione\/"]}]},{"@type":"ImageObject","inLanguage":"it-IT","@id":"https:\/\/www.noguerranonato.org\/lottare\/2025\/02\/09\/firenze-rifiuta-zone-rosse-e-repressione\/#primaryimage","url":"https:\/\/www.noguerranonato.org\/lottare\/wp-content\/uploads\/sites\/3\/2025\/02\/1-9.jpg","contentUrl":"https:\/\/www.noguerranonato.org\/lottare\/wp-content\/uploads\/sites\/3\/2025\/02\/1-9.jpg","width":1080,"height":948},{"@type":"BreadcrumbList","@id":"https:\/\/www.noguerranonato.org\/lottare\/2025\/02\/09\/firenze-rifiuta-zone-rosse-e-repressione\/#breadcrumb","itemListElement":[{"@type":"ListItem","position":1,"name":"Home","item":"https:\/\/www.noguerranonato.org\/lottare\/"},{"@type":"ListItem","position":2,"name":"FIRENZE RIFIUTA ZONE ROSSE E REPRESSIONE!"}]},{"@type":"WebSite","@id":"https:\/\/www.noguerranonato.org\/lottare\/#website","url":"https:\/\/www.noguerranonato.org\/lottare\/","name":"Rete Liberi\/e di Lottare","description":"","potentialAction":[{"@type":"SearchAction","target":{"@type":"EntryPoint","urlTemplate":"https:\/\/www.noguerranonato.org\/lottare\/?s={search_term_string}"},"query-input":{"@type":"PropertyValueSpecification","valueRequired":true,"valueName":"search_term_string"}}],"inLanguage":"it-IT"},{"@type":"Person","@id":"https:\/\/www.noguerranonato.org\/lottare\/#\/schema\/person\/64e56d38f26eddb374b3b3c7d5720bf9","name":"reteliberi","url":"https:\/\/www.noguerranonato.org\/lottare\/author\/reteliberi\/"}]}},"_links":{"self":[{"href":"https:\/\/www.noguerranonato.org\/lottare\/wp-json\/wp\/v2\/posts\/738"}],"collection":[{"href":"https:\/\/www.noguerranonato.org\/lottare\/wp-json\/wp\/v2\/posts"}],"about":[{"href":"https:\/\/www.noguerranonato.org\/lottare\/wp-json\/wp\/v2\/types\/post"}],"author":[{"embeddable":true,"href":"https:\/\/www.noguerranonato.org\/lottare\/wp-json\/wp\/v2\/users\/3"}],"replies":[{"embeddable":true,"href":"https:\/\/www.noguerranonato.org\/lottare\/wp-json\/wp\/v2\/comments?post=738"}],"version-history":[{"count":1,"href":"https:\/\/www.noguerranonato.org\/lottare\/wp-json\/wp\/v2\/posts\/738\/revisions"}],"predecessor-version":[{"id":740,"href":"https:\/\/www.noguerranonato.org\/lottare\/wp-json\/wp\/v2\/posts\/738\/revisions\/740"}],"wp:featuredmedia":[{"embeddable":true,"href":"https:\/\/www.noguerranonato.org\/lottare\/wp-json\/wp\/v2\/media\/739"}],"wp:attachment":[{"href":"https:\/\/www.noguerranonato.org\/lottare\/wp-json\/wp\/v2\/media?parent=738"}],"wp:term":[{"taxonomy":"category","embeddable":true,"href":"https:\/\/www.noguerranonato.org\/lottare\/wp-json\/wp\/v2\/categories?post=738"},{"taxonomy":"post_tag","embeddable":true,"href":"https:\/\/www.noguerranonato.org\/lottare\/wp-json\/wp\/v2\/tags?post=738"}],"curies":[{"name":"wp","href":"https:\/\/api.w.org\/{rel}","templated":true}]}}