{"id":760,"date":"2025-02-14T18:50:35","date_gmt":"2025-02-14T17:50:35","guid":{"rendered":"https:\/\/www.noguerranonato.org\/lottare\/?p=760"},"modified":"2025-02-14T18:50:36","modified_gmt":"2025-02-14T17:50:36","slug":"gino-resta-in-carcere-a-parigi","status":"publish","type":"post","link":"https:\/\/www.noguerranonato.org\/lottare\/2025\/02\/14\/gino-resta-in-carcere-a-parigi\/","title":{"rendered":"Gino resta in carcere a Parigi"},"content":{"rendered":"<div class=\"wp-block-image\">\n<figure class=\"aligncenter size-large is-resized\"><img loading=\"lazy\" decoding=\"async\" width=\"1024\" height=\"768\" src=\"https:\/\/www.noguerranonato.org\/lottare\/wp-content\/uploads\/sites\/3\/2025\/02\/2-2-1024x768.jpg\" alt=\"\" class=\"wp-image-761\" style=\"width:523px;height:auto\" srcset=\"https:\/\/www.noguerranonato.org\/lottare\/wp-content\/uploads\/sites\/3\/2025\/02\/2-2-1024x768.jpg 1024w, https:\/\/www.noguerranonato.org\/lottare\/wp-content\/uploads\/sites\/3\/2025\/02\/2-2-300x225.jpg 300w, https:\/\/www.noguerranonato.org\/lottare\/wp-content\/uploads\/sites\/3\/2025\/02\/2-2-768x576.jpg 768w, https:\/\/www.noguerranonato.org\/lottare\/wp-content\/uploads\/sites\/3\/2025\/02\/2-2.jpg 1280w\" sizes=\"(max-width: 1024px) 100vw, 1024px\" \/><\/figure><\/div>\n\n\n<p>Il 12 febbraio si \u00e8 tenuta l&#8217;udienza di Gino alla Corte d&#8217;Appello di Parigi<br>La domanda per ottenere i domiciliari \u00e8 stata giudicata ricevibile ma non soddisfacente in quanto il domicilio \u00e8 sconosciuto (lui non ci ha mai abitato) il legame tra Gino e le persone che lo ospiterebbero non \u00e8 comprovato. Quindi Gino dovr\u00e0 restare in carcere.<br>L&#8217;Ungheria il giorno prima dell&#8217;udienza ha inviato ulteriori informazioni (quelle che non erano state consegnate entro tempo massimo) che quindi non hanno avuto modo di essere consultate e valutate.<br>Il primo dossier ungherese era incompleto.<br>\u00c8 stato di conseguenza chiesto pi\u00f9 tempo per trarre delle conclusioni complete.<br>Il 12 marzo ci sar\u00e0 la prossima udienza e discussione dell&#8217;intera documentazione.<br>Gino sembra stare bene, ma rimane in carcere. Sono ancora pi\u00f9 importanti in questo momento le dimostrazioni di solidariet\u00e0 e le azioni di lotta<br>Ci vediamo l&#8217;1 marzo ore 15.00 in piazza Missori a Milano per il CORTEO Free All Antifas!<\/p>\n","protected":false},"excerpt":{"rendered":"<p>Il 12 febbraio si \u00e8 tenuta l&#8217;udienza di Gino alla Corte d&#8217;Appello di ParigiLa domanda per ottenere i domiciliari \u00e8 stata giudicata ricevibile ma non soddisfacente in quanto il domicilio \u00e8 sconosciuto (lui non ci ha mai abitato) il legame tra Gino e le persone che lo ospiterebbero non \u00e8 comprovato. Quindi Gino dovr\u00e0 restare&hellip;&nbsp;<a href=\"https:\/\/www.noguerranonato.org\/lottare\/2025\/02\/14\/gino-resta-in-carcere-a-parigi\/\" class=\"\" rel=\"bookmark\">Leggi tutto &raquo;<span class=\"screen-reader-text\">Gino resta in carcere a Parigi<\/span><\/a><\/p>\n","protected":false},"author":3,"featured_media":761,"comment_status":"closed","ping_status":"closed","sticky":false,"template":"","format":"standard","meta":{"neve_meta_sidebar":"","neve_meta_container":"","neve_meta_enable_content_width":"","neve_meta_content_width":0,"neve_meta_title_alignment":"center","neve_meta_author_avatar":"","neve_post_elements_order":"[\"title\",\"meta\",\"content\",\"tags\"]","neve_meta_disable_header":"","neve_meta_disable_footer":"","neve_meta_disable_title":"","footnotes":""},"categories":[1],"tags":[],"class_list":["post-760","post","type-post","status-publish","format-standard","has-post-thumbnail","hentry","category-news-dalla-rete"],"yoast_head":"<!-- This site is optimized with the Yoast SEO plugin v23.9 - https:\/\/yoast.com\/wordpress\/plugins\/seo\/ -->\n<title>Gino resta in carcere a Parigi - Rete Liberi\/e di Lottare<\/title>\n<meta name=\"robots\" content=\"index, follow, max-snippet:-1, max-image-preview:large, max-video-preview:-1\" \/>\n<link rel=\"canonical\" href=\"https:\/\/www.noguerranonato.org\/lottare\/2025\/02\/14\/gino-resta-in-carcere-a-parigi\/\" \/>\n<meta property=\"og:locale\" content=\"it_IT\" \/>\n<meta property=\"og:type\" content=\"article\" \/>\n<meta property=\"og:title\" content=\"Gino resta in carcere a Parigi - Rete Liberi\/e di Lottare\" \/>\n<meta property=\"og:description\" content=\"Il 12 febbraio si \u00e8 tenuta l&#8217;udienza di Gino alla Corte d&#8217;Appello di ParigiLa domanda per ottenere i domiciliari \u00e8 stata giudicata ricevibile ma non soddisfacente in quanto il domicilio \u00e8 sconosciuto (lui non ci ha mai abitato) il legame tra Gino e le persone che lo ospiterebbero non \u00e8 comprovato. Quindi Gino dovr\u00e0 restare&hellip;&nbsp;Leggi tutto &raquo;Gino resta in carcere a Parigi\" \/>\n<meta property=\"og:url\" content=\"https:\/\/www.noguerranonato.org\/lottare\/2025\/02\/14\/gino-resta-in-carcere-a-parigi\/\" \/>\n<meta property=\"og:site_name\" content=\"Rete Liberi\/e di Lottare\" \/>\n<meta property=\"article:published_time\" content=\"2025-02-14T17:50:35+00:00\" \/>\n<meta property=\"article:modified_time\" content=\"2025-02-14T17:50:36+00:00\" \/>\n<meta property=\"og:image\" content=\"https:\/\/www.noguerranonato.org\/lottare\/wp-content\/uploads\/sites\/3\/2025\/02\/2-2.jpg\" \/>\n\t<meta property=\"og:image:width\" content=\"1280\" \/>\n\t<meta property=\"og:image:height\" content=\"960\" \/>\n\t<meta property=\"og:image:type\" content=\"image\/jpeg\" \/>\n<meta name=\"author\" content=\"reteliberi\" \/>\n<meta name=\"twitter:card\" content=\"summary_large_image\" \/>\n<meta name=\"twitter:label1\" content=\"Scritto da\" \/>\n\t<meta name=\"twitter:data1\" content=\"reteliberi\" \/>\n\t<meta name=\"twitter:label2\" content=\"Tempo di lettura stimato\" \/>\n\t<meta name=\"twitter:data2\" content=\"2 minuti\" \/>\n<script type=\"application\/ld+json\" class=\"yoast-schema-graph\">{\"@context\":\"https:\/\/schema.org\",\"@graph\":[{\"@type\":\"WebPage\",\"@id\":\"https:\/\/www.noguerranonato.org\/lottare\/2025\/02\/14\/gino-resta-in-carcere-a-parigi\/\",\"url\":\"https:\/\/www.noguerranonato.org\/lottare\/2025\/02\/14\/gino-resta-in-carcere-a-parigi\/\",\"name\":\"Gino resta in carcere a Parigi - Rete Liberi\/e di Lottare\",\"isPartOf\":{\"@id\":\"https:\/\/www.noguerranonato.org\/lottare\/#website\"},\"primaryImageOfPage\":{\"@id\":\"https:\/\/www.noguerranonato.org\/lottare\/2025\/02\/14\/gino-resta-in-carcere-a-parigi\/#primaryimage\"},\"image\":{\"@id\":\"https:\/\/www.noguerranonato.org\/lottare\/2025\/02\/14\/gino-resta-in-carcere-a-parigi\/#primaryimage\"},\"thumbnailUrl\":\"https:\/\/www.noguerranonato.org\/lottare\/wp-content\/uploads\/sites\/3\/2025\/02\/2-2.jpg\",\"datePublished\":\"2025-02-14T17:50:35+00:00\",\"dateModified\":\"2025-02-14T17:50:36+00:00\",\"author\":{\"@id\":\"https:\/\/www.noguerranonato.org\/lottare\/#\/schema\/person\/64e56d38f26eddb374b3b3c7d5720bf9\"},\"breadcrumb\":{\"@id\":\"https:\/\/www.noguerranonato.org\/lottare\/2025\/02\/14\/gino-resta-in-carcere-a-parigi\/#breadcrumb\"},\"inLanguage\":\"it-IT\",\"potentialAction\":[{\"@type\":\"ReadAction\",\"target\":[\"https:\/\/www.noguerranonato.org\/lottare\/2025\/02\/14\/gino-resta-in-carcere-a-parigi\/\"]}]},{\"@type\":\"ImageObject\",\"inLanguage\":\"it-IT\",\"@id\":\"https:\/\/www.noguerranonato.org\/lottare\/2025\/02\/14\/gino-resta-in-carcere-a-parigi\/#primaryimage\",\"url\":\"https:\/\/www.noguerranonato.org\/lottare\/wp-content\/uploads\/sites\/3\/2025\/02\/2-2.jpg\",\"contentUrl\":\"https:\/\/www.noguerranonato.org\/lottare\/wp-content\/uploads\/sites\/3\/2025\/02\/2-2.jpg\",\"width\":1280,\"height\":960},{\"@type\":\"BreadcrumbList\",\"@id\":\"https:\/\/www.noguerranonato.org\/lottare\/2025\/02\/14\/gino-resta-in-carcere-a-parigi\/#breadcrumb\",\"itemListElement\":[{\"@type\":\"ListItem\",\"position\":1,\"name\":\"Home\",\"item\":\"https:\/\/www.noguerranonato.org\/lottare\/\"},{\"@type\":\"ListItem\",\"position\":2,\"name\":\"Gino resta in carcere a Parigi\"}]},{\"@type\":\"WebSite\",\"@id\":\"https:\/\/www.noguerranonato.org\/lottare\/#website\",\"url\":\"https:\/\/www.noguerranonato.org\/lottare\/\",\"name\":\"Rete Liberi\/e di Lottare\",\"description\":\"\",\"potentialAction\":[{\"@type\":\"SearchAction\",\"target\":{\"@type\":\"EntryPoint\",\"urlTemplate\":\"https:\/\/www.noguerranonato.org\/lottare\/?s={search_term_string}\"},\"query-input\":{\"@type\":\"PropertyValueSpecification\",\"valueRequired\":true,\"valueName\":\"search_term_string\"}}],\"inLanguage\":\"it-IT\"},{\"@type\":\"Person\",\"@id\":\"https:\/\/www.noguerranonato.org\/lottare\/#\/schema\/person\/64e56d38f26eddb374b3b3c7d5720bf9\",\"name\":\"reteliberi\",\"url\":\"https:\/\/www.noguerranonato.org\/lottare\/author\/reteliberi\/\"}]}<\/script>\n<!-- \/ Yoast SEO plugin. -->","yoast_head_json":{"title":"Gino resta in carcere a Parigi - Rete Liberi\/e di Lottare","robots":{"index":"index","follow":"follow","max-snippet":"max-snippet:-1","max-image-preview":"max-image-preview:large","max-video-preview":"max-video-preview:-1"},"canonical":"https:\/\/www.noguerranonato.org\/lottare\/2025\/02\/14\/gino-resta-in-carcere-a-parigi\/","og_locale":"it_IT","og_type":"article","og_title":"Gino resta in carcere a Parigi - Rete Liberi\/e di Lottare","og_description":"Il 12 febbraio si \u00e8 tenuta l&#8217;udienza di Gino alla Corte d&#8217;Appello di ParigiLa domanda per ottenere i domiciliari \u00e8 stata giudicata ricevibile ma non soddisfacente in quanto il domicilio \u00e8 sconosciuto (lui non ci ha mai abitato) il legame tra Gino e le persone che lo ospiterebbero non \u00e8 comprovato. Quindi Gino dovr\u00e0 restare&hellip;&nbsp;Leggi tutto &raquo;Gino resta in carcere a Parigi","og_url":"https:\/\/www.noguerranonato.org\/lottare\/2025\/02\/14\/gino-resta-in-carcere-a-parigi\/","og_site_name":"Rete Liberi\/e di Lottare","article_published_time":"2025-02-14T17:50:35+00:00","article_modified_time":"2025-02-14T17:50:36+00:00","og_image":[{"width":1280,"height":960,"url":"https:\/\/www.noguerranonato.org\/lottare\/wp-content\/uploads\/sites\/3\/2025\/02\/2-2.jpg","type":"image\/jpeg"}],"author":"reteliberi","twitter_card":"summary_large_image","twitter_misc":{"Scritto da":"reteliberi","Tempo di lettura stimato":"2 minuti"},"schema":{"@context":"https:\/\/schema.org","@graph":[{"@type":"WebPage","@id":"https:\/\/www.noguerranonato.org\/lottare\/2025\/02\/14\/gino-resta-in-carcere-a-parigi\/","url":"https:\/\/www.noguerranonato.org\/lottare\/2025\/02\/14\/gino-resta-in-carcere-a-parigi\/","name":"Gino resta in carcere a Parigi - Rete Liberi\/e di Lottare","isPartOf":{"@id":"https:\/\/www.noguerranonato.org\/lottare\/#website"},"primaryImageOfPage":{"@id":"https:\/\/www.noguerranonato.org\/lottare\/2025\/02\/14\/gino-resta-in-carcere-a-parigi\/#primaryimage"},"image":{"@id":"https:\/\/www.noguerranonato.org\/lottare\/2025\/02\/14\/gino-resta-in-carcere-a-parigi\/#primaryimage"},"thumbnailUrl":"https:\/\/www.noguerranonato.org\/lottare\/wp-content\/uploads\/sites\/3\/2025\/02\/2-2.jpg","datePublished":"2025-02-14T17:50:35+00:00","dateModified":"2025-02-14T17:50:36+00:00","author":{"@id":"https:\/\/www.noguerranonato.org\/lottare\/#\/schema\/person\/64e56d38f26eddb374b3b3c7d5720bf9"},"breadcrumb":{"@id":"https:\/\/www.noguerranonato.org\/lottare\/2025\/02\/14\/gino-resta-in-carcere-a-parigi\/#breadcrumb"},"inLanguage":"it-IT","potentialAction":[{"@type":"ReadAction","target":["https:\/\/www.noguerranonato.org\/lottare\/2025\/02\/14\/gino-resta-in-carcere-a-parigi\/"]}]},{"@type":"ImageObject","inLanguage":"it-IT","@id":"https:\/\/www.noguerranonato.org\/lottare\/2025\/02\/14\/gino-resta-in-carcere-a-parigi\/#primaryimage","url":"https:\/\/www.noguerranonato.org\/lottare\/wp-content\/uploads\/sites\/3\/2025\/02\/2-2.jpg","contentUrl":"https:\/\/www.noguerranonato.org\/lottare\/wp-content\/uploads\/sites\/3\/2025\/02\/2-2.jpg","width":1280,"height":960},{"@type":"BreadcrumbList","@id":"https:\/\/www.noguerranonato.org\/lottare\/2025\/02\/14\/gino-resta-in-carcere-a-parigi\/#breadcrumb","itemListElement":[{"@type":"ListItem","position":1,"name":"Home","item":"https:\/\/www.noguerranonato.org\/lottare\/"},{"@type":"ListItem","position":2,"name":"Gino resta in carcere a Parigi"}]},{"@type":"WebSite","@id":"https:\/\/www.noguerranonato.org\/lottare\/#website","url":"https:\/\/www.noguerranonato.org\/lottare\/","name":"Rete Liberi\/e di Lottare","description":"","potentialAction":[{"@type":"SearchAction","target":{"@type":"EntryPoint","urlTemplate":"https:\/\/www.noguerranonato.org\/lottare\/?s={search_term_string}"},"query-input":{"@type":"PropertyValueSpecification","valueRequired":true,"valueName":"search_term_string"}}],"inLanguage":"it-IT"},{"@type":"Person","@id":"https:\/\/www.noguerranonato.org\/lottare\/#\/schema\/person\/64e56d38f26eddb374b3b3c7d5720bf9","name":"reteliberi","url":"https:\/\/www.noguerranonato.org\/lottare\/author\/reteliberi\/"}]}},"_links":{"self":[{"href":"https:\/\/www.noguerranonato.org\/lottare\/wp-json\/wp\/v2\/posts\/760"}],"collection":[{"href":"https:\/\/www.noguerranonato.org\/lottare\/wp-json\/wp\/v2\/posts"}],"about":[{"href":"https:\/\/www.noguerranonato.org\/lottare\/wp-json\/wp\/v2\/types\/post"}],"author":[{"embeddable":true,"href":"https:\/\/www.noguerranonato.org\/lottare\/wp-json\/wp\/v2\/users\/3"}],"replies":[{"embeddable":true,"href":"https:\/\/www.noguerranonato.org\/lottare\/wp-json\/wp\/v2\/comments?post=760"}],"version-history":[{"count":1,"href":"https:\/\/www.noguerranonato.org\/lottare\/wp-json\/wp\/v2\/posts\/760\/revisions"}],"predecessor-version":[{"id":762,"href":"https:\/\/www.noguerranonato.org\/lottare\/wp-json\/wp\/v2\/posts\/760\/revisions\/762"}],"wp:featuredmedia":[{"embeddable":true,"href":"https:\/\/www.noguerranonato.org\/lottare\/wp-json\/wp\/v2\/media\/761"}],"wp:attachment":[{"href":"https:\/\/www.noguerranonato.org\/lottare\/wp-json\/wp\/v2\/media?parent=760"}],"wp:term":[{"taxonomy":"category","embeddable":true,"href":"https:\/\/www.noguerranonato.org\/lottare\/wp-json\/wp\/v2\/categories?post=760"},{"taxonomy":"post_tag","embeddable":true,"href":"https:\/\/www.noguerranonato.org\/lottare\/wp-json\/wp\/v2\/tags?post=760"}],"curies":[{"name":"wp","href":"https:\/\/api.w.org\/{rel}","templated":true}]}}