{"id":837,"date":"2025-02-26T23:48:21","date_gmt":"2025-02-26T22:48:21","guid":{"rendered":"https:\/\/www.noguerranonato.org\/lottare\/?p=837"},"modified":"2025-02-26T23:48:22","modified_gmt":"2025-02-26T22:48:22","slug":"continua-laccanimento-i-criminali-sono-stato-giudici-e-polizia","status":"publish","type":"post","link":"https:\/\/www.noguerranonato.org\/lottare\/2025\/02\/26\/continua-laccanimento-i-criminali-sono-stato-giudici-e-polizia\/","title":{"rendered":"CONTINUA L&#8217;ACCANIMENTO: I CRIMINALI SONO STATO, GIUDICI E POLIZIA!"},"content":{"rendered":"\n<p class=\"has-text-align-center\">Pubblichiamo dalla pagina Instagram del <a href=\"https:\/\/www.instagram.com\/p\/DGgEX5poTTJ\/\">Laboratorio Politico ISKRA<\/a><\/p>\n\n\n<div class=\"wp-block-image\">\n<figure class=\"aligncenter size-large is-resized\"><img loading=\"lazy\" decoding=\"async\" width=\"1024\" height=\"1024\" src=\"https:\/\/www.noguerranonato.org\/lottare\/wp-content\/uploads\/sites\/3\/2025\/02\/3-3-1024x1024.jpg\" alt=\"\" class=\"wp-image-838\" style=\"width:676px;height:auto\" srcset=\"https:\/\/www.noguerranonato.org\/lottare\/wp-content\/uploads\/sites\/3\/2025\/02\/3-3-1024x1024.jpg 1024w, https:\/\/www.noguerranonato.org\/lottare\/wp-content\/uploads\/sites\/3\/2025\/02\/3-3-300x300.jpg 300w, https:\/\/www.noguerranonato.org\/lottare\/wp-content\/uploads\/sites\/3\/2025\/02\/3-3-150x150.jpg 150w, https:\/\/www.noguerranonato.org\/lottare\/wp-content\/uploads\/sites\/3\/2025\/02\/3-3-768x768.jpg 768w, https:\/\/www.noguerranonato.org\/lottare\/wp-content\/uploads\/sites\/3\/2025\/02\/3-3.jpg 1080w\" sizes=\"(max-width: 1024px) 100vw, 1024px\" \/><\/figure><\/div>\n\n\n<p>Condannato questa volta Eddy a 6 mesi di reclusione in Primo grado per l&#8217;iniziativa sindacale che coinvolgeva i lavoratori inoccupati e disoccupati in attesa di formazione per l&#8217;inserimento al lavoro, poi effettivamente svolta negli anni successivi. Assoluzione per gli altri 3 imputati.<\/p>\n\n\n\n<p>Durante l&#8217;iniziativa di 5 anni fa, una rappresentanza dei Movimento di lotta &#8221; Disoccupati 7 novembre&#8221; partecip\u00f2 al Consiglio Comunale di Via Verdi in attesa di un incontro gi\u00e0 stabilito in precedenza. Durante il Consiglio, chi doveva curare il controllo degli ingressi, ha sostenuto di essere stato aggredito dai presenti dopo aver vietato loro l&#8217;accesso.<\/p>\n\n\n\n<p>L&#8217;assurdit\u00e0 risiede nel fatto che, nella stessa mattinata, la delegazione fu, come previsto, ricevuta dalla Presidenza del Consiglio Comunale e dai Capigruppo del Consiglio Comunale.<\/p>\n\n\n\n<p>Non ci stupisce questo ennesimo attacco: siamo ben consapevoli che la situazione non far\u00e0 altro che peggiorare.<br>In un clima di escalation bellica internazionale come quella che stiamo vivendo, la priorit\u00e0 \u00e8 fermare e reprimere chi prova, sui territori come sui posti di lavoro, a tracciare una prospettiva di emancipazione dalla precariet\u00e0, dalla disoccupazione, dal lavoro nero, dalla marginalit\u00e0 sociale, opponendosi radicalmente alle politiche guerrafondaie, di sfruttamento e di miseria a cui hanno attivamente contribuito, nel corso degli anni, tutte le forze politiche che oggi siedono in Parlamento ( spesso e volentieri con il beneplacito dei sindacati confederali).<\/p>\n\n\n\n<p>Ringraziamo, infine, i\/le nostr avvocat G.P. Picardi, A. Tatarano, N. Fuccia e N. Amodio per il solito, eccezionale, sostegno che ha garantito l&#8217;assoluzione degli altri compagn coinvolti nel processo e per il quale procederemo all&#8217;appello una volta depositate le motivazioni.<\/p>\n","protected":false},"excerpt":{"rendered":"<p>Pubblichiamo dalla pagina Instagram del Laboratorio Politico ISKRA Condannato questa volta Eddy a 6 mesi di reclusione in Primo grado per l&#8217;iniziativa sindacale che coinvolgeva i lavoratori inoccupati e disoccupati in attesa di formazione per l&#8217;inserimento al lavoro, poi effettivamente svolta negli anni successivi. Assoluzione per gli altri 3 imputati. Durante l&#8217;iniziativa di 5 anni&hellip;&nbsp;<a href=\"https:\/\/www.noguerranonato.org\/lottare\/2025\/02\/26\/continua-laccanimento-i-criminali-sono-stato-giudici-e-polizia\/\" class=\"\" rel=\"bookmark\">Leggi tutto &raquo;<span class=\"screen-reader-text\">CONTINUA L&#8217;ACCANIMENTO: I CRIMINALI SONO STATO, GIUDICI E POLIZIA!<\/span><\/a><\/p>\n","protected":false},"author":3,"featured_media":838,"comment_status":"closed","ping_status":"closed","sticky":false,"template":"","format":"standard","meta":{"neve_meta_sidebar":"","neve_meta_container":"","neve_meta_enable_content_width":"","neve_meta_content_width":0,"neve_meta_title_alignment":"center","neve_meta_author_avatar":"","neve_post_elements_order":"[\"title\",\"meta\",\"content\",\"tags\"]","neve_meta_disable_header":"","neve_meta_disable_footer":"","neve_meta_disable_title":"","footnotes":""},"categories":[1],"tags":[],"class_list":["post-837","post","type-post","status-publish","format-standard","has-post-thumbnail","hentry","category-news-dalla-rete"],"yoast_head":"<!-- This site is optimized with the Yoast SEO plugin v23.9 - https:\/\/yoast.com\/wordpress\/plugins\/seo\/ -->\n<title>CONTINUA L&#039;ACCANIMENTO: I CRIMINALI SONO STATO, GIUDICI E POLIZIA! - Rete Liberi\/e di Lottare<\/title>\n<meta name=\"robots\" content=\"index, follow, max-snippet:-1, max-image-preview:large, max-video-preview:-1\" \/>\n<link rel=\"canonical\" href=\"https:\/\/www.noguerranonato.org\/lottare\/2025\/02\/26\/continua-laccanimento-i-criminali-sono-stato-giudici-e-polizia\/\" \/>\n<meta property=\"og:locale\" content=\"it_IT\" \/>\n<meta property=\"og:type\" content=\"article\" \/>\n<meta property=\"og:title\" content=\"CONTINUA L&#039;ACCANIMENTO: I CRIMINALI SONO STATO, GIUDICI E POLIZIA! - Rete Liberi\/e di Lottare\" \/>\n<meta property=\"og:description\" content=\"Pubblichiamo dalla pagina Instagram del Laboratorio Politico ISKRA Condannato questa volta Eddy a 6 mesi di reclusione in Primo grado per l&#8217;iniziativa sindacale che coinvolgeva i lavoratori inoccupati e disoccupati in attesa di formazione per l&#8217;inserimento al lavoro, poi effettivamente svolta negli anni successivi. Assoluzione per gli altri 3 imputati. Durante l&#8217;iniziativa di 5 anni&hellip;&nbsp;Leggi tutto &raquo;CONTINUA L&#8217;ACCANIMENTO: I CRIMINALI SONO STATO, GIUDICI E POLIZIA!\" \/>\n<meta property=\"og:url\" content=\"https:\/\/www.noguerranonato.org\/lottare\/2025\/02\/26\/continua-laccanimento-i-criminali-sono-stato-giudici-e-polizia\/\" \/>\n<meta property=\"og:site_name\" content=\"Rete Liberi\/e di Lottare\" \/>\n<meta property=\"article:published_time\" content=\"2025-02-26T22:48:21+00:00\" \/>\n<meta property=\"article:modified_time\" content=\"2025-02-26T22:48:22+00:00\" \/>\n<meta property=\"og:image\" content=\"https:\/\/www.noguerranonato.org\/lottare\/wp-content\/uploads\/sites\/3\/2025\/02\/3-3.jpg\" \/>\n\t<meta property=\"og:image:width\" content=\"1080\" \/>\n\t<meta property=\"og:image:height\" content=\"1080\" \/>\n\t<meta property=\"og:image:type\" content=\"image\/jpeg\" \/>\n<meta name=\"author\" content=\"reteliberi\" \/>\n<meta name=\"twitter:card\" content=\"summary_large_image\" \/>\n<meta name=\"twitter:label1\" content=\"Scritto da\" \/>\n\t<meta name=\"twitter:data1\" content=\"reteliberi\" \/>\n\t<meta name=\"twitter:label2\" content=\"Tempo di lettura stimato\" \/>\n\t<meta name=\"twitter:data2\" content=\"2 minuti\" \/>\n<script type=\"application\/ld+json\" class=\"yoast-schema-graph\">{\"@context\":\"https:\/\/schema.org\",\"@graph\":[{\"@type\":\"WebPage\",\"@id\":\"https:\/\/www.noguerranonato.org\/lottare\/2025\/02\/26\/continua-laccanimento-i-criminali-sono-stato-giudici-e-polizia\/\",\"url\":\"https:\/\/www.noguerranonato.org\/lottare\/2025\/02\/26\/continua-laccanimento-i-criminali-sono-stato-giudici-e-polizia\/\",\"name\":\"CONTINUA L'ACCANIMENTO: I CRIMINALI SONO STATO, GIUDICI E POLIZIA! - Rete Liberi\/e di Lottare\",\"isPartOf\":{\"@id\":\"https:\/\/www.noguerranonato.org\/lottare\/#website\"},\"primaryImageOfPage\":{\"@id\":\"https:\/\/www.noguerranonato.org\/lottare\/2025\/02\/26\/continua-laccanimento-i-criminali-sono-stato-giudici-e-polizia\/#primaryimage\"},\"image\":{\"@id\":\"https:\/\/www.noguerranonato.org\/lottare\/2025\/02\/26\/continua-laccanimento-i-criminali-sono-stato-giudici-e-polizia\/#primaryimage\"},\"thumbnailUrl\":\"https:\/\/www.noguerranonato.org\/lottare\/wp-content\/uploads\/sites\/3\/2025\/02\/3-3.jpg\",\"datePublished\":\"2025-02-26T22:48:21+00:00\",\"dateModified\":\"2025-02-26T22:48:22+00:00\",\"author\":{\"@id\":\"https:\/\/www.noguerranonato.org\/lottare\/#\/schema\/person\/64e56d38f26eddb374b3b3c7d5720bf9\"},\"breadcrumb\":{\"@id\":\"https:\/\/www.noguerranonato.org\/lottare\/2025\/02\/26\/continua-laccanimento-i-criminali-sono-stato-giudici-e-polizia\/#breadcrumb\"},\"inLanguage\":\"it-IT\",\"potentialAction\":[{\"@type\":\"ReadAction\",\"target\":[\"https:\/\/www.noguerranonato.org\/lottare\/2025\/02\/26\/continua-laccanimento-i-criminali-sono-stato-giudici-e-polizia\/\"]}]},{\"@type\":\"ImageObject\",\"inLanguage\":\"it-IT\",\"@id\":\"https:\/\/www.noguerranonato.org\/lottare\/2025\/02\/26\/continua-laccanimento-i-criminali-sono-stato-giudici-e-polizia\/#primaryimage\",\"url\":\"https:\/\/www.noguerranonato.org\/lottare\/wp-content\/uploads\/sites\/3\/2025\/02\/3-3.jpg\",\"contentUrl\":\"https:\/\/www.noguerranonato.org\/lottare\/wp-content\/uploads\/sites\/3\/2025\/02\/3-3.jpg\",\"width\":1080,\"height\":1080},{\"@type\":\"BreadcrumbList\",\"@id\":\"https:\/\/www.noguerranonato.org\/lottare\/2025\/02\/26\/continua-laccanimento-i-criminali-sono-stato-giudici-e-polizia\/#breadcrumb\",\"itemListElement\":[{\"@type\":\"ListItem\",\"position\":1,\"name\":\"Home\",\"item\":\"https:\/\/www.noguerranonato.org\/lottare\/\"},{\"@type\":\"ListItem\",\"position\":2,\"name\":\"CONTINUA L&#8217;ACCANIMENTO: I CRIMINALI SONO STATO, GIUDICI E POLIZIA!\"}]},{\"@type\":\"WebSite\",\"@id\":\"https:\/\/www.noguerranonato.org\/lottare\/#website\",\"url\":\"https:\/\/www.noguerranonato.org\/lottare\/\",\"name\":\"Rete Liberi\/e di Lottare\",\"description\":\"\",\"potentialAction\":[{\"@type\":\"SearchAction\",\"target\":{\"@type\":\"EntryPoint\",\"urlTemplate\":\"https:\/\/www.noguerranonato.org\/lottare\/?s={search_term_string}\"},\"query-input\":{\"@type\":\"PropertyValueSpecification\",\"valueRequired\":true,\"valueName\":\"search_term_string\"}}],\"inLanguage\":\"it-IT\"},{\"@type\":\"Person\",\"@id\":\"https:\/\/www.noguerranonato.org\/lottare\/#\/schema\/person\/64e56d38f26eddb374b3b3c7d5720bf9\",\"name\":\"reteliberi\",\"url\":\"https:\/\/www.noguerranonato.org\/lottare\/author\/reteliberi\/\"}]}<\/script>\n<!-- \/ Yoast SEO plugin. -->","yoast_head_json":{"title":"CONTINUA L'ACCANIMENTO: I CRIMINALI SONO STATO, GIUDICI E POLIZIA! - Rete Liberi\/e di Lottare","robots":{"index":"index","follow":"follow","max-snippet":"max-snippet:-1","max-image-preview":"max-image-preview:large","max-video-preview":"max-video-preview:-1"},"canonical":"https:\/\/www.noguerranonato.org\/lottare\/2025\/02\/26\/continua-laccanimento-i-criminali-sono-stato-giudici-e-polizia\/","og_locale":"it_IT","og_type":"article","og_title":"CONTINUA L'ACCANIMENTO: I CRIMINALI SONO STATO, GIUDICI E POLIZIA! - Rete Liberi\/e di Lottare","og_description":"Pubblichiamo dalla pagina Instagram del Laboratorio Politico ISKRA Condannato questa volta Eddy a 6 mesi di reclusione in Primo grado per l&#8217;iniziativa sindacale che coinvolgeva i lavoratori inoccupati e disoccupati in attesa di formazione per l&#8217;inserimento al lavoro, poi effettivamente svolta negli anni successivi. Assoluzione per gli altri 3 imputati. Durante l&#8217;iniziativa di 5 anni&hellip;&nbsp;Leggi tutto &raquo;CONTINUA L&#8217;ACCANIMENTO: I CRIMINALI SONO STATO, GIUDICI E POLIZIA!","og_url":"https:\/\/www.noguerranonato.org\/lottare\/2025\/02\/26\/continua-laccanimento-i-criminali-sono-stato-giudici-e-polizia\/","og_site_name":"Rete Liberi\/e di Lottare","article_published_time":"2025-02-26T22:48:21+00:00","article_modified_time":"2025-02-26T22:48:22+00:00","og_image":[{"width":1080,"height":1080,"url":"https:\/\/www.noguerranonato.org\/lottare\/wp-content\/uploads\/sites\/3\/2025\/02\/3-3.jpg","type":"image\/jpeg"}],"author":"reteliberi","twitter_card":"summary_large_image","twitter_misc":{"Scritto da":"reteliberi","Tempo di lettura stimato":"2 minuti"},"schema":{"@context":"https:\/\/schema.org","@graph":[{"@type":"WebPage","@id":"https:\/\/www.noguerranonato.org\/lottare\/2025\/02\/26\/continua-laccanimento-i-criminali-sono-stato-giudici-e-polizia\/","url":"https:\/\/www.noguerranonato.org\/lottare\/2025\/02\/26\/continua-laccanimento-i-criminali-sono-stato-giudici-e-polizia\/","name":"CONTINUA L'ACCANIMENTO: I CRIMINALI SONO STATO, GIUDICI E POLIZIA! - Rete Liberi\/e di Lottare","isPartOf":{"@id":"https:\/\/www.noguerranonato.org\/lottare\/#website"},"primaryImageOfPage":{"@id":"https:\/\/www.noguerranonato.org\/lottare\/2025\/02\/26\/continua-laccanimento-i-criminali-sono-stato-giudici-e-polizia\/#primaryimage"},"image":{"@id":"https:\/\/www.noguerranonato.org\/lottare\/2025\/02\/26\/continua-laccanimento-i-criminali-sono-stato-giudici-e-polizia\/#primaryimage"},"thumbnailUrl":"https:\/\/www.noguerranonato.org\/lottare\/wp-content\/uploads\/sites\/3\/2025\/02\/3-3.jpg","datePublished":"2025-02-26T22:48:21+00:00","dateModified":"2025-02-26T22:48:22+00:00","author":{"@id":"https:\/\/www.noguerranonato.org\/lottare\/#\/schema\/person\/64e56d38f26eddb374b3b3c7d5720bf9"},"breadcrumb":{"@id":"https:\/\/www.noguerranonato.org\/lottare\/2025\/02\/26\/continua-laccanimento-i-criminali-sono-stato-giudici-e-polizia\/#breadcrumb"},"inLanguage":"it-IT","potentialAction":[{"@type":"ReadAction","target":["https:\/\/www.noguerranonato.org\/lottare\/2025\/02\/26\/continua-laccanimento-i-criminali-sono-stato-giudici-e-polizia\/"]}]},{"@type":"ImageObject","inLanguage":"it-IT","@id":"https:\/\/www.noguerranonato.org\/lottare\/2025\/02\/26\/continua-laccanimento-i-criminali-sono-stato-giudici-e-polizia\/#primaryimage","url":"https:\/\/www.noguerranonato.org\/lottare\/wp-content\/uploads\/sites\/3\/2025\/02\/3-3.jpg","contentUrl":"https:\/\/www.noguerranonato.org\/lottare\/wp-content\/uploads\/sites\/3\/2025\/02\/3-3.jpg","width":1080,"height":1080},{"@type":"BreadcrumbList","@id":"https:\/\/www.noguerranonato.org\/lottare\/2025\/02\/26\/continua-laccanimento-i-criminali-sono-stato-giudici-e-polizia\/#breadcrumb","itemListElement":[{"@type":"ListItem","position":1,"name":"Home","item":"https:\/\/www.noguerranonato.org\/lottare\/"},{"@type":"ListItem","position":2,"name":"CONTINUA L&#8217;ACCANIMENTO: I CRIMINALI SONO STATO, GIUDICI E POLIZIA!"}]},{"@type":"WebSite","@id":"https:\/\/www.noguerranonato.org\/lottare\/#website","url":"https:\/\/www.noguerranonato.org\/lottare\/","name":"Rete Liberi\/e di Lottare","description":"","potentialAction":[{"@type":"SearchAction","target":{"@type":"EntryPoint","urlTemplate":"https:\/\/www.noguerranonato.org\/lottare\/?s={search_term_string}"},"query-input":{"@type":"PropertyValueSpecification","valueRequired":true,"valueName":"search_term_string"}}],"inLanguage":"it-IT"},{"@type":"Person","@id":"https:\/\/www.noguerranonato.org\/lottare\/#\/schema\/person\/64e56d38f26eddb374b3b3c7d5720bf9","name":"reteliberi","url":"https:\/\/www.noguerranonato.org\/lottare\/author\/reteliberi\/"}]}},"_links":{"self":[{"href":"https:\/\/www.noguerranonato.org\/lottare\/wp-json\/wp\/v2\/posts\/837"}],"collection":[{"href":"https:\/\/www.noguerranonato.org\/lottare\/wp-json\/wp\/v2\/posts"}],"about":[{"href":"https:\/\/www.noguerranonato.org\/lottare\/wp-json\/wp\/v2\/types\/post"}],"author":[{"embeddable":true,"href":"https:\/\/www.noguerranonato.org\/lottare\/wp-json\/wp\/v2\/users\/3"}],"replies":[{"embeddable":true,"href":"https:\/\/www.noguerranonato.org\/lottare\/wp-json\/wp\/v2\/comments?post=837"}],"version-history":[{"count":1,"href":"https:\/\/www.noguerranonato.org\/lottare\/wp-json\/wp\/v2\/posts\/837\/revisions"}],"predecessor-version":[{"id":839,"href":"https:\/\/www.noguerranonato.org\/lottare\/wp-json\/wp\/v2\/posts\/837\/revisions\/839"}],"wp:featuredmedia":[{"embeddable":true,"href":"https:\/\/www.noguerranonato.org\/lottare\/wp-json\/wp\/v2\/media\/838"}],"wp:attachment":[{"href":"https:\/\/www.noguerranonato.org\/lottare\/wp-json\/wp\/v2\/media?parent=837"}],"wp:term":[{"taxonomy":"category","embeddable":true,"href":"https:\/\/www.noguerranonato.org\/lottare\/wp-json\/wp\/v2\/categories?post=837"},{"taxonomy":"post_tag","embeddable":true,"href":"https:\/\/www.noguerranonato.org\/lottare\/wp-json\/wp\/v2\/tags?post=837"}],"curies":[{"name":"wp","href":"https:\/\/api.w.org\/{rel}","templated":true}]}}