{"id":883,"date":"2025-03-05T21:12:07","date_gmt":"2025-03-05T20:12:07","guid":{"rendered":"https:\/\/www.noguerranonato.org\/lottare\/?p=883"},"modified":"2025-03-17T21:15:16","modified_gmt":"2025-03-17T20:15:16","slug":"4-assemblea-nazionale-in-presenza-rete-liberi-e-di-lottare","status":"publish","type":"post","link":"https:\/\/www.noguerranonato.org\/lottare\/2025\/03\/05\/4-assemblea-nazionale-in-presenza-rete-liberi-e-di-lottare\/","title":{"rendered":"4a Assemblea nazionale in presenza Rete Liberi\/e di lottare"},"content":{"rendered":"\n<figure class=\"wp-block-gallery has-nested-images columns-default is-cropped wp-block-gallery-1 is-layout-flex wp-block-gallery-is-layout-flex\">\n<figure class=\"wp-block-image size-large\"><img loading=\"lazy\" decoding=\"async\" width=\"1024\" height=\"1024\" data-id=\"885\" src=\"https:\/\/www.noguerranonato.org\/lottare\/wp-content\/uploads\/sites\/3\/2025\/03\/2-3-1024x1024.jpg\" alt=\"\" class=\"wp-image-885\" srcset=\"https:\/\/www.noguerranonato.org\/lottare\/wp-content\/uploads\/sites\/3\/2025\/03\/2-3-1024x1024.jpg 1024w, https:\/\/www.noguerranonato.org\/lottare\/wp-content\/uploads\/sites\/3\/2025\/03\/2-3-300x300.jpg 300w, https:\/\/www.noguerranonato.org\/lottare\/wp-content\/uploads\/sites\/3\/2025\/03\/2-3-150x150.jpg 150w, https:\/\/www.noguerranonato.org\/lottare\/wp-content\/uploads\/sites\/3\/2025\/03\/2-3-768x768.jpg 768w, https:\/\/www.noguerranonato.org\/lottare\/wp-content\/uploads\/sites\/3\/2025\/03\/2-3.jpg 1080w\" sizes=\"(max-width: 1024px) 100vw, 1024px\" \/><\/figure>\n\n\n\n<figure class=\"wp-block-image size-large\"><img loading=\"lazy\" decoding=\"async\" width=\"1024\" height=\"1024\" data-id=\"886\" src=\"https:\/\/www.noguerranonato.org\/lottare\/wp-content\/uploads\/sites\/3\/2025\/03\/1-8-1024x1024.jpg\" alt=\"\" class=\"wp-image-886\" srcset=\"https:\/\/www.noguerranonato.org\/lottare\/wp-content\/uploads\/sites\/3\/2025\/03\/1-8-1024x1024.jpg 1024w, https:\/\/www.noguerranonato.org\/lottare\/wp-content\/uploads\/sites\/3\/2025\/03\/1-8-300x300.jpg 300w, https:\/\/www.noguerranonato.org\/lottare\/wp-content\/uploads\/sites\/3\/2025\/03\/1-8-150x150.jpg 150w, https:\/\/www.noguerranonato.org\/lottare\/wp-content\/uploads\/sites\/3\/2025\/03\/1-8-768x768.jpg 768w, https:\/\/www.noguerranonato.org\/lottare\/wp-content\/uploads\/sites\/3\/2025\/03\/1-8.jpg 1080w\" sizes=\"(max-width: 1024px) 100vw, 1024px\" \/><\/figure>\n<\/figure>\n\n\n\n<p>Sabato 15 marzo, sede Si Cobas Milano, ore 10<\/p>\n\n\n\n<p>In contemporanea con le giornate di mobilitazione per ricordare Dax, compagno ucciso dai fascisti nel 2003, la quarta Assemblea Nazionale in presenza della Rete No DdL liberi\/e di lottare \u00e8 convocata sabato 15 marzo a Milano, nella sede del SI Cobas alle ore 10<br>Pensiamo sia importante rilanciare l\u2019iniziativa decidendo nuove iniziative comuni, territoriali e nazionali che, provando a connettere tra di loro le lotte, allarghino il fronte di chi si oppone al DDL Sicurezza, ai DDL del Governo Meloni e alle sue politiche guerrafondaie, all\u2019instaurazione di uno stato di polizia e di guerra.<\/p>\n\n\n\n<p class=\"has-text-align-left\">Questa prospettiva dovr\u00e0 continuare a legarsi alla necessit\u00e0 di praticare la solidariet\u00e0 verso quei soggetti colpiti dall\u2019intensificazione della repressione statale.<\/p>\n\n\n\n<p class=\"has-text-align-center\"><strong>Appello della 4\u00b0 Assemblea scaricabile in Pdf<\/strong><\/p>\n\n\n\n<div data-wp-interactive=\"core\/file\" class=\"wp-block-file\"><object data-wp-bind--hidden=\"!state.hasPdfPreview\"  class=\"wp-block-file__embed\" data=\"https:\/\/www.noguerranonato.org\/lottare\/wp-content\/uploads\/sites\/3\/2025\/03\/4\u00b0Assemblea_Naizonale.pdf\" type=\"application\/pdf\" style=\"width:100%;height:600px\" aria-label=\"Incorporamento di 4\u00b0Assemblea_Naizonale.\"><\/object><a id=\"wp-block-file--media-efa16db8-787e-4ebe-9636-44b038612661\" href=\"https:\/\/www.noguerranonato.org\/lottare\/wp-content\/uploads\/sites\/3\/2025\/03\/4\u00b0Assemblea_Naizonale.pdf\">4\u00b0Assemblea_Naizonale<\/a><a href=\"https:\/\/www.noguerranonato.org\/lottare\/wp-content\/uploads\/sites\/3\/2025\/03\/4\u00b0Assemblea_Naizonale.pdf\" class=\"wp-block-file__button wp-element-button\" download aria-describedby=\"wp-block-file--media-efa16db8-787e-4ebe-9636-44b038612661\">Download<\/a><\/div>\n","protected":false},"excerpt":{"rendered":"<p>Sabato 15 marzo, sede Si Cobas Milano, ore 10 In contemporanea con le giornate di mobilitazione per ricordare Dax, compagno ucciso dai fascisti nel 2003, la quarta Assemblea Nazionale in presenza della Rete No DdL liberi\/e di lottare \u00e8 convocata sabato 15 marzo a Milano, nella sede del SI Cobas alle ore 10Pensiamo sia importante&hellip;&nbsp;<a href=\"https:\/\/www.noguerranonato.org\/lottare\/2025\/03\/05\/4-assemblea-nazionale-in-presenza-rete-liberi-e-di-lottare\/\" class=\"\" rel=\"bookmark\">Leggi tutto &raquo;<span class=\"screen-reader-text\">4a Assemblea nazionale in presenza Rete Liberi\/e di lottare<\/span><\/a><\/p>\n","protected":false},"author":3,"featured_media":886,"comment_status":"closed","ping_status":"closed","sticky":false,"template":"","format":"standard","meta":{"neve_meta_sidebar":"","neve_meta_container":"","neve_meta_enable_content_width":"","neve_meta_content_width":0,"neve_meta_title_alignment":"center","neve_meta_author_avatar":"","neve_post_elements_order":"[\"title\",\"meta\",\"content\",\"tags\"]","neve_meta_disable_header":"","neve_meta_disable_footer":"","neve_meta_disable_title":"","footnotes":""},"categories":[1],"tags":[],"class_list":["post-883","post","type-post","status-publish","format-standard","has-post-thumbnail","hentry","category-news-dalla-rete"],"yoast_head":"<!-- This site is optimized with the Yoast SEO plugin v23.9 - https:\/\/yoast.com\/wordpress\/plugins\/seo\/ -->\n<title>4a Assemblea nazionale in presenza Rete Liberi\/e di lottare - Rete Liberi\/e di Lottare<\/title>\n<meta name=\"robots\" content=\"index, follow, max-snippet:-1, max-image-preview:large, max-video-preview:-1\" \/>\n<link rel=\"canonical\" href=\"https:\/\/www.noguerranonato.org\/lottare\/2025\/03\/05\/4-assemblea-nazionale-in-presenza-rete-liberi-e-di-lottare\/\" \/>\n<meta property=\"og:locale\" content=\"it_IT\" \/>\n<meta property=\"og:type\" content=\"article\" \/>\n<meta property=\"og:title\" content=\"4a Assemblea nazionale in presenza Rete Liberi\/e di lottare - Rete Liberi\/e di Lottare\" \/>\n<meta property=\"og:description\" content=\"Sabato 15 marzo, sede Si Cobas Milano, ore 10 In contemporanea con le giornate di mobilitazione per ricordare Dax, compagno ucciso dai fascisti nel 2003, la quarta Assemblea Nazionale in presenza della Rete No DdL liberi\/e di lottare \u00e8 convocata sabato 15 marzo a Milano, nella sede del SI Cobas alle ore 10Pensiamo sia importante&hellip;&nbsp;Leggi tutto &raquo;4a Assemblea nazionale in presenza Rete Liberi\/e di lottare\" \/>\n<meta property=\"og:url\" content=\"https:\/\/www.noguerranonato.org\/lottare\/2025\/03\/05\/4-assemblea-nazionale-in-presenza-rete-liberi-e-di-lottare\/\" \/>\n<meta property=\"og:site_name\" content=\"Rete Liberi\/e di Lottare\" \/>\n<meta property=\"article:published_time\" content=\"2025-03-05T20:12:07+00:00\" \/>\n<meta property=\"article:modified_time\" content=\"2025-03-17T20:15:16+00:00\" \/>\n<meta property=\"og:image\" content=\"https:\/\/www.noguerranonato.org\/lottare\/wp-content\/uploads\/sites\/3\/2025\/03\/1-8.jpg\" \/>\n\t<meta property=\"og:image:width\" content=\"1080\" \/>\n\t<meta property=\"og:image:height\" content=\"1080\" \/>\n\t<meta property=\"og:image:type\" content=\"image\/jpeg\" \/>\n<meta name=\"author\" content=\"reteliberi\" \/>\n<meta name=\"twitter:card\" content=\"summary_large_image\" \/>\n<meta name=\"twitter:label1\" content=\"Scritto da\" \/>\n\t<meta name=\"twitter:data1\" content=\"reteliberi\" \/>\n\t<meta name=\"twitter:label2\" content=\"Tempo di lettura stimato\" \/>\n\t<meta name=\"twitter:data2\" content=\"2 minuti\" \/>\n<script type=\"application\/ld+json\" class=\"yoast-schema-graph\">{\"@context\":\"https:\/\/schema.org\",\"@graph\":[{\"@type\":\"WebPage\",\"@id\":\"https:\/\/www.noguerranonato.org\/lottare\/2025\/03\/05\/4-assemblea-nazionale-in-presenza-rete-liberi-e-di-lottare\/\",\"url\":\"https:\/\/www.noguerranonato.org\/lottare\/2025\/03\/05\/4-assemblea-nazionale-in-presenza-rete-liberi-e-di-lottare\/\",\"name\":\"4a Assemblea nazionale in presenza Rete Liberi\/e di lottare - Rete Liberi\/e di Lottare\",\"isPartOf\":{\"@id\":\"https:\/\/www.noguerranonato.org\/lottare\/#website\"},\"primaryImageOfPage\":{\"@id\":\"https:\/\/www.noguerranonato.org\/lottare\/2025\/03\/05\/4-assemblea-nazionale-in-presenza-rete-liberi-e-di-lottare\/#primaryimage\"},\"image\":{\"@id\":\"https:\/\/www.noguerranonato.org\/lottare\/2025\/03\/05\/4-assemblea-nazionale-in-presenza-rete-liberi-e-di-lottare\/#primaryimage\"},\"thumbnailUrl\":\"https:\/\/www.noguerranonato.org\/lottare\/wp-content\/uploads\/sites\/3\/2025\/03\/1-8.jpg\",\"datePublished\":\"2025-03-05T20:12:07+00:00\",\"dateModified\":\"2025-03-17T20:15:16+00:00\",\"author\":{\"@id\":\"https:\/\/www.noguerranonato.org\/lottare\/#\/schema\/person\/64e56d38f26eddb374b3b3c7d5720bf9\"},\"breadcrumb\":{\"@id\":\"https:\/\/www.noguerranonato.org\/lottare\/2025\/03\/05\/4-assemblea-nazionale-in-presenza-rete-liberi-e-di-lottare\/#breadcrumb\"},\"inLanguage\":\"it-IT\",\"potentialAction\":[{\"@type\":\"ReadAction\",\"target\":[\"https:\/\/www.noguerranonato.org\/lottare\/2025\/03\/05\/4-assemblea-nazionale-in-presenza-rete-liberi-e-di-lottare\/\"]}]},{\"@type\":\"ImageObject\",\"inLanguage\":\"it-IT\",\"@id\":\"https:\/\/www.noguerranonato.org\/lottare\/2025\/03\/05\/4-assemblea-nazionale-in-presenza-rete-liberi-e-di-lottare\/#primaryimage\",\"url\":\"https:\/\/www.noguerranonato.org\/lottare\/wp-content\/uploads\/sites\/3\/2025\/03\/1-8.jpg\",\"contentUrl\":\"https:\/\/www.noguerranonato.org\/lottare\/wp-content\/uploads\/sites\/3\/2025\/03\/1-8.jpg\",\"width\":1080,\"height\":1080},{\"@type\":\"BreadcrumbList\",\"@id\":\"https:\/\/www.noguerranonato.org\/lottare\/2025\/03\/05\/4-assemblea-nazionale-in-presenza-rete-liberi-e-di-lottare\/#breadcrumb\",\"itemListElement\":[{\"@type\":\"ListItem\",\"position\":1,\"name\":\"Home\",\"item\":\"https:\/\/www.noguerranonato.org\/lottare\/\"},{\"@type\":\"ListItem\",\"position\":2,\"name\":\"4a Assemblea nazionale in presenza Rete Liberi\/e di lottare\"}]},{\"@type\":\"WebSite\",\"@id\":\"https:\/\/www.noguerranonato.org\/lottare\/#website\",\"url\":\"https:\/\/www.noguerranonato.org\/lottare\/\",\"name\":\"Rete Liberi\/e di Lottare\",\"description\":\"\",\"potentialAction\":[{\"@type\":\"SearchAction\",\"target\":{\"@type\":\"EntryPoint\",\"urlTemplate\":\"https:\/\/www.noguerranonato.org\/lottare\/?s={search_term_string}\"},\"query-input\":{\"@type\":\"PropertyValueSpecification\",\"valueRequired\":true,\"valueName\":\"search_term_string\"}}],\"inLanguage\":\"it-IT\"},{\"@type\":\"Person\",\"@id\":\"https:\/\/www.noguerranonato.org\/lottare\/#\/schema\/person\/64e56d38f26eddb374b3b3c7d5720bf9\",\"name\":\"reteliberi\",\"url\":\"https:\/\/www.noguerranonato.org\/lottare\/author\/reteliberi\/\"}]}<\/script>\n<!-- \/ Yoast SEO plugin. -->","yoast_head_json":{"title":"4a Assemblea nazionale in presenza Rete Liberi\/e di lottare - Rete Liberi\/e di Lottare","robots":{"index":"index","follow":"follow","max-snippet":"max-snippet:-1","max-image-preview":"max-image-preview:large","max-video-preview":"max-video-preview:-1"},"canonical":"https:\/\/www.noguerranonato.org\/lottare\/2025\/03\/05\/4-assemblea-nazionale-in-presenza-rete-liberi-e-di-lottare\/","og_locale":"it_IT","og_type":"article","og_title":"4a Assemblea nazionale in presenza Rete Liberi\/e di lottare - Rete Liberi\/e di Lottare","og_description":"Sabato 15 marzo, sede Si Cobas Milano, ore 10 In contemporanea con le giornate di mobilitazione per ricordare Dax, compagno ucciso dai fascisti nel 2003, la quarta Assemblea Nazionale in presenza della Rete No DdL liberi\/e di lottare \u00e8 convocata sabato 15 marzo a Milano, nella sede del SI Cobas alle ore 10Pensiamo sia importante&hellip;&nbsp;Leggi tutto &raquo;4a Assemblea nazionale in presenza Rete Liberi\/e di lottare","og_url":"https:\/\/www.noguerranonato.org\/lottare\/2025\/03\/05\/4-assemblea-nazionale-in-presenza-rete-liberi-e-di-lottare\/","og_site_name":"Rete Liberi\/e di Lottare","article_published_time":"2025-03-05T20:12:07+00:00","article_modified_time":"2025-03-17T20:15:16+00:00","og_image":[{"width":1080,"height":1080,"url":"https:\/\/www.noguerranonato.org\/lottare\/wp-content\/uploads\/sites\/3\/2025\/03\/1-8.jpg","type":"image\/jpeg"}],"author":"reteliberi","twitter_card":"summary_large_image","twitter_misc":{"Scritto da":"reteliberi","Tempo di lettura stimato":"2 minuti"},"schema":{"@context":"https:\/\/schema.org","@graph":[{"@type":"WebPage","@id":"https:\/\/www.noguerranonato.org\/lottare\/2025\/03\/05\/4-assemblea-nazionale-in-presenza-rete-liberi-e-di-lottare\/","url":"https:\/\/www.noguerranonato.org\/lottare\/2025\/03\/05\/4-assemblea-nazionale-in-presenza-rete-liberi-e-di-lottare\/","name":"4a Assemblea nazionale in presenza Rete Liberi\/e di lottare - Rete Liberi\/e di Lottare","isPartOf":{"@id":"https:\/\/www.noguerranonato.org\/lottare\/#website"},"primaryImageOfPage":{"@id":"https:\/\/www.noguerranonato.org\/lottare\/2025\/03\/05\/4-assemblea-nazionale-in-presenza-rete-liberi-e-di-lottare\/#primaryimage"},"image":{"@id":"https:\/\/www.noguerranonato.org\/lottare\/2025\/03\/05\/4-assemblea-nazionale-in-presenza-rete-liberi-e-di-lottare\/#primaryimage"},"thumbnailUrl":"https:\/\/www.noguerranonato.org\/lottare\/wp-content\/uploads\/sites\/3\/2025\/03\/1-8.jpg","datePublished":"2025-03-05T20:12:07+00:00","dateModified":"2025-03-17T20:15:16+00:00","author":{"@id":"https:\/\/www.noguerranonato.org\/lottare\/#\/schema\/person\/64e56d38f26eddb374b3b3c7d5720bf9"},"breadcrumb":{"@id":"https:\/\/www.noguerranonato.org\/lottare\/2025\/03\/05\/4-assemblea-nazionale-in-presenza-rete-liberi-e-di-lottare\/#breadcrumb"},"inLanguage":"it-IT","potentialAction":[{"@type":"ReadAction","target":["https:\/\/www.noguerranonato.org\/lottare\/2025\/03\/05\/4-assemblea-nazionale-in-presenza-rete-liberi-e-di-lottare\/"]}]},{"@type":"ImageObject","inLanguage":"it-IT","@id":"https:\/\/www.noguerranonato.org\/lottare\/2025\/03\/05\/4-assemblea-nazionale-in-presenza-rete-liberi-e-di-lottare\/#primaryimage","url":"https:\/\/www.noguerranonato.org\/lottare\/wp-content\/uploads\/sites\/3\/2025\/03\/1-8.jpg","contentUrl":"https:\/\/www.noguerranonato.org\/lottare\/wp-content\/uploads\/sites\/3\/2025\/03\/1-8.jpg","width":1080,"height":1080},{"@type":"BreadcrumbList","@id":"https:\/\/www.noguerranonato.org\/lottare\/2025\/03\/05\/4-assemblea-nazionale-in-presenza-rete-liberi-e-di-lottare\/#breadcrumb","itemListElement":[{"@type":"ListItem","position":1,"name":"Home","item":"https:\/\/www.noguerranonato.org\/lottare\/"},{"@type":"ListItem","position":2,"name":"4a Assemblea nazionale in presenza Rete Liberi\/e di lottare"}]},{"@type":"WebSite","@id":"https:\/\/www.noguerranonato.org\/lottare\/#website","url":"https:\/\/www.noguerranonato.org\/lottare\/","name":"Rete Liberi\/e di Lottare","description":"","potentialAction":[{"@type":"SearchAction","target":{"@type":"EntryPoint","urlTemplate":"https:\/\/www.noguerranonato.org\/lottare\/?s={search_term_string}"},"query-input":{"@type":"PropertyValueSpecification","valueRequired":true,"valueName":"search_term_string"}}],"inLanguage":"it-IT"},{"@type":"Person","@id":"https:\/\/www.noguerranonato.org\/lottare\/#\/schema\/person\/64e56d38f26eddb374b3b3c7d5720bf9","name":"reteliberi","url":"https:\/\/www.noguerranonato.org\/lottare\/author\/reteliberi\/"}]}},"_links":{"self":[{"href":"https:\/\/www.noguerranonato.org\/lottare\/wp-json\/wp\/v2\/posts\/883"}],"collection":[{"href":"https:\/\/www.noguerranonato.org\/lottare\/wp-json\/wp\/v2\/posts"}],"about":[{"href":"https:\/\/www.noguerranonato.org\/lottare\/wp-json\/wp\/v2\/types\/post"}],"author":[{"embeddable":true,"href":"https:\/\/www.noguerranonato.org\/lottare\/wp-json\/wp\/v2\/users\/3"}],"replies":[{"embeddable":true,"href":"https:\/\/www.noguerranonato.org\/lottare\/wp-json\/wp\/v2\/comments?post=883"}],"version-history":[{"count":2,"href":"https:\/\/www.noguerranonato.org\/lottare\/wp-json\/wp\/v2\/posts\/883\/revisions"}],"predecessor-version":[{"id":948,"href":"https:\/\/www.noguerranonato.org\/lottare\/wp-json\/wp\/v2\/posts\/883\/revisions\/948"}],"wp:featuredmedia":[{"embeddable":true,"href":"https:\/\/www.noguerranonato.org\/lottare\/wp-json\/wp\/v2\/media\/886"}],"wp:attachment":[{"href":"https:\/\/www.noguerranonato.org\/lottare\/wp-json\/wp\/v2\/media?parent=883"}],"wp:term":[{"taxonomy":"category","embeddable":true,"href":"https:\/\/www.noguerranonato.org\/lottare\/wp-json\/wp\/v2\/categories?post=883"},{"taxonomy":"post_tag","embeddable":true,"href":"https:\/\/www.noguerranonato.org\/lottare\/wp-json\/wp\/v2\/tags?post=883"}],"curies":[{"name":"wp","href":"https:\/\/api.w.org\/{rel}","templated":true}]}}