{"id":258,"date":"2025-05-05T20:07:52","date_gmt":"2025-05-05T18:07:52","guid":{"rendered":"https:\/\/www.noguerranonato.org\/nocomandonato\/?p=258"},"modified":"2025-05-05T20:08:24","modified_gmt":"2025-05-05T18:08:24","slug":"sempre-piu-vicini-allinsediamento-del-comando-nato-alla-caserma-predieri","status":"publish","type":"post","link":"https:\/\/www.noguerranonato.org\/nocomandonato\/2025\/05\/05\/sempre-piu-vicini-allinsediamento-del-comando-nato-alla-caserma-predieri\/","title":{"rendered":"Sempre pi\u00f9 vicini all\u2019insediamento del Comando NATO alla Caserma Predieri"},"content":{"rendered":"\n<p class=\"has-text-align-center\"><strong>Assemblea pubblica urgente<br>mercoled\u00ec 7 maggio alle ore 21.00 <br>presso il Circolo La Loggetta di Varlungo<\/strong><\/p>\n\n\n<div class=\"wp-block-image\">\n<figure class=\"aligncenter size-full is-resized\"><img loading=\"lazy\" decoding=\"async\" width=\"1024\" height=\"576\" src=\"https:\/\/www.noguerranonato.org\/nocomandonato\/wp-content\/uploads\/sites\/2\/2025\/05\/3.jpg\" alt=\"\" class=\"wp-image-259\" style=\"width:836px;height:auto\" srcset=\"https:\/\/www.noguerranonato.org\/nocomandonato\/wp-content\/uploads\/sites\/2\/2025\/05\/3.jpg 1024w, https:\/\/www.noguerranonato.org\/nocomandonato\/wp-content\/uploads\/sites\/2\/2025\/05\/3-300x169.jpg 300w, https:\/\/www.noguerranonato.org\/nocomandonato\/wp-content\/uploads\/sites\/2\/2025\/05\/3-768x432.jpg 768w\" sizes=\"(max-width: 1024px) 100vw, 1024px\" \/><\/figure><\/div>\n\n\n<p>Il Comitato \u201cNO Comando NATO n\u00e9 a Firenze n\u00e9 altrove\u201d lancia l\u2019allarme: l\u2019iter per l\u2019avvio dei lavori relativi alla realizzazione della palazzina del Comando Multinational Division South presso la Caserma Predieri di Rovezzano \u00e8 ormai in fase avanzata.<br>A confermarlo \u00e8 la <a href=\"https:\/\/www.difesa.it\/amministrazione-trasparente\/geniodife\/pubblicazione\/documenti-di-gara\/geniodife-ce-088922-firenze-caserma-predieri-lavori-di-realizzazione-palazzina-comando-multinational-division-south-mnd-s-hq\/56388.html\">documentazione ufficiale<\/a> pubblicata dal Ministero della Difesa.<\/p>\n\n\n\n<p>\u201cIl fatto che siano i comitati e non le istituzioni cittadine a informare la popolazione su un progetto di questa portata \u2013 dichiarano gli attivisti \u2013 conferma la scelta del silenzio da parte dell\u2019amministrazione locale, che diventa nei fatti complicit\u00e0 rispetto a un\u2019operazione di grande rilevanza e impatto.\u201d<br>Il Comitato ha dunque convocato un\u2019assemblea pubblica urgente per mercoled\u00ec 7 maggio alle ore 21.00 presso il Circolo La Loggetta di Varlungo.<br>L&#8217;incontro sar\u00e0 l\u2019occasione per definire le prossime tappe della mobilitazione cittadina contro l\u2019insediamento del Comando NATO e contro la guerra.<br>\u201cChiediamo a tutte le realt\u00e0 cittadine di prendere una posizione chiara \u2013 prosegue il Comitato \u2013: serve una mobilitazione ampia, capillare e coordinata. Non possiamo accettare che Firenze diventi un nodo strategico della macchina bellica.\u201d<br>Tutta la cittadinanza \u00e8 invitata a partecipare.<\/p>\n","protected":false},"excerpt":{"rendered":"<p>Assemblea pubblica urgentemercoled\u00ec 7 maggio alle ore 21.00 presso il Circolo La Loggetta di Varlungo Il Comitato \u201cNO Comando NATO n\u00e9 a Firenze n\u00e9 altrove\u201d lancia l\u2019allarme: l\u2019iter per l\u2019avvio dei lavori relativi alla realizzazione della palazzina del Comando Multinational Division South presso la Caserma Predieri di Rovezzano \u00e8 ormai in fase avanzata.A confermarlo \u00e8&hellip;&nbsp;<a href=\"https:\/\/www.noguerranonato.org\/nocomandonato\/2025\/05\/05\/sempre-piu-vicini-allinsediamento-del-comando-nato-alla-caserma-predieri\/\" class=\"\" rel=\"bookmark\">Leggi tutto &raquo;<span class=\"screen-reader-text\">Sempre pi\u00f9 vicini all\u2019insediamento del Comando NATO alla Caserma Predieri<\/span><\/a><\/p>\n","protected":false},"author":4,"featured_media":259,"comment_status":"closed","ping_status":"closed","sticky":false,"template":"","format":"standard","meta":{"neve_meta_sidebar":"","neve_meta_container":"","neve_meta_enable_content_width":"on","neve_meta_content_width":80,"neve_meta_title_alignment":"center","neve_meta_author_avatar":"","neve_post_elements_order":"[\"title\",\"meta\",\"content\",\"tags\"]","neve_meta_disable_header":"","neve_meta_disable_footer":"","neve_meta_disable_title":"","footnotes":""},"categories":[1],"tags":[],"class_list":["post-258","post","type-post","status-publish","format-standard","has-post-thumbnail","hentry","category-senza-categoria"],"yoast_head":"<!-- This site is optimized with the Yoast SEO plugin v23.9 - https:\/\/yoast.com\/wordpress\/plugins\/seo\/ -->\n<title>Sempre pi\u00f9 vicini all\u2019insediamento del Comando NATO alla Caserma Predieri - No Comando NATO, n\u00e9 a Firenze n\u00e9 altrove!<\/title>\n<meta name=\"robots\" content=\"index, follow, max-snippet:-1, max-image-preview:large, max-video-preview:-1\" \/>\n<link rel=\"canonical\" href=\"https:\/\/www.noguerranonato.org\/nocomandonato\/2025\/05\/05\/sempre-piu-vicini-allinsediamento-del-comando-nato-alla-caserma-predieri\/\" \/>\n<meta property=\"og:locale\" content=\"it_IT\" \/>\n<meta property=\"og:type\" content=\"article\" \/>\n<meta property=\"og:title\" content=\"Sempre pi\u00f9 vicini all\u2019insediamento del Comando NATO alla Caserma Predieri - No Comando NATO, n\u00e9 a Firenze n\u00e9 altrove!\" \/>\n<meta property=\"og:description\" content=\"Assemblea pubblica urgentemercoled\u00ec 7 maggio alle ore 21.00 presso il Circolo La Loggetta di Varlungo Il Comitato \u201cNO Comando NATO n\u00e9 a Firenze n\u00e9 altrove\u201d lancia l\u2019allarme: l\u2019iter per l\u2019avvio dei lavori relativi alla realizzazione della palazzina del Comando Multinational Division South presso la Caserma Predieri di Rovezzano \u00e8 ormai in fase avanzata.A confermarlo \u00e8&hellip;&nbsp;Leggi tutto &raquo;Sempre pi\u00f9 vicini all\u2019insediamento del Comando NATO alla Caserma Predieri\" \/>\n<meta property=\"og:url\" content=\"https:\/\/www.noguerranonato.org\/nocomandonato\/2025\/05\/05\/sempre-piu-vicini-allinsediamento-del-comando-nato-alla-caserma-predieri\/\" \/>\n<meta property=\"og:site_name\" content=\"No Comando NATO, n\u00e9 a Firenze n\u00e9 altrove!\" \/>\n<meta property=\"article:published_time\" content=\"2025-05-05T18:07:52+00:00\" \/>\n<meta property=\"article:modified_time\" content=\"2025-05-05T18:08:24+00:00\" \/>\n<meta property=\"og:image\" content=\"https:\/\/www.noguerranonato.org\/nocomandonato\/wp-content\/uploads\/sites\/2\/2025\/05\/3.jpg\" \/>\n\t<meta property=\"og:image:width\" content=\"1024\" \/>\n\t<meta property=\"og:image:height\" content=\"576\" \/>\n\t<meta property=\"og:image:type\" content=\"image\/jpeg\" \/>\n<meta name=\"author\" content=\"nocomandonato\" \/>\n<meta name=\"twitter:card\" content=\"summary_large_image\" \/>\n<meta name=\"twitter:label1\" content=\"Scritto da\" \/>\n\t<meta name=\"twitter:data1\" content=\"nocomandonato\" \/>\n\t<meta name=\"twitter:label2\" content=\"Tempo di lettura stimato\" \/>\n\t<meta name=\"twitter:data2\" content=\"2 minuti\" \/>\n<script type=\"application\/ld+json\" class=\"yoast-schema-graph\">{\"@context\":\"https:\/\/schema.org\",\"@graph\":[{\"@type\":\"WebPage\",\"@id\":\"https:\/\/www.noguerranonato.org\/nocomandonato\/2025\/05\/05\/sempre-piu-vicini-allinsediamento-del-comando-nato-alla-caserma-predieri\/\",\"url\":\"https:\/\/www.noguerranonato.org\/nocomandonato\/2025\/05\/05\/sempre-piu-vicini-allinsediamento-del-comando-nato-alla-caserma-predieri\/\",\"name\":\"Sempre pi\u00f9 vicini all\u2019insediamento del Comando NATO alla Caserma Predieri - No Comando NATO, n\u00e9 a Firenze n\u00e9 altrove!\",\"isPartOf\":{\"@id\":\"https:\/\/www.noguerranonato.org\/nocomandonato\/#website\"},\"primaryImageOfPage\":{\"@id\":\"https:\/\/www.noguerranonato.org\/nocomandonato\/2025\/05\/05\/sempre-piu-vicini-allinsediamento-del-comando-nato-alla-caserma-predieri\/#primaryimage\"},\"image\":{\"@id\":\"https:\/\/www.noguerranonato.org\/nocomandonato\/2025\/05\/05\/sempre-piu-vicini-allinsediamento-del-comando-nato-alla-caserma-predieri\/#primaryimage\"},\"thumbnailUrl\":\"https:\/\/www.noguerranonato.org\/nocomandonato\/wp-content\/uploads\/sites\/2\/2025\/05\/3.jpg\",\"datePublished\":\"2025-05-05T18:07:52+00:00\",\"dateModified\":\"2025-05-05T18:08:24+00:00\",\"author\":{\"@id\":\"https:\/\/www.noguerranonato.org\/nocomandonato\/#\/schema\/person\/8fe74d37d01c0e0cdd25e8ad2f31c7bc\"},\"breadcrumb\":{\"@id\":\"https:\/\/www.noguerranonato.org\/nocomandonato\/2025\/05\/05\/sempre-piu-vicini-allinsediamento-del-comando-nato-alla-caserma-predieri\/#breadcrumb\"},\"inLanguage\":\"it-IT\",\"potentialAction\":[{\"@type\":\"ReadAction\",\"target\":[\"https:\/\/www.noguerranonato.org\/nocomandonato\/2025\/05\/05\/sempre-piu-vicini-allinsediamento-del-comando-nato-alla-caserma-predieri\/\"]}]},{\"@type\":\"ImageObject\",\"inLanguage\":\"it-IT\",\"@id\":\"https:\/\/www.noguerranonato.org\/nocomandonato\/2025\/05\/05\/sempre-piu-vicini-allinsediamento-del-comando-nato-alla-caserma-predieri\/#primaryimage\",\"url\":\"https:\/\/www.noguerranonato.org\/nocomandonato\/wp-content\/uploads\/sites\/2\/2025\/05\/3.jpg\",\"contentUrl\":\"https:\/\/www.noguerranonato.org\/nocomandonato\/wp-content\/uploads\/sites\/2\/2025\/05\/3.jpg\",\"width\":1024,\"height\":576},{\"@type\":\"BreadcrumbList\",\"@id\":\"https:\/\/www.noguerranonato.org\/nocomandonato\/2025\/05\/05\/sempre-piu-vicini-allinsediamento-del-comando-nato-alla-caserma-predieri\/#breadcrumb\",\"itemListElement\":[{\"@type\":\"ListItem\",\"position\":1,\"name\":\"Home\",\"item\":\"https:\/\/www.noguerranonato.org\/nocomandonato\/\"},{\"@type\":\"ListItem\",\"position\":2,\"name\":\"Sempre pi\u00f9 vicini all\u2019insediamento del Comando NATO alla Caserma Predieri\"}]},{\"@type\":\"WebSite\",\"@id\":\"https:\/\/www.noguerranonato.org\/nocomandonato\/#website\",\"url\":\"https:\/\/www.noguerranonato.org\/nocomandonato\/\",\"name\":\"No Comando NATO, n\u00e9 a Firenze n\u00e9 altrove!\",\"description\":\"\",\"potentialAction\":[{\"@type\":\"SearchAction\",\"target\":{\"@type\":\"EntryPoint\",\"urlTemplate\":\"https:\/\/www.noguerranonato.org\/nocomandonato\/?s={search_term_string}\"},\"query-input\":{\"@type\":\"PropertyValueSpecification\",\"valueRequired\":true,\"valueName\":\"search_term_string\"}}],\"inLanguage\":\"it-IT\"},{\"@type\":\"Person\",\"@id\":\"https:\/\/www.noguerranonato.org\/nocomandonato\/#\/schema\/person\/8fe74d37d01c0e0cdd25e8ad2f31c7bc\",\"name\":\"nocomandonato\",\"url\":\"https:\/\/www.noguerranonato.org\/nocomandonato\/author\/nocomandonato\/\"}]}<\/script>\n<!-- \/ Yoast SEO plugin. -->","yoast_head_json":{"title":"Sempre pi\u00f9 vicini all\u2019insediamento del Comando NATO alla Caserma Predieri - No Comando NATO, n\u00e9 a Firenze n\u00e9 altrove!","robots":{"index":"index","follow":"follow","max-snippet":"max-snippet:-1","max-image-preview":"max-image-preview:large","max-video-preview":"max-video-preview:-1"},"canonical":"https:\/\/www.noguerranonato.org\/nocomandonato\/2025\/05\/05\/sempre-piu-vicini-allinsediamento-del-comando-nato-alla-caserma-predieri\/","og_locale":"it_IT","og_type":"article","og_title":"Sempre pi\u00f9 vicini all\u2019insediamento del Comando NATO alla Caserma Predieri - No Comando NATO, n\u00e9 a Firenze n\u00e9 altrove!","og_description":"Assemblea pubblica urgentemercoled\u00ec 7 maggio alle ore 21.00 presso il Circolo La Loggetta di Varlungo Il Comitato \u201cNO Comando NATO n\u00e9 a Firenze n\u00e9 altrove\u201d lancia l\u2019allarme: l\u2019iter per l\u2019avvio dei lavori relativi alla realizzazione della palazzina del Comando Multinational Division South presso la Caserma Predieri di Rovezzano \u00e8 ormai in fase avanzata.A confermarlo \u00e8&hellip;&nbsp;Leggi tutto &raquo;Sempre pi\u00f9 vicini all\u2019insediamento del Comando NATO alla Caserma Predieri","og_url":"https:\/\/www.noguerranonato.org\/nocomandonato\/2025\/05\/05\/sempre-piu-vicini-allinsediamento-del-comando-nato-alla-caserma-predieri\/","og_site_name":"No Comando NATO, n\u00e9 a Firenze n\u00e9 altrove!","article_published_time":"2025-05-05T18:07:52+00:00","article_modified_time":"2025-05-05T18:08:24+00:00","og_image":[{"width":1024,"height":576,"url":"https:\/\/www.noguerranonato.org\/nocomandonato\/wp-content\/uploads\/sites\/2\/2025\/05\/3.jpg","type":"image\/jpeg"}],"author":"nocomandonato","twitter_card":"summary_large_image","twitter_misc":{"Scritto da":"nocomandonato","Tempo di lettura stimato":"2 minuti"},"schema":{"@context":"https:\/\/schema.org","@graph":[{"@type":"WebPage","@id":"https:\/\/www.noguerranonato.org\/nocomandonato\/2025\/05\/05\/sempre-piu-vicini-allinsediamento-del-comando-nato-alla-caserma-predieri\/","url":"https:\/\/www.noguerranonato.org\/nocomandonato\/2025\/05\/05\/sempre-piu-vicini-allinsediamento-del-comando-nato-alla-caserma-predieri\/","name":"Sempre pi\u00f9 vicini all\u2019insediamento del Comando NATO alla Caserma Predieri - No Comando NATO, n\u00e9 a Firenze n\u00e9 altrove!","isPartOf":{"@id":"https:\/\/www.noguerranonato.org\/nocomandonato\/#website"},"primaryImageOfPage":{"@id":"https:\/\/www.noguerranonato.org\/nocomandonato\/2025\/05\/05\/sempre-piu-vicini-allinsediamento-del-comando-nato-alla-caserma-predieri\/#primaryimage"},"image":{"@id":"https:\/\/www.noguerranonato.org\/nocomandonato\/2025\/05\/05\/sempre-piu-vicini-allinsediamento-del-comando-nato-alla-caserma-predieri\/#primaryimage"},"thumbnailUrl":"https:\/\/www.noguerranonato.org\/nocomandonato\/wp-content\/uploads\/sites\/2\/2025\/05\/3.jpg","datePublished":"2025-05-05T18:07:52+00:00","dateModified":"2025-05-05T18:08:24+00:00","author":{"@id":"https:\/\/www.noguerranonato.org\/nocomandonato\/#\/schema\/person\/8fe74d37d01c0e0cdd25e8ad2f31c7bc"},"breadcrumb":{"@id":"https:\/\/www.noguerranonato.org\/nocomandonato\/2025\/05\/05\/sempre-piu-vicini-allinsediamento-del-comando-nato-alla-caserma-predieri\/#breadcrumb"},"inLanguage":"it-IT","potentialAction":[{"@type":"ReadAction","target":["https:\/\/www.noguerranonato.org\/nocomandonato\/2025\/05\/05\/sempre-piu-vicini-allinsediamento-del-comando-nato-alla-caserma-predieri\/"]}]},{"@type":"ImageObject","inLanguage":"it-IT","@id":"https:\/\/www.noguerranonato.org\/nocomandonato\/2025\/05\/05\/sempre-piu-vicini-allinsediamento-del-comando-nato-alla-caserma-predieri\/#primaryimage","url":"https:\/\/www.noguerranonato.org\/nocomandonato\/wp-content\/uploads\/sites\/2\/2025\/05\/3.jpg","contentUrl":"https:\/\/www.noguerranonato.org\/nocomandonato\/wp-content\/uploads\/sites\/2\/2025\/05\/3.jpg","width":1024,"height":576},{"@type":"BreadcrumbList","@id":"https:\/\/www.noguerranonato.org\/nocomandonato\/2025\/05\/05\/sempre-piu-vicini-allinsediamento-del-comando-nato-alla-caserma-predieri\/#breadcrumb","itemListElement":[{"@type":"ListItem","position":1,"name":"Home","item":"https:\/\/www.noguerranonato.org\/nocomandonato\/"},{"@type":"ListItem","position":2,"name":"Sempre pi\u00f9 vicini all\u2019insediamento del Comando NATO alla Caserma Predieri"}]},{"@type":"WebSite","@id":"https:\/\/www.noguerranonato.org\/nocomandonato\/#website","url":"https:\/\/www.noguerranonato.org\/nocomandonato\/","name":"No Comando NATO, n\u00e9 a Firenze n\u00e9 altrove!","description":"","potentialAction":[{"@type":"SearchAction","target":{"@type":"EntryPoint","urlTemplate":"https:\/\/www.noguerranonato.org\/nocomandonato\/?s={search_term_string}"},"query-input":{"@type":"PropertyValueSpecification","valueRequired":true,"valueName":"search_term_string"}}],"inLanguage":"it-IT"},{"@type":"Person","@id":"https:\/\/www.noguerranonato.org\/nocomandonato\/#\/schema\/person\/8fe74d37d01c0e0cdd25e8ad2f31c7bc","name":"nocomandonato","url":"https:\/\/www.noguerranonato.org\/nocomandonato\/author\/nocomandonato\/"}]}},"_links":{"self":[{"href":"https:\/\/www.noguerranonato.org\/nocomandonato\/wp-json\/wp\/v2\/posts\/258"}],"collection":[{"href":"https:\/\/www.noguerranonato.org\/nocomandonato\/wp-json\/wp\/v2\/posts"}],"about":[{"href":"https:\/\/www.noguerranonato.org\/nocomandonato\/wp-json\/wp\/v2\/types\/post"}],"author":[{"embeddable":true,"href":"https:\/\/www.noguerranonato.org\/nocomandonato\/wp-json\/wp\/v2\/users\/4"}],"replies":[{"embeddable":true,"href":"https:\/\/www.noguerranonato.org\/nocomandonato\/wp-json\/wp\/v2\/comments?post=258"}],"version-history":[{"count":1,"href":"https:\/\/www.noguerranonato.org\/nocomandonato\/wp-json\/wp\/v2\/posts\/258\/revisions"}],"predecessor-version":[{"id":260,"href":"https:\/\/www.noguerranonato.org\/nocomandonato\/wp-json\/wp\/v2\/posts\/258\/revisions\/260"}],"wp:featuredmedia":[{"embeddable":true,"href":"https:\/\/www.noguerranonato.org\/nocomandonato\/wp-json\/wp\/v2\/media\/259"}],"wp:attachment":[{"href":"https:\/\/www.noguerranonato.org\/nocomandonato\/wp-json\/wp\/v2\/media?parent=258"}],"wp:term":[{"taxonomy":"category","embeddable":true,"href":"https:\/\/www.noguerranonato.org\/nocomandonato\/wp-json\/wp\/v2\/categories?post=258"},{"taxonomy":"post_tag","embeddable":true,"href":"https:\/\/www.noguerranonato.org\/nocomandonato\/wp-json\/wp\/v2\/tags?post=258"}],"curies":[{"name":"wp","href":"https:\/\/api.w.org\/{rel}","templated":true}]}}